{"id":53823,"date":"2024-11-25T19:14:55","date_gmt":"2024-11-25T22:14:55","guid":{"rendered":"https:\/\/temucotelevision.cl\/web\/?p=53823"},"modified":"2024-11-25T19:15:00","modified_gmt":"2024-11-25T22:15:00","slug":"final-del-championato-araucania-200-corredores-compitieron-en-parque-cmpc-pumalal","status":"publish","type":"post","link":"https:\/\/temucotelevision.cl\/web\/2024\/11\/25\/final-del-championato-araucania-200-corredores-compitieron-en-parque-cmpc-pumalal\/","title":{"rendered":"Final del Championato Araucan\u00eda: 200 corredores compitieron en Parque CMPC Pumalal"},"content":{"rendered":"<div class=\"pvc_clear\"><\/div><p id=\"pvc_stats_53823\" class=\"pvc_stats total_only  \" data-element-id=\"53823\" style=\"\"><i class=\"pvc-stats-icon large\" aria-hidden=\"true\"><svg aria-hidden=\"true\" focusable=\"false\" data-prefix=\"far\" data-icon=\"chart-bar\" role=\"img\" xmlns=\"http:\/\/www.w3.org\/2000\/svg\" viewBox=\"0 0 512 512\" class=\"svg-inline--fa fa-chart-bar fa-w-16 fa-2x\"><path fill=\"currentColor\" d=\"M396.8 352h22.4c6.4 0 12.8-6.4 12.8-12.8V108.8c0-6.4-6.4-12.8-12.8-12.8h-22.4c-6.4 0-12.8 6.4-12.8 12.8v230.4c0 6.4 6.4 12.8 12.8 12.8zm-192 0h22.4c6.4 0 12.8-6.4 12.8-12.8V140.8c0-6.4-6.4-12.8-12.8-12.8h-22.4c-6.4 0-12.8 6.4-12.8 12.8v198.4c0 6.4 6.4 12.8 12.8 12.8zm96 0h22.4c6.4 0 12.8-6.4 12.8-12.8V204.8c0-6.4-6.4-12.8-12.8-12.8h-22.4c-6.4 0-12.8 6.4-12.8 12.8v134.4c0 6.4 6.4 12.8 12.8 12.8zM496 400H48V80c0-8.84-7.16-16-16-16H16C7.16 64 0 71.16 0 80v336c0 17.67 14.33 32 32 32h464c8.84 0 16-7.16 16-16v-16c0-8.84-7.16-16-16-16zm-387.2-48h22.4c6.4 0 12.8-6.4 12.8-12.8v-70.4c0-6.4-6.4-12.8-12.8-12.8h-22.4c-6.4 0-12.8 6.4-12.8 12.8v70.4c0 6.4 6.4 12.8 12.8 12.8z\" class=\"\"><\/path><\/svg><\/i> <img loading=\"lazy\" decoding=\"async\" width=\"16\" height=\"16\" alt=\"Loading\" src=\"https:\/\/temucotelevision.cl\/web\/wp-content\/plugins\/page-views-count\/ajax-loader-2x.gif\" border=0 \/><\/p><div class=\"pvc_clear\"><\/div>\n<ul class=\"wp-block-list\">\n<li><em>Se cierra la temporada con la final del Championato Araucan\u00eda en Parque CMPC Pumalal. El evento reuni\u00f3 a deportistas y espectadores en un entorno natural \u00fanico, celebrando el talento, la pasi\u00f3n deportiva y el esp\u00edritu que caracteriza a este campeonato.\u00a0<\/em><\/li>\n<\/ul>\n\n\n\n<p>El pasado 16 y 17 noviembre se efectu\u00f3 la tercera y \u00faltima fecha del Championato Regional Araucan\u00eda en Parque CMPC Pumalal, ubicado en Temuco. La competencia, organizada por la productora Champs, consider\u00f3 tres fechas en total, siendo la primera en Parque CMPC Junquillar, ubicado en Angol, y la segunda en Parque CMPC Lastarria, en Loncoche.&nbsp;<\/p>\n\n\n\n<p>La tercera fecha, por su parte, cont\u00f3 con un total de 200 competidores entre categor\u00edas Kids y Downhill y ten\u00eda como objetivo consolidarse como una cita imperdible en la regi\u00f3n, logrando una alta convocatoria. El evento cont\u00f3 con una gran participaci\u00f3n, tanto de ciclistas como de familias completas.<\/p>\n\n\n\n<p>&#8220;Nos pone muy contentos que el Championato haya convocado a m\u00e1s de 200 corredores en su \u00faltima fecha. El Parque CMPC Pumalal, dentro de nuestra red Bosque Vivo, fue pensado para eso: para ser un punto de encuentro masivo del deporte, acompa\u00f1ados de familias y personas de todas las edades en torno a los bosques y el aire libre&#8221;,&nbsp;<strong>coment\u00f3 Juan Pablo Fuentes, subgerente de Relacionamiento Territorial de CMPC.<\/strong><\/p>\n\n\n\n<p><strong>Ganadores<\/strong><\/p>\n\n\n\n<p>El ganador de la jornada fue Hans Pulgar en la categor\u00eda Elite General hombres, y B\u00e1rbara Arriagada en Open mujeres. El evento principal se tom\u00f3 la pista Volcanes del parque, poniendo a prueba no solo la t\u00e9cnica de los pilotos si no tambi\u00e9n su resistencia f\u00edsica.<\/p>\n\n\n\n<p>Hans Pulgar, ganador de la categor\u00eda Elite, destac\u00f3 el crecimiento del campeonato y la calidad del evento: &#8220;la jornada fue espectacular, con un ambiente inmejorable y una gran participaci\u00f3n de ni\u00f1os. El parque luc\u00eda en su mejor momento gracias a la temporada, y la organizaci\u00f3n fue impecable. El campeonato est\u00e1 ganando cada vez m\u00e1s impulso. Como rider, me llena de satisfacci\u00f3n poder disfrutar y compartir estas experiencias con otros pilotos\u201d.&nbsp;<\/p>\n\n\n\n<p>Por su parte, el ganador de la serie M\u00e1ster A, Mart\u00edn Fla\u00f1o, agradeci\u00f3 la carrera y la organizaci\u00f3n, indicando que \u201cParque CMPC Pumalal se luci\u00f3 este fin de semana, una locaci\u00f3n espectacular. CMPC est\u00e1 a la vanguardia del desarrollo de parques para la comunidad, abriendo sus predios para la pr\u00e1ctica del deporte y la vida sana en la naturaleza. Muy agradecido del equipo del parque que ten\u00eda las pistas en \u00f3ptimas condiciones para la carrera y todo el parque impecable. Tambi\u00e9n agradecer a Champs por este gran Championato, que de verdad se la jugaron por sacar adelante un evento de calidad y lo m\u00e1s importante, en un formato para toda la familia, generando un ambiente incre\u00edble para todos. Por \u00faltimo, agradecer al Gobierno Regional de la Araucan\u00eda por apoyar y empujar instancias para el desarrollo del deporte en la regi\u00f3n&#8221;.&nbsp;<\/p>\n\n\n\n<p><strong>Sobre Bosque Vivo CMPC<\/strong><\/p>\n\n\n\n<p>La Red Bosque Vivo de CMPC es un proyecto que pone en valor el importante rol de los bosques en la captura de carbono, la regeneraci\u00f3n de suelos y la creaci\u00f3n de recursos sustentables, como la celulosa y la madera.&nbsp;<\/p>\n\n\n\n<p>Bosque Vivo promueve el uso de estos espacios para la conservaci\u00f3n, el turismo y el disfrute comunitario, contribuyendo al bienestar de las personas y al equilibrio ambiental. Cuenta con cuatro parques: CMPC Junquillar, en Angol; CMPC Pumalal, en Temuco; CMPC Lastarria, en Loncoche; y CMPC El C\u00f3ndor, en Coyhaique.&nbsp;<\/p>\n","protected":false},"excerpt":{"rendered":"<div class=\"pvc_clear\"><\/div>\n<p id=\"pvc_stats_53823\" class=\"pvc_stats total_only  \" data-element-id=\"53823\" style=\"\"><i class=\"pvc-stats-icon large\" aria-hidden=\"true\"><svg aria-hidden=\"true\" focusable=\"false\" data-prefix=\"far\" data-icon=\"chart-bar\" role=\"img\" xmlns=\"http:\/\/www.w3.org\/2000\/svg\" viewBox=\"0 0 512 512\" class=\"svg-inline--fa fa-chart-bar fa-w-16 fa-2x\"><path fill=\"currentColor\" d=\"M396.8 352h22.4c6.4 0 12.8-6.4 12.8-12.8V108.8c0-6.4-6.4-12.8-12.8-12.8h-22.4c-6.4 0-12.8 6.4-12.8 12.8v230.4c0 6.4 6.4 12.8 12.8 12.8zm-192 0h22.4c6.4 0 12.8-6.4 12.8-12.8V140.8c0-6.4-6.4-12.8-12.8-12.8h-22.4c-6.4 0-12.8 6.4-12.8 12.8v198.4c0 6.4 6.4 12.8 12.8 12.8zm96 0h22.4c6.4 0 12.8-6.4 12.8-12.8V204.8c0-6.4-6.4-12.8-12.8-12.8h-22.4c-6.4 0-12.8 6.4-12.8 12.8v134.4c0 6.4 6.4 12.8 12.8 12.8zM496 400H48V80c0-8.84-7.16-16-16-16H16C7.16 64 0 71.16 0 80v336c0 17.67 14.33 32 32 32h464c8.84 0 16-7.16 16-16v-16c0-8.84-7.16-16-16-16zm-387.2-48h22.4c6.4 0 12.8-6.4 12.8-12.8v-70.4c0-6.4-6.4-12.8-12.8-12.8h-22.4c-6.4 0-12.8 6.4-12.8 12.8v70.4c0 6.4 6.4 12.8 12.8 12.8z\" class=\"\"><\/path><\/svg><\/i> <img loading=\"lazy\" decoding=\"async\" width=\"16\" height=\"16\" alt=\"Loading\" src=\"https:\/\/temucotelevision.cl\/web\/wp-content\/plugins\/page-views-count\/ajax-loader-2x.gif\" border=0 \/><\/p>\n<div class=\"pvc_clear\"><\/div>\n<p>El pasado 16 y 17 noviembre se efectu\u00f3 la tercera y \u00faltima fecha del Championato Regional Araucan\u00eda en Parque CMPC<\/p>\n","protected":false},"author":1,"featured_media":53824,"comment_status":"open","ping_status":"open","sticky":false,"template":"","format":"standard","meta":{"colormag_page_container_layout":"default_layout","colormag_page_sidebar_layout":"default_layout","footnotes":""},"categories":[86],"tags":[279],"class_list":["post-53823","post","type-post","status-publish","format-standard","has-post-thumbnail","hentry","category-panoramas","tag-parque"],"a3_pvc":{"activated":true,"total_views":1013,"today_views":1},"_links":{"self":[{"href":"https:\/\/temucotelevision.cl\/web\/wp-json\/wp\/v2\/posts\/53823","targetHints":{"allow":["GET"]}}],"collection":[{"href":"https:\/\/temucotelevision.cl\/web\/wp-json\/wp\/v2\/posts"}],"about":[{"href":"https:\/\/temucotelevision.cl\/web\/wp-json\/wp\/v2\/types\/post"}],"author":[{"embeddable":true,"href":"https:\/\/temucotelevision.cl\/web\/wp-json\/wp\/v2\/users\/1"}],"replies":[{"embeddable":true,"href":"https:\/\/temucotelevision.cl\/web\/wp-json\/wp\/v2\/comments?post=53823"}],"version-history":[{"count":1,"href":"https:\/\/temucotelevision.cl\/web\/wp-json\/wp\/v2\/posts\/53823\/revisions"}],"predecessor-version":[{"id":53825,"href":"https:\/\/temucotelevision.cl\/web\/wp-json\/wp\/v2\/posts\/53823\/revisions\/53825"}],"wp:featuredmedia":[{"embeddable":true,"href":"https:\/\/temucotelevision.cl\/web\/wp-json\/wp\/v2\/media\/53824"}],"wp:attachment":[{"href":"https:\/\/temucotelevision.cl\/web\/wp-json\/wp\/v2\/media?parent=53823"}],"wp:term":[{"taxonomy":"category","embeddable":true,"href":"https:\/\/temucotelevision.cl\/web\/wp-json\/wp\/v2\/categories?post=53823"},{"taxonomy":"post_tag","embeddable":true,"href":"https:\/\/temucotelevision.cl\/web\/wp-json\/wp\/v2\/tags?post=53823"}],"curies":[{"name":"wp","href":"https:\/\/api.w.org\/{rel}","templated":true}]}}