{"id":53817,"date":"2024-11-25T18:55:17","date_gmt":"2024-11-25T21:55:17","guid":{"rendered":"https:\/\/temucotelevision.cl\/web\/?p=53817"},"modified":"2024-11-25T18:55:18","modified_gmt":"2024-11-25T21:55:18","slug":"reduccion-de-gastos-reservados-de-la-subsecretaria-del-interior-a-mil-pesos-pasa-a-comision-mixta","status":"publish","type":"post","link":"https:\/\/temucotelevision.cl\/web\/2024\/11\/25\/reduccion-de-gastos-reservados-de-la-subsecretaria-del-interior-a-mil-pesos-pasa-a-comision-mixta\/","title":{"rendered":"Reducci\u00f3n de gastos reservados de la Subsecretar\u00eda del Interior a mil pesos pasa a Comisi\u00f3n Mixta"},"content":{"rendered":"<div class=\"pvc_clear\"><\/div><p id=\"pvc_stats_53817\" class=\"pvc_stats total_only  \" data-element-id=\"53817\" style=\"\"><i class=\"pvc-stats-icon large\" aria-hidden=\"true\"><svg aria-hidden=\"true\" focusable=\"false\" data-prefix=\"far\" data-icon=\"chart-bar\" role=\"img\" xmlns=\"http:\/\/www.w3.org\/2000\/svg\" viewBox=\"0 0 512 512\" class=\"svg-inline--fa fa-chart-bar fa-w-16 fa-2x\"><path fill=\"currentColor\" d=\"M396.8 352h22.4c6.4 0 12.8-6.4 12.8-12.8V108.8c0-6.4-6.4-12.8-12.8-12.8h-22.4c-6.4 0-12.8 6.4-12.8 12.8v230.4c0 6.4 6.4 12.8 12.8 12.8zm-192 0h22.4c6.4 0 12.8-6.4 12.8-12.8V140.8c0-6.4-6.4-12.8-12.8-12.8h-22.4c-6.4 0-12.8 6.4-12.8 12.8v198.4c0 6.4 6.4 12.8 12.8 12.8zm96 0h22.4c6.4 0 12.8-6.4 12.8-12.8V204.8c0-6.4-6.4-12.8-12.8-12.8h-22.4c-6.4 0-12.8 6.4-12.8 12.8v134.4c0 6.4 6.4 12.8 12.8 12.8zM496 400H48V80c0-8.84-7.16-16-16-16H16C7.16 64 0 71.16 0 80v336c0 17.67 14.33 32 32 32h464c8.84 0 16-7.16 16-16v-16c0-8.84-7.16-16-16-16zm-387.2-48h22.4c6.4 0 12.8-6.4 12.8-12.8v-70.4c0-6.4-6.4-12.8-12.8-12.8h-22.4c-6.4 0-12.8 6.4-12.8 12.8v70.4c0 6.4 6.4 12.8 12.8 12.8z\" class=\"\"><\/path><\/svg><\/i> <img loading=\"lazy\" decoding=\"async\" width=\"16\" height=\"16\" alt=\"Loading\" src=\"https:\/\/temucotelevision.cl\/web\/wp-content\/plugins\/page-views-count\/ajax-loader-2x.gif\" border=0 \/><\/p><div class=\"pvc_clear\"><\/div>\n<p><em>La iniciativa de los parlamentarios dem\u00f3cratas pas\u00f3 a comisi\u00f3n mixta de presupuesto, con el objetivo de que el gobierno transparente el uso de los gastos reservados de dicha subsecretar\u00eda, en el marco de la investigaci\u00f3n del caso Monsalve.<\/em><\/p>\n\n\n\n<p>A ra\u00edz de la investigaci\u00f3n que se lleva a cabo por el caso Monsalve, donde se indaga el posible mal uso de los gastos reservados por parte del ex subsecretario del Interior, la iniciativa de los parlamentarios de la bancada Dem\u00f3cratas, que busca reducir el actual monto de dichos gastos de 500 millones a mil pesos, se revisar\u00e1 en la comisi\u00f3n mixta de presupuesto.<\/p>\n\n\n\n<p>La Ministra del Interior no se ha hecho cargo del eventual mal uso de estos gastos reservados, y es m\u00e1s, rid\u00edculamente escuchamos en la comisi\u00f3n investigadora que el propio ex subsecretario desde el recinto penitenciario va a tener que hacer la rendici\u00f3n de los gastos reservados. Por eso nuestra bancada pidi\u00f3 rebajar de 500 millones a mil pesos los gastos reservados, indicaci\u00f3n que hemos repuesto hoy en la c\u00e1mara para que pase a la comisi\u00f3n mixta\u201d, se\u00f1al\u00f3 la jefa de bancada Dem\u00f3cratas, Joanna P\u00e9rez.&nbsp;<\/p>\n\n\n\n<p>Adem\u00e1s agreg\u00f3 \u201cmientras este gobierno no esclarezca esta situaci\u00f3n, insistiremos en no entregar un cheque en blanco para los gastos reservados de la Subsecretar\u00eda del Interior. Necesitamos conocer en que se utilizar\u00e1n estos recursos y que el uso de ellos, no est\u00e9 nuevamente en tela de juicio\u201d.&nbsp;<\/p>\n\n\n\n<p>Asimismo, la diputada Erika Olivera agreg\u00f3: \u201cNo podemos permitir el mal uso de los recursos p\u00fablicos en actividades contrarias a la ley o ajenas a las funciones propias de los subsecretarios. Por lo que, como bancada Dem\u00f3cratas, hemos decidido revertir la decisi\u00f3n del Senado y valoramos que la reducci\u00f3n de los gastos reservados pase a comisi\u00f3n mixta\u201d.&nbsp;<\/p>\n\n\n\n<p>Por su parte del diputado Miguel Angel Calisto a\u00f1adi\u00f3 \u201cen materia de gastos reservados tenemos que ser extremadamente exigentes y rigurosos, sobre todo frente a los hechos que hemos conocido donde un Subsecretario gasta recursos de los impuestos de todos los chilenos, los que deben ser bien ocupados y tienen que estar bajo un marco que determine y que justifique el gasto\u201d.&nbsp;<\/p>\n\n\n\n<p>Finalmente el parlamentario sentenci\u00f3 \u201cno se justifica que todas las autoridades de los ministerios relacionados con la seguridad, tanto la Ministra del Interior, el propio Presidente de la Rep\u00fablica y autoridades de las polic\u00edas tengan gastos reservados si no sabemos realmente para qu\u00e9 se ocupan, por lo que hemos decidido revertir la decisi\u00f3n del Senado\u201d.<\/p>\n","protected":false},"excerpt":{"rendered":"<div class=\"pvc_clear\"><\/div>\n<p id=\"pvc_stats_53817\" class=\"pvc_stats total_only  \" data-element-id=\"53817\" style=\"\"><i class=\"pvc-stats-icon large\" aria-hidden=\"true\"><svg aria-hidden=\"true\" focusable=\"false\" data-prefix=\"far\" data-icon=\"chart-bar\" role=\"img\" xmlns=\"http:\/\/www.w3.org\/2000\/svg\" viewBox=\"0 0 512 512\" class=\"svg-inline--fa fa-chart-bar fa-w-16 fa-2x\"><path fill=\"currentColor\" d=\"M396.8 352h22.4c6.4 0 12.8-6.4 12.8-12.8V108.8c0-6.4-6.4-12.8-12.8-12.8h-22.4c-6.4 0-12.8 6.4-12.8 12.8v230.4c0 6.4 6.4 12.8 12.8 12.8zm-192 0h22.4c6.4 0 12.8-6.4 12.8-12.8V140.8c0-6.4-6.4-12.8-12.8-12.8h-22.4c-6.4 0-12.8 6.4-12.8 12.8v198.4c0 6.4 6.4 12.8 12.8 12.8zm96 0h22.4c6.4 0 12.8-6.4 12.8-12.8V204.8c0-6.4-6.4-12.8-12.8-12.8h-22.4c-6.4 0-12.8 6.4-12.8 12.8v134.4c0 6.4 6.4 12.8 12.8 12.8zM496 400H48V80c0-8.84-7.16-16-16-16H16C7.16 64 0 71.16 0 80v336c0 17.67 14.33 32 32 32h464c8.84 0 16-7.16 16-16v-16c0-8.84-7.16-16-16-16zm-387.2-48h22.4c6.4 0 12.8-6.4 12.8-12.8v-70.4c0-6.4-6.4-12.8-12.8-12.8h-22.4c-6.4 0-12.8 6.4-12.8 12.8v70.4c0 6.4 6.4 12.8 12.8 12.8z\" class=\"\"><\/path><\/svg><\/i> <img loading=\"lazy\" decoding=\"async\" width=\"16\" height=\"16\" alt=\"Loading\" src=\"https:\/\/temucotelevision.cl\/web\/wp-content\/plugins\/page-views-count\/ajax-loader-2x.gif\" border=0 \/><\/p>\n<div class=\"pvc_clear\"><\/div>\n<p>La iniciativa de los parlamentarios dem\u00f3cratas pas\u00f3 a comisi\u00f3n mixta de presupuesto, con el objetivo de que el gobierno transparente<\/p>\n","protected":false},"author":1,"featured_media":53818,"comment_status":"open","ping_status":"open","sticky":false,"template":"","format":"standard","meta":{"colormag_page_container_layout":"default_layout","colormag_page_sidebar_layout":"default_layout","footnotes":""},"categories":[84],"tags":[7172],"class_list":["post-53817","post","type-post","status-publish","format-standard","has-post-thumbnail","hentry","category-politica","tag-gastos-reservados"],"a3_pvc":{"activated":true,"total_views":855,"today_views":0},"_links":{"self":[{"href":"https:\/\/temucotelevision.cl\/web\/wp-json\/wp\/v2\/posts\/53817","targetHints":{"allow":["GET"]}}],"collection":[{"href":"https:\/\/temucotelevision.cl\/web\/wp-json\/wp\/v2\/posts"}],"about":[{"href":"https:\/\/temucotelevision.cl\/web\/wp-json\/wp\/v2\/types\/post"}],"author":[{"embeddable":true,"href":"https:\/\/temucotelevision.cl\/web\/wp-json\/wp\/v2\/users\/1"}],"replies":[{"embeddable":true,"href":"https:\/\/temucotelevision.cl\/web\/wp-json\/wp\/v2\/comments?post=53817"}],"version-history":[{"count":1,"href":"https:\/\/temucotelevision.cl\/web\/wp-json\/wp\/v2\/posts\/53817\/revisions"}],"predecessor-version":[{"id":53819,"href":"https:\/\/temucotelevision.cl\/web\/wp-json\/wp\/v2\/posts\/53817\/revisions\/53819"}],"wp:featuredmedia":[{"embeddable":true,"href":"https:\/\/temucotelevision.cl\/web\/wp-json\/wp\/v2\/media\/53818"}],"wp:attachment":[{"href":"https:\/\/temucotelevision.cl\/web\/wp-json\/wp\/v2\/media?parent=53817"}],"wp:term":[{"taxonomy":"category","embeddable":true,"href":"https:\/\/temucotelevision.cl\/web\/wp-json\/wp\/v2\/categories?post=53817"},{"taxonomy":"post_tag","embeddable":true,"href":"https:\/\/temucotelevision.cl\/web\/wp-json\/wp\/v2\/tags?post=53817"}],"curies":[{"name":"wp","href":"https:\/\/api.w.org\/{rel}","templated":true}]}}