{"id":53812,"date":"2024-11-25T18:43:16","date_gmt":"2024-11-25T21:43:16","guid":{"rendered":"https:\/\/temucotelevision.cl\/web\/?p=53812"},"modified":"2024-11-25T18:43:17","modified_gmt":"2024-11-25T21:43:17","slug":"si-es-violencia-no-la-hagas-viral-ministerio-de-la-mujer-lanza-campana-anual-de-sensibilizacion-con-foco-en-juventudes","status":"publish","type":"post","link":"https:\/\/temucotelevision.cl\/web\/2024\/11\/25\/si-es-violencia-no-la-hagas-viral-ministerio-de-la-mujer-lanza-campana-anual-de-sensibilizacion-con-foco-en-juventudes\/","title":{"rendered":"Si es violencia, no la hagas viral: Ministerio de la Mujer lanza campa\u00f1a anual de sensibilizaci\u00f3n con foco en juventudes"},"content":{"rendered":"<div class=\"pvc_clear\"><\/div><p id=\"pvc_stats_53812\" class=\"pvc_stats total_only  \" data-element-id=\"53812\" style=\"\"><i class=\"pvc-stats-icon large\" aria-hidden=\"true\"><svg aria-hidden=\"true\" focusable=\"false\" data-prefix=\"far\" data-icon=\"chart-bar\" role=\"img\" xmlns=\"http:\/\/www.w3.org\/2000\/svg\" viewBox=\"0 0 512 512\" class=\"svg-inline--fa fa-chart-bar fa-w-16 fa-2x\"><path fill=\"currentColor\" d=\"M396.8 352h22.4c6.4 0 12.8-6.4 12.8-12.8V108.8c0-6.4-6.4-12.8-12.8-12.8h-22.4c-6.4 0-12.8 6.4-12.8 12.8v230.4c0 6.4 6.4 12.8 12.8 12.8zm-192 0h22.4c6.4 0 12.8-6.4 12.8-12.8V140.8c0-6.4-6.4-12.8-12.8-12.8h-22.4c-6.4 0-12.8 6.4-12.8 12.8v198.4c0 6.4 6.4 12.8 12.8 12.8zm96 0h22.4c6.4 0 12.8-6.4 12.8-12.8V204.8c0-6.4-6.4-12.8-12.8-12.8h-22.4c-6.4 0-12.8 6.4-12.8 12.8v134.4c0 6.4 6.4 12.8 12.8 12.8zM496 400H48V80c0-8.84-7.16-16-16-16H16C7.16 64 0 71.16 0 80v336c0 17.67 14.33 32 32 32h464c8.84 0 16-7.16 16-16v-16c0-8.84-7.16-16-16-16zm-387.2-48h22.4c6.4 0 12.8-6.4 12.8-12.8v-70.4c0-6.4-6.4-12.8-12.8-12.8h-22.4c-6.4 0-12.8 6.4-12.8 12.8v70.4c0 6.4 6.4 12.8 12.8 12.8z\" class=\"\"><\/path><\/svg><\/i> <img loading=\"lazy\" decoding=\"async\" width=\"16\" height=\"16\" alt=\"Loading\" src=\"https:\/\/temucotelevision.cl\/web\/wp-content\/plugins\/page-views-count\/ajax-loader-2x.gif\" border=0 \/><\/p><div class=\"pvc_clear\"><\/div>\n<p>Cada 25 de noviembre se conmemora el D\u00eda Internacional de la Eliminaci\u00f3n de la Violencia contra las Mujeres y en este contexto, este lunes la ministra de la Mujer y la Equidad de G\u00e9nero, Antonia Orellana, lanz\u00f3 desde el Centro Cultural de Valpara\u00edso (ex c\u00e1rcel) la campa\u00f1a anual de sensibilizaci\u00f3n y concientizaci\u00f3n, la que est\u00e1 especialmente dirigida a las y los j\u00f3venes, grupo etario en que se ha evidenciado una agudizaci\u00f3n de la violencia de g\u00e9nero y donde la prevenci\u00f3n es fundamental.&nbsp;<\/p>\n\n\n\n<p>En la regi\u00f3n de La Araucan\u00eda, la actividad se llev\u00f3 a cabo en el Centro Cultural de la Municipalidad de Padre Las Casas, en una alianza entre el Municipio, La Seremi de la Mujer y la Equidad de G\u00e9nero, Junto a Seremi de Desarrollo Social y Familia, INJUV y SernamEG. En la actividad, participaron m\u00e1s de 100 personas, y cont\u00f3 con la presencia de autoridades regionales, entre ellas el Delegado Presidencial, Eduardo Abdala, Seremi de Gobierno, Ver\u00f3nica L\u00f3pez-Videla, Alcalde de Padre Las Casas, Mario Gonz\u00e1lez Rebolledo, Seremi de la Mujer y la equidad de g\u00e9nero, Sol Kaechele Mellado, Seremi de Desarrollo Social y Familia, Mariela Huillipan Pe\u00f1a, entre otros, as\u00ed como integrantes de la sociedad civil, agrupaciones feministas y j\u00f3venes.&nbsp;<\/p>\n\n\n\n<p>\u201cComo Gobierno, liderado por el Presidente Gabriel Boric, tenemos un compromiso claro con las mujeres, ni\u00f1as y adolescentes, para avanzar en vidas libres de todo tipo de violencias. Hoy, en este d\u00eda de conmemoraci\u00f3n se re\u00fane la institucionalidad p\u00fablica y la sociedad civil, para participar del lanzamiento de la campa\u00f1a que estar\u00e1 vigente hasta noviembre de 2025 y que tiene un \u00e9nfasis en la poblaci\u00f3n joven, pero que tambi\u00e9n busca que todas, todos y todes nos sumemos a la erradicaci\u00f3n de la violencia de g\u00e9nero, desde nuestros distintos espacios\u201d, indic\u00f3 la Seremi de la Mujer y la Equidad de G\u00e9nero, Sol Kaechele Mellado.&nbsp;<\/p>\n\n\n\n<p>La presentaci\u00f3n de la campa\u00f1a 2024:&nbsp;<em><strong>\u201cSi es Violencia, No la Hagas Viral<\/strong><\/em>\u201d, tambi\u00e9n incluy\u00f3, a nivel local, un reconocimiento a 11 j\u00f3venes de La Araucan\u00eda, por su destacada trayectoria en la promoci\u00f3n de vidas libres de violencias de g\u00e9nero. Las personas reconocidas fueron: Alondra Montenegro Carrasco, Valentina Soto Caico, Sevastian Garrido Riquelme, Ignacia Bustamante Cerda, Fernanda Castro Agurto, Ana\u00eds Olivares Carrasco, Isa\u00ed Mill\u00e1n Mu\u00f1oz, Camila Hern\u00e1ndez Soto, Catalina Cuevas Matamala, Fernanda Venegas Pasmi\u00f1o, Martina Beltr\u00e1n mu\u00f1oz. \u201cLos j\u00f3venes nos han dicho mucho, respecto de sus preocupaciones en torno al aumento de acoso sexual, la violencia en el pololeo, as\u00ed como el ciberacoso. Como Gobierno no nos queremos quedar solamente en la problem\u00e1tica, sino en la importancia que tienen hoy los j\u00f3venes como agentes de cambio\u201d, puntualiz\u00f3 la Seremi de Desarrollo Social y Familia, Mariela Huillipan Pe\u00f1a.&nbsp;<\/p>\n\n\n\n<p>La&nbsp;campa\u00f1a del Ministerio de la Mujer hace un llamado urgente a no normalizar la violencia. En ella se plantea que hay muchas situaciones que pueden parecer normales entre las y los j\u00f3venes, pero son expresiones de violencia de g\u00e9nero y para terminar con ellas, deben ser identificadas como tal.&nbsp;<\/p>\n\n\n\n<p>Asimismo, se insiste en el llamado a acompa\u00f1ar, intervenir, interpelar y denunciar al 133 o 149 de Carabineros y el 134 de la PDI, y se informan los canales de orientaci\u00f3n, como el 1455 de SernamEG, disponible para mujeres mayores de 18 a\u00f1os.&nbsp;<\/p>\n\n\n\n<p>Al igual que la campa\u00f1a del a\u00f1o 2023, este a\u00f1o se realiz\u00f3 un proceso participativo que nutri\u00f3 su dise\u00f1o, en el que participaron tambi\u00e9n estudiantes de ense\u00f1anza media de La Araucan\u00eda, pertenecientes a establecimientos de SLEP Costa Araucan\u00eda. Dentro de estos grupos focales surgieron distintos temas, como las expresiones de violencia de g\u00e9nero que las personas j\u00f3venes consideran m\u00e1s comunes a su edad, por ejemplo, la violencia en el pololeo, el acoso en el espacio p\u00fablico, el ciberacoso y la violencia en espacios digitales.&nbsp;<\/p>\n\n\n\n<p>Durante la actividad, la directora regional de SernamEG, Susana Aguilera, enfatiz\u00f3 la importancia de denunciar y tambi\u00e9n el compromiso presidencial de inaugurar Centros de Atenci\u00f3n Especializada en Violencias de G\u00e9nero en todas las regiones del pa\u00eds, destacando que La Araucan\u00eda cuenta con dos de estos dispositivos, uno en cada provincia.&nbsp;<\/p>\n\n\n\n<p><strong>Chile para todas: avances en la eliminaci\u00f3n de la violencia de g\u00e9nero<\/strong><\/p>\n\n\n\n<p>La agenda de Gobierno&nbsp;<strong>\u201cChile para Todas\u201d&nbsp;<\/strong>ha impulsado importantes avances para garantizar el derecho de todas las ni\u00f1as y mujeres a vivir vidas libres de violencia. En el \u00e1mbito legislativo, se encuentran la&nbsp;<strong>Ley Integral para prevenir, sancionar y erradicar la violencia contra las mujeres<\/strong>, aprobada despu\u00e9s de 7 a\u00f1os de tramitaci\u00f3n, la que mandata a los distintos poderes del Estado a implementar distintas medidas para su prevenci\u00f3n y sanci\u00f3n. Tambi\u00e9n con la&nbsp;<strong>Ley Antonia<\/strong>, que protege los derechos de las v\u00edctimas de delitos sexuales en los procesos judiciales, busca evitar su revictimizaci\u00f3n, adem\u00e1s de tipificar el suicidio femicida y la inducci\u00f3n al suicidio; y la&nbsp;<strong>ley de reparaci\u00f3n a v\u00edctimas de femicidio y sus familias<\/strong>&nbsp;que, entre otras dimensiones, ha permitido entregar 133 pensiones a ni\u00f1os, ni\u00f1as y adolescentes que han sufrido el femicidio de sus madres.&nbsp;<\/p>\n\n\n\n<p>En el marco de esta agenda tambi\u00e9n se ingresaron las&nbsp;<strong>agresiones sexuales agudas a las Garant\u00edas Expl\u00edcitas de Salud (GES)<\/strong>, permitiendo la atenci\u00f3n integral y oportuna de las mujeres que sufren este tipo de violencia; y se han fortalecido las unidades cl\u00ednico-forenses en todos los hospitales base, para que, desde las primeras horas, tanto la acogida como la posibilidad de prueba fortalezcan las posibilidades de la v\u00edctima.<\/p>\n\n\n\n<p>Asimismo, se inici\u00f3 un proceso de&nbsp;<strong>modernizaci\u00f3n de SernamEG<\/strong>&nbsp;que ha permitido, en un a\u00f1o, casi quintuplicar el n\u00famero de representaciones jur\u00eddicas a mujeres v\u00edctimas de violencia; y mejorar las atenciones especializadas que se han entregado, a nivel nacional, a cerca de 13 mil mujeres,&nbsp;adem\u00e1s de la orientaci\u00f3n en violencias de g\u00e9nero que se ha entregado a m\u00e1s de 108 mil personas trav\u00e9s del Programa de Atenci\u00f3n Inicial del servicio.&nbsp;<\/p>\n\n\n\n<p>En el marco de este proceso de modernizaci\u00f3n, tambi\u00e9n se ha pasado de tres a&nbsp;<strong>23 Centros de Atenci\u00f3n Especializada en Violencias de G\u00e9nero<\/strong>&nbsp;en todo el pa\u00eds (CAEVG), dos de ellos en LA Araucan\u00eda. Con la pr\u00f3xima inauguraci\u00f3n del CAEVG de \u00d1uble, se dar\u00e1 cumplimiento al compromiso presidencial de contar con al menos uno de ellos en cada regi\u00f3n del pa\u00eds. Estos centros entregan atenci\u00f3n especializada e integral -jur\u00eddica, psicol\u00f3gica, psiqui\u00e1trica y social- a las mujeres v\u00edctimas de violencia de g\u00e9nero.&nbsp;<\/p>\n\n\n\n<p>A esto se suman avances en la autonom\u00eda econ\u00f3mica de las mujeres, una de las dimensiones m\u00e1s importantes para prevenir la violencia de g\u00e9nero. En este \u00e1mbito se encuentra la nueva institucionalidad para el&nbsp;<strong>pago efectivo de pensiones alimenticias<\/strong>, la recuperaci\u00f3n de la&nbsp;<strong>tasa de participaci\u00f3n laboral femenina<\/strong>&nbsp;luego de la fuerte afectaci\u00f3n provocada por la pandemia, las leyes de&nbsp;<strong>Conciliaci\u00f3n de la vida personal, familiar y laboral,&nbsp;<\/strong>la reducci\u00f3n de la jornada laboral a&nbsp;<strong>40 horas<\/strong>&nbsp;y la&nbsp;<strong>Ley Karin<\/strong>&nbsp;para prevenir y abordar la violencia en espacios laborales.&nbsp;<\/p>\n\n\n\n<div class=\"wp-block-media-text is-stacked-on-mobile\"><figure class=\"wp-block-media-text__media\"><img loading=\"lazy\" decoding=\"async\" width=\"1000\" height=\"750\" src=\"https:\/\/temucotelevision.cl\/web\/wp-content\/uploads\/2024\/11\/Campana-Violencia2-1-1000x750.jpg\" alt=\"\" class=\"wp-image-53815 size-full\" srcset=\"https:\/\/temucotelevision.cl\/web\/wp-content\/uploads\/2024\/11\/Campana-Violencia2-1-1000x750.jpg 1000w, https:\/\/temucotelevision.cl\/web\/wp-content\/uploads\/2024\/11\/Campana-Violencia2-1-768x576.jpg 768w, https:\/\/temucotelevision.cl\/web\/wp-content\/uploads\/2024\/11\/Campana-Violencia2-1-1536x1152.jpg 1536w, https:\/\/temucotelevision.cl\/web\/wp-content\/uploads\/2024\/11\/Campana-Violencia2-1.jpg 2048w\" sizes=\"auto, (max-width: 1000px) 100vw, 1000px\" \/><\/figure><div class=\"wp-block-media-text__content\">\n<p>Para seguir avanzando en eliminar la violencia y la discriminaci\u00f3n contra las mujeres, el Gobierno impulsa la aprobaci\u00f3n de importantes iniciativas que se discuten actualmente en el Congreso, como el proyecto de ley de violencia digital; la iniciativa que proh\u00edbe el porte y tenencia de armas de fuego a personas en proceso o condenadas por violencia intrafamiliar; el proyecto de equidad salarial, la modificaci\u00f3n del r\u00e9gimen de sociedad conyugal y la reforma de pensiones.\u00a0<\/p>\n<\/div><\/div>\n\n\n\n<p>Revisa la campa\u00f1a <a href=\"https:\/\/minmujeryeg.gob.cl\/nolahagasviral\/\" data-type=\"link\" data-id=\"https:\/\/minmujeryeg.gob.cl\/nolahagasviral\/\">aqu\u00ed<\/a><\/p>\n\n\n\n<p><\/p>\n","protected":false},"excerpt":{"rendered":"<div class=\"pvc_clear\"><\/div>\n<p id=\"pvc_stats_53812\" class=\"pvc_stats total_only  \" data-element-id=\"53812\" style=\"\"><i class=\"pvc-stats-icon large\" aria-hidden=\"true\"><svg aria-hidden=\"true\" focusable=\"false\" data-prefix=\"far\" data-icon=\"chart-bar\" role=\"img\" xmlns=\"http:\/\/www.w3.org\/2000\/svg\" viewBox=\"0 0 512 512\" class=\"svg-inline--fa fa-chart-bar fa-w-16 fa-2x\"><path fill=\"currentColor\" d=\"M396.8 352h22.4c6.4 0 12.8-6.4 12.8-12.8V108.8c0-6.4-6.4-12.8-12.8-12.8h-22.4c-6.4 0-12.8 6.4-12.8 12.8v230.4c0 6.4 6.4 12.8 12.8 12.8zm-192 0h22.4c6.4 0 12.8-6.4 12.8-12.8V140.8c0-6.4-6.4-12.8-12.8-12.8h-22.4c-6.4 0-12.8 6.4-12.8 12.8v198.4c0 6.4 6.4 12.8 12.8 12.8zm96 0h22.4c6.4 0 12.8-6.4 12.8-12.8V204.8c0-6.4-6.4-12.8-12.8-12.8h-22.4c-6.4 0-12.8 6.4-12.8 12.8v134.4c0 6.4 6.4 12.8 12.8 12.8zM496 400H48V80c0-8.84-7.16-16-16-16H16C7.16 64 0 71.16 0 80v336c0 17.67 14.33 32 32 32h464c8.84 0 16-7.16 16-16v-16c0-8.84-7.16-16-16-16zm-387.2-48h22.4c6.4 0 12.8-6.4 12.8-12.8v-70.4c0-6.4-6.4-12.8-12.8-12.8h-22.4c-6.4 0-12.8 6.4-12.8 12.8v70.4c0 6.4 6.4 12.8 12.8 12.8z\" class=\"\"><\/path><\/svg><\/i> <img loading=\"lazy\" decoding=\"async\" width=\"16\" height=\"16\" alt=\"Loading\" src=\"https:\/\/temucotelevision.cl\/web\/wp-content\/plugins\/page-views-count\/ajax-loader-2x.gif\" border=0 \/><\/p>\n<div class=\"pvc_clear\"><\/div>\n<p>Cada 25 de noviembre se conmemora el D\u00eda Internacional de la Eliminaci\u00f3n de la Violencia contra las Mujeres y en<\/p>\n","protected":false},"author":1,"featured_media":53813,"comment_status":"open","ping_status":"open","sticky":false,"template":"","format":"standard","meta":{"colormag_page_container_layout":"default_layout","colormag_page_sidebar_layout":"default_layout","footnotes":""},"categories":[15],"tags":[532],"class_list":["post-53812","post","type-post","status-publish","format-standard","has-post-thumbnail","hentry","category-la-araucania","tag-campana"],"a3_pvc":{"activated":true,"total_views":2581,"today_views":0},"_links":{"self":[{"href":"https:\/\/temucotelevision.cl\/web\/wp-json\/wp\/v2\/posts\/53812","targetHints":{"allow":["GET"]}}],"collection":[{"href":"https:\/\/temucotelevision.cl\/web\/wp-json\/wp\/v2\/posts"}],"about":[{"href":"https:\/\/temucotelevision.cl\/web\/wp-json\/wp\/v2\/types\/post"}],"author":[{"embeddable":true,"href":"https:\/\/temucotelevision.cl\/web\/wp-json\/wp\/v2\/users\/1"}],"replies":[{"embeddable":true,"href":"https:\/\/temucotelevision.cl\/web\/wp-json\/wp\/v2\/comments?post=53812"}],"version-history":[{"count":1,"href":"https:\/\/temucotelevision.cl\/web\/wp-json\/wp\/v2\/posts\/53812\/revisions"}],"predecessor-version":[{"id":53816,"href":"https:\/\/temucotelevision.cl\/web\/wp-json\/wp\/v2\/posts\/53812\/revisions\/53816"}],"wp:featuredmedia":[{"embeddable":true,"href":"https:\/\/temucotelevision.cl\/web\/wp-json\/wp\/v2\/media\/53813"}],"wp:attachment":[{"href":"https:\/\/temucotelevision.cl\/web\/wp-json\/wp\/v2\/media?parent=53812"}],"wp:term":[{"taxonomy":"category","embeddable":true,"href":"https:\/\/temucotelevision.cl\/web\/wp-json\/wp\/v2\/categories?post=53812"},{"taxonomy":"post_tag","embeddable":true,"href":"https:\/\/temucotelevision.cl\/web\/wp-json\/wp\/v2\/tags?post=53812"}],"curies":[{"name":"wp","href":"https:\/\/api.w.org\/{rel}","templated":true}]}}