{"id":53809,"date":"2024-11-25T18:32:36","date_gmt":"2024-11-25T21:32:36","guid":{"rendered":"https:\/\/temucotelevision.cl\/web\/?p=53809"},"modified":"2024-11-25T18:32:37","modified_gmt":"2024-11-25T21:32:37","slug":"diputado-mellado-y-declaraciones-de-ministra-toha-en-comision-tiene-gran-responsabilidad-politica-no-se-protegio-a-la-victima-inmediato-y-el-gobierno-lo-reconoce-tarde","status":"publish","type":"post","link":"https:\/\/temucotelevision.cl\/web\/2024\/11\/25\/diputado-mellado-y-declaraciones-de-ministra-toha-en-comision-tiene-gran-responsabilidad-politica-no-se-protegio-a-la-victima-inmediato-y-el-gobierno-lo-reconoce-tarde\/","title":{"rendered":"Diputado Mellado y declaraciones de ministra Toh\u00e1 en comisi\u00f3n: \u201ctiene gran responsabilidad pol\u00edtica, no se protegi\u00f3 a la v\u00edctima inmediato y el gobierno lo reconoce tarde\u201d"},"content":{"rendered":"<div class=\"pvc_clear\"><\/div><p id=\"pvc_stats_53809\" class=\"pvc_stats total_only  \" data-element-id=\"53809\" style=\"\"><i class=\"pvc-stats-icon large\" aria-hidden=\"true\"><svg aria-hidden=\"true\" focusable=\"false\" data-prefix=\"far\" data-icon=\"chart-bar\" role=\"img\" xmlns=\"http:\/\/www.w3.org\/2000\/svg\" viewBox=\"0 0 512 512\" class=\"svg-inline--fa fa-chart-bar fa-w-16 fa-2x\"><path fill=\"currentColor\" d=\"M396.8 352h22.4c6.4 0 12.8-6.4 12.8-12.8V108.8c0-6.4-6.4-12.8-12.8-12.8h-22.4c-6.4 0-12.8 6.4-12.8 12.8v230.4c0 6.4 6.4 12.8 12.8 12.8zm-192 0h22.4c6.4 0 12.8-6.4 12.8-12.8V140.8c0-6.4-6.4-12.8-12.8-12.8h-22.4c-6.4 0-12.8 6.4-12.8 12.8v198.4c0 6.4 6.4 12.8 12.8 12.8zm96 0h22.4c6.4 0 12.8-6.4 12.8-12.8V204.8c0-6.4-6.4-12.8-12.8-12.8h-22.4c-6.4 0-12.8 6.4-12.8 12.8v134.4c0 6.4 6.4 12.8 12.8 12.8zM496 400H48V80c0-8.84-7.16-16-16-16H16C7.16 64 0 71.16 0 80v336c0 17.67 14.33 32 32 32h464c8.84 0 16-7.16 16-16v-16c0-8.84-7.16-16-16-16zm-387.2-48h22.4c6.4 0 12.8-6.4 12.8-12.8v-70.4c0-6.4-6.4-12.8-12.8-12.8h-22.4c-6.4 0-12.8 6.4-12.8 12.8v70.4c0 6.4 6.4 12.8 12.8 12.8z\" class=\"\"><\/path><\/svg><\/i> <img loading=\"lazy\" decoding=\"async\" width=\"16\" height=\"16\" alt=\"Loading\" src=\"https:\/\/temucotelevision.cl\/web\/wp-content\/plugins\/page-views-count\/ajax-loader-2x.gif\" border=0 \/><\/p><div class=\"pvc_clear\"><\/div>\n<p><em>La ministra del Interior, Carolina Toh\u00e1, fue la primera en ser citada y este lunes particip\u00f3 en la sesi\u00f3n desarrollada en el excongreso nacional en Santiago. Para la pr\u00f3xima semana se citar\u00e1n a funcionarios como jefes de gabinetes para continuar con el mandato de determinar responsabilidades pol\u00edticas en el denominado \u201ccaso Monsalve\u201d.<\/em><\/p>\n\n\n\n<p>Este lunes a las 10:30 se realiz\u00f3 la primera sesi\u00f3n de la Comisi\u00f3n Investigadora por el \u201ccaso Monsalve\u201d donde los diputados integrantes de la instancia recibieron a la ministra del Interior, Carolina Toh\u00e1, quien fue citada por los congresistas para conocer su versi\u00f3n ante los hechos que han sido p\u00fablicos y donde, el diputado y presidente de la comisi\u00f3n, Miguel Mellado, dijo que \u201cla v\u00edctima no fue protegida de inmediato pero s\u00ed al victimario\u201d.<\/p>\n\n\n\n<p>La sesi\u00f3n dur\u00f3 al rededor de dos horas, tiempo en que la ministra respondi\u00f3 las inquietudes de los congresistas, dando a conocer detalles de lo ocurrido y tambi\u00e9n confirmando que, a su juicio, el ex subsecretario Manuel Monsalve, debi\u00f3 haber dejado su cargo desde el primer minuto; haciendo un mea culpa de errores cometidos en esta grave crisis que enfrenta el Gobierno.&nbsp;&nbsp;<\/p>\n\n\n\n<p>En este sentido, el diputado Miguel Mellado dijo que \u201cella tuvo todo el tiempo del mundo para responder todas las inquietudes de todos los parlamentarios de la comisi\u00f3n\u201d, sin embargo, Mellado agreg\u00f3 que, en el Gobierno \u201cactuaron mal, actuaron tarde, no protegieron a la v\u00edctima, y despu\u00e9s de un mes, reci\u00e9n, comienzan a tomar el toro por las astas\u201d.&nbsp;<\/p>\n\n\n\n<p>Respecto a lo indicado por la ministra Toh\u00e1, Mellado cuestion\u00f3 \u201cpor qu\u00e9 esperaron el jueves, para sentarse junto a Monsalve en comisi\u00f3n del Congreso para que despu\u00e9s de eso le dijeran que ten\u00eda que renunciar ya que sali\u00f3 en La Segunda. Aqu\u00ed hay una protecci\u00f3n por parte de la ministra. Si ella dijo que ten\u00edan la decisi\u00f3n tomada, no sabemos por qu\u00e9 raz\u00f3n la ministra dej\u00f3 solo al Presidente\u201d.<\/p>\n\n\n\n<p>Por otro lado, el legislador fue enf\u00e1tico en se\u00f1alar que \u201cla ministra tiene una tremenda responsabilidad pol\u00edtica que debe asumir. Si no lo hace, el costo ser\u00e1 para el Presidente, ya que su rol es precisamente proteger al mandatario en situaciones cr\u00edticas, no agravar la crisis\u201d.<\/p>\n\n\n\n<p>Finalmente, Mellado adelant\u00f3 que para la pr\u00f3xima sesi\u00f3n \u201cse convocar\u00e1n a jefes de gabinete del Presidente y ministra Toh\u00e1 al igual que al exjefe de gabinete de Monsalve. No descartamos ampliar las sesiones si es necesario, porque hay mucho que responder\u201d.<\/p>\n","protected":false},"excerpt":{"rendered":"<div class=\"pvc_clear\"><\/div>\n<p id=\"pvc_stats_53809\" class=\"pvc_stats total_only  \" data-element-id=\"53809\" style=\"\"><i class=\"pvc-stats-icon large\" aria-hidden=\"true\"><svg aria-hidden=\"true\" focusable=\"false\" data-prefix=\"far\" data-icon=\"chart-bar\" role=\"img\" xmlns=\"http:\/\/www.w3.org\/2000\/svg\" viewBox=\"0 0 512 512\" class=\"svg-inline--fa fa-chart-bar fa-w-16 fa-2x\"><path fill=\"currentColor\" d=\"M396.8 352h22.4c6.4 0 12.8-6.4 12.8-12.8V108.8c0-6.4-6.4-12.8-12.8-12.8h-22.4c-6.4 0-12.8 6.4-12.8 12.8v230.4c0 6.4 6.4 12.8 12.8 12.8zm-192 0h22.4c6.4 0 12.8-6.4 12.8-12.8V140.8c0-6.4-6.4-12.8-12.8-12.8h-22.4c-6.4 0-12.8 6.4-12.8 12.8v198.4c0 6.4 6.4 12.8 12.8 12.8zm96 0h22.4c6.4 0 12.8-6.4 12.8-12.8V204.8c0-6.4-6.4-12.8-12.8-12.8h-22.4c-6.4 0-12.8 6.4-12.8 12.8v134.4c0 6.4 6.4 12.8 12.8 12.8zM496 400H48V80c0-8.84-7.16-16-16-16H16C7.16 64 0 71.16 0 80v336c0 17.67 14.33 32 32 32h464c8.84 0 16-7.16 16-16v-16c0-8.84-7.16-16-16-16zm-387.2-48h22.4c6.4 0 12.8-6.4 12.8-12.8v-70.4c0-6.4-6.4-12.8-12.8-12.8h-22.4c-6.4 0-12.8 6.4-12.8 12.8v70.4c0 6.4 6.4 12.8 12.8 12.8z\" class=\"\"><\/path><\/svg><\/i> <img loading=\"lazy\" decoding=\"async\" width=\"16\" height=\"16\" alt=\"Loading\" src=\"https:\/\/temucotelevision.cl\/web\/wp-content\/plugins\/page-views-count\/ajax-loader-2x.gif\" border=0 \/><\/p>\n<div class=\"pvc_clear\"><\/div>\n<p>La ministra del Interior, Carolina Toh\u00e1, fue la primera en ser citada y este lunes particip\u00f3 en la sesi\u00f3n desarrollada<\/p>\n","protected":false},"author":1,"featured_media":53810,"comment_status":"open","ping_status":"open","sticky":false,"template":"","format":"standard","meta":{"colormag_page_container_layout":"default_layout","colormag_page_sidebar_layout":"default_layout","footnotes":""},"categories":[84],"tags":[1224],"class_list":["post-53809","post","type-post","status-publish","format-standard","has-post-thumbnail","hentry","category-politica","tag-comision"],"a3_pvc":{"activated":true,"total_views":3149,"today_views":0},"_links":{"self":[{"href":"https:\/\/temucotelevision.cl\/web\/wp-json\/wp\/v2\/posts\/53809","targetHints":{"allow":["GET"]}}],"collection":[{"href":"https:\/\/temucotelevision.cl\/web\/wp-json\/wp\/v2\/posts"}],"about":[{"href":"https:\/\/temucotelevision.cl\/web\/wp-json\/wp\/v2\/types\/post"}],"author":[{"embeddable":true,"href":"https:\/\/temucotelevision.cl\/web\/wp-json\/wp\/v2\/users\/1"}],"replies":[{"embeddable":true,"href":"https:\/\/temucotelevision.cl\/web\/wp-json\/wp\/v2\/comments?post=53809"}],"version-history":[{"count":1,"href":"https:\/\/temucotelevision.cl\/web\/wp-json\/wp\/v2\/posts\/53809\/revisions"}],"predecessor-version":[{"id":53811,"href":"https:\/\/temucotelevision.cl\/web\/wp-json\/wp\/v2\/posts\/53809\/revisions\/53811"}],"wp:featuredmedia":[{"embeddable":true,"href":"https:\/\/temucotelevision.cl\/web\/wp-json\/wp\/v2\/media\/53810"}],"wp:attachment":[{"href":"https:\/\/temucotelevision.cl\/web\/wp-json\/wp\/v2\/media?parent=53809"}],"wp:term":[{"taxonomy":"category","embeddable":true,"href":"https:\/\/temucotelevision.cl\/web\/wp-json\/wp\/v2\/categories?post=53809"},{"taxonomy":"post_tag","embeddable":true,"href":"https:\/\/temucotelevision.cl\/web\/wp-json\/wp\/v2\/tags?post=53809"}],"curies":[{"name":"wp","href":"https:\/\/api.w.org\/{rel}","templated":true}]}}