{"id":53753,"date":"2024-11-23T18:58:13","date_gmt":"2024-11-23T21:58:13","guid":{"rendered":"https:\/\/temucotelevision.cl\/web\/?p=53753"},"modified":"2024-11-23T18:58:13","modified_gmt":"2024-11-23T21:58:13","slug":"diputado-jorge-rathgeb-pide-pagar-deudas-adquiridas-por-senapred-por-servicios-de-aviones-utilizados-en-incendios","status":"publish","type":"post","link":"https:\/\/temucotelevision.cl\/web\/2024\/11\/23\/diputado-jorge-rathgeb-pide-pagar-deudas-adquiridas-por-senapred-por-servicios-de-aviones-utilizados-en-incendios\/","title":{"rendered":"Diputado Jorge Rathgeb pide pagar deudas adquiridas por Senapred por servicios de aviones utilizados en incendios"},"content":{"rendered":"<div class=\"pvc_clear\"><\/div><p id=\"pvc_stats_53753\" class=\"pvc_stats total_only  \" data-element-id=\"53753\" style=\"\"><i class=\"pvc-stats-icon large\" aria-hidden=\"true\"><svg aria-hidden=\"true\" focusable=\"false\" data-prefix=\"far\" data-icon=\"chart-bar\" role=\"img\" xmlns=\"http:\/\/www.w3.org\/2000\/svg\" viewBox=\"0 0 512 512\" class=\"svg-inline--fa fa-chart-bar fa-w-16 fa-2x\"><path fill=\"currentColor\" d=\"M396.8 352h22.4c6.4 0 12.8-6.4 12.8-12.8V108.8c0-6.4-6.4-12.8-12.8-12.8h-22.4c-6.4 0-12.8 6.4-12.8 12.8v230.4c0 6.4 6.4 12.8 12.8 12.8zm-192 0h22.4c6.4 0 12.8-6.4 12.8-12.8V140.8c0-6.4-6.4-12.8-12.8-12.8h-22.4c-6.4 0-12.8 6.4-12.8 12.8v198.4c0 6.4 6.4 12.8 12.8 12.8zm96 0h22.4c6.4 0 12.8-6.4 12.8-12.8V204.8c0-6.4-6.4-12.8-12.8-12.8h-22.4c-6.4 0-12.8 6.4-12.8 12.8v134.4c0 6.4 6.4 12.8 12.8 12.8zM496 400H48V80c0-8.84-7.16-16-16-16H16C7.16 64 0 71.16 0 80v336c0 17.67 14.33 32 32 32h464c8.84 0 16-7.16 16-16v-16c0-8.84-7.16-16-16-16zm-387.2-48h22.4c6.4 0 12.8-6.4 12.8-12.8v-70.4c0-6.4-6.4-12.8-12.8-12.8h-22.4c-6.4 0-12.8 6.4-12.8 12.8v70.4c0 6.4 6.4 12.8 12.8 12.8z\" class=\"\"><\/path><\/svg><\/i> <img loading=\"lazy\" decoding=\"async\" width=\"16\" height=\"16\" alt=\"Loading\" src=\"https:\/\/temucotelevision.cl\/web\/wp-content\/plugins\/page-views-count\/ajax-loader-2x.gif\" border=0 \/><\/p><div class=\"pvc_clear\"><\/div>\n<p><strong>El congresista indic\u00f3 que son m\u00e1s de 700 millones los que se adeudan a empresas que arrendaron aviones usados para combatir incendios, lo cual traer\u00eda serios problemas en caso de que no se cancelen, esto porque no estar\u00edan dispuestos a brindar apoyo ante las emergencias que se puedan ocasionar en la temporada estival.<\/strong><\/p>\n\n\n\n<p>Una compleja situaci\u00f3n se podr\u00eda dar en la temporada de incendios de verano, esto porque Senapred tiene una deuda superior a los 700 millones de pesos con empresas de aviones que prestan servicios para la extinci\u00f3n de los siniestros.<\/p>\n\n\n\n<p>Lo anterior fue abordado en la comisi\u00f3n de Bomberos, Desastres y Emergencias de la C\u00e1mara, instancia que integra el diputado de Renovaci\u00f3n Nacional por La Araucan\u00eda, Jorge Rathgeb Schifferli.<\/p>\n\n\n\n<p>El legislador indic\u00f3 que el panorama es preocupante considerando que, si no se paga lo adeudado, los aviones no prestar\u00edan servicios y s\u00f3lo quedar\u00edan a disposici\u00f3n los de Conaf, los cuales se har\u00edan insuficientes si existen focos en simult\u00e1neos y en distintas regiones del pa\u00eds.<\/p>\n\n\n\n<p>Rathgeb llam\u00f3 al Gobierno a subsanar pronto esta situaci\u00f3n o caso contrario la temporada de siniestros ser\u00e1 a\u00fan m\u00e1s compleja debido a la falta de m\u00e1quinas que son vitales en el combate del fuego.<\/p>\n\n\n\n<p>\u201cTenemos una situaci\u00f3n muy dif\u00edcil debido a las deudas que contrajo Senapred con empresas de aviones y que no han sido pagadas, por eso el llamado es a que a la brevedad el Gobierno cumpla con sus compromisos o caso contrario no existir\u00e1n los suficientes recursos log\u00edsticos para atender las emergencias y s\u00f3lo se contar\u00e1 con m\u00e1quinas de Conaf\u201d, indic\u00f3 el legislador haciendo el respectivo llamado a las autoridades a remediar con prontitud esta situaci\u00f3n.<\/p>\n\n\n\n<p>Rathgeb agreg\u00f3 que ser\u00eda una negligencia que no se adoptar\u00e1n m\u00e1s medidas, tomando en consideraci\u00f3n que acorde a lo se\u00f1alado por los expertos, durante este verano se repetir\u00e1n escenas similares a la de los a\u00f1os anteriores.<\/p>\n","protected":false},"excerpt":{"rendered":"<div class=\"pvc_clear\"><\/div>\n<p id=\"pvc_stats_53753\" class=\"pvc_stats total_only  \" data-element-id=\"53753\" style=\"\"><i class=\"pvc-stats-icon large\" aria-hidden=\"true\"><svg aria-hidden=\"true\" focusable=\"false\" data-prefix=\"far\" data-icon=\"chart-bar\" role=\"img\" xmlns=\"http:\/\/www.w3.org\/2000\/svg\" viewBox=\"0 0 512 512\" class=\"svg-inline--fa fa-chart-bar fa-w-16 fa-2x\"><path fill=\"currentColor\" d=\"M396.8 352h22.4c6.4 0 12.8-6.4 12.8-12.8V108.8c0-6.4-6.4-12.8-12.8-12.8h-22.4c-6.4 0-12.8 6.4-12.8 12.8v230.4c0 6.4 6.4 12.8 12.8 12.8zm-192 0h22.4c6.4 0 12.8-6.4 12.8-12.8V140.8c0-6.4-6.4-12.8-12.8-12.8h-22.4c-6.4 0-12.8 6.4-12.8 12.8v198.4c0 6.4 6.4 12.8 12.8 12.8zm96 0h22.4c6.4 0 12.8-6.4 12.8-12.8V204.8c0-6.4-6.4-12.8-12.8-12.8h-22.4c-6.4 0-12.8 6.4-12.8 12.8v134.4c0 6.4 6.4 12.8 12.8 12.8zM496 400H48V80c0-8.84-7.16-16-16-16H16C7.16 64 0 71.16 0 80v336c0 17.67 14.33 32 32 32h464c8.84 0 16-7.16 16-16v-16c0-8.84-7.16-16-16-16zm-387.2-48h22.4c6.4 0 12.8-6.4 12.8-12.8v-70.4c0-6.4-6.4-12.8-12.8-12.8h-22.4c-6.4 0-12.8 6.4-12.8 12.8v70.4c0 6.4 6.4 12.8 12.8 12.8z\" class=\"\"><\/path><\/svg><\/i> <img loading=\"lazy\" decoding=\"async\" width=\"16\" height=\"16\" alt=\"Loading\" src=\"https:\/\/temucotelevision.cl\/web\/wp-content\/plugins\/page-views-count\/ajax-loader-2x.gif\" border=0 \/><\/p>\n<div class=\"pvc_clear\"><\/div>\n<p>El congresista indic\u00f3 que son m\u00e1s de 700 millones los que se adeudan a empresas que arrendaron aviones usados para<\/p>\n","protected":false},"author":1,"featured_media":37587,"comment_status":"open","ping_status":"open","sticky":false,"template":"","format":"standard","meta":{"colormag_page_container_layout":"default_layout","colormag_page_sidebar_layout":"default_layout","footnotes":""},"categories":[84,14],"tags":[6149],"class_list":["post-53753","post","type-post","status-publish","format-standard","has-post-thumbnail","hentry","category-politica","category-temuco","tag-if"],"a3_pvc":{"activated":true,"total_views":1633,"today_views":0},"_links":{"self":[{"href":"https:\/\/temucotelevision.cl\/web\/wp-json\/wp\/v2\/posts\/53753","targetHints":{"allow":["GET"]}}],"collection":[{"href":"https:\/\/temucotelevision.cl\/web\/wp-json\/wp\/v2\/posts"}],"about":[{"href":"https:\/\/temucotelevision.cl\/web\/wp-json\/wp\/v2\/types\/post"}],"author":[{"embeddable":true,"href":"https:\/\/temucotelevision.cl\/web\/wp-json\/wp\/v2\/users\/1"}],"replies":[{"embeddable":true,"href":"https:\/\/temucotelevision.cl\/web\/wp-json\/wp\/v2\/comments?post=53753"}],"version-history":[{"count":1,"href":"https:\/\/temucotelevision.cl\/web\/wp-json\/wp\/v2\/posts\/53753\/revisions"}],"predecessor-version":[{"id":53754,"href":"https:\/\/temucotelevision.cl\/web\/wp-json\/wp\/v2\/posts\/53753\/revisions\/53754"}],"wp:featuredmedia":[{"embeddable":true,"href":"https:\/\/temucotelevision.cl\/web\/wp-json\/wp\/v2\/media\/37587"}],"wp:attachment":[{"href":"https:\/\/temucotelevision.cl\/web\/wp-json\/wp\/v2\/media?parent=53753"}],"wp:term":[{"taxonomy":"category","embeddable":true,"href":"https:\/\/temucotelevision.cl\/web\/wp-json\/wp\/v2\/categories?post=53753"},{"taxonomy":"post_tag","embeddable":true,"href":"https:\/\/temucotelevision.cl\/web\/wp-json\/wp\/v2\/tags?post=53753"}],"curies":[{"name":"wp","href":"https:\/\/api.w.org\/{rel}","templated":true}]}}