{"id":53750,"date":"2024-11-23T18:54:26","date_gmt":"2024-11-23T21:54:26","guid":{"rendered":"https:\/\/temucotelevision.cl\/web\/?p=53750"},"modified":"2024-11-23T18:54:27","modified_gmt":"2024-11-23T21:54:27","slug":"mas-de-2-000-participantes-fueron-parte-de-reforest-running-2024-en-vina-del-mar","status":"publish","type":"post","link":"https:\/\/temucotelevision.cl\/web\/2024\/11\/23\/mas-de-2-000-participantes-fueron-parte-de-reforest-running-2024-en-vina-del-mar\/","title":{"rendered":"M\u00e1s de 2.000 participantes fueron parte de Reforest Running 2024 en Vi\u00f1a del Mar"},"content":{"rendered":"<div class=\"pvc_clear\"><\/div><p id=\"pvc_stats_53750\" class=\"pvc_stats total_only  \" data-element-id=\"53750\" style=\"\"><i class=\"pvc-stats-icon large\" aria-hidden=\"true\"><svg aria-hidden=\"true\" focusable=\"false\" data-prefix=\"far\" data-icon=\"chart-bar\" role=\"img\" xmlns=\"http:\/\/www.w3.org\/2000\/svg\" viewBox=\"0 0 512 512\" class=\"svg-inline--fa fa-chart-bar fa-w-16 fa-2x\"><path fill=\"currentColor\" d=\"M396.8 352h22.4c6.4 0 12.8-6.4 12.8-12.8V108.8c0-6.4-6.4-12.8-12.8-12.8h-22.4c-6.4 0-12.8 6.4-12.8 12.8v230.4c0 6.4 6.4 12.8 12.8 12.8zm-192 0h22.4c6.4 0 12.8-6.4 12.8-12.8V140.8c0-6.4-6.4-12.8-12.8-12.8h-22.4c-6.4 0-12.8 6.4-12.8 12.8v198.4c0 6.4 6.4 12.8 12.8 12.8zm96 0h22.4c6.4 0 12.8-6.4 12.8-12.8V204.8c0-6.4-6.4-12.8-12.8-12.8h-22.4c-6.4 0-12.8 6.4-12.8 12.8v134.4c0 6.4 6.4 12.8 12.8 12.8zM496 400H48V80c0-8.84-7.16-16-16-16H16C7.16 64 0 71.16 0 80v336c0 17.67 14.33 32 32 32h464c8.84 0 16-7.16 16-16v-16c0-8.84-7.16-16-16-16zm-387.2-48h22.4c6.4 0 12.8-6.4 12.8-12.8v-70.4c0-6.4-6.4-12.8-12.8-12.8h-22.4c-6.4 0-12.8 6.4-12.8 12.8v70.4c0 6.4 6.4 12.8 12.8 12.8z\" class=\"\"><\/path><\/svg><\/i> <img loading=\"lazy\" decoding=\"async\" width=\"16\" height=\"16\" alt=\"Loading\" src=\"https:\/\/temucotelevision.cl\/web\/wp-content\/plugins\/page-views-count\/ajax-loader-2x.gif\" border=0 \/><\/p><div class=\"pvc_clear\"><\/div>\n<p>La Ciudad Jard\u00edn fue el epicentro de una jornada \u00fanica este domingo, cuando m\u00e1s de 2.000 participantes, entre corredores y familias, se dieron cita en la primera edici\u00f3n de Reforest Running 2024, un evento que uni\u00f3 deporte, conciencia ambiental y solidaridad en un solo recorrido.<\/p>\n\n\n\n<p>Desde las primeras horas del d\u00eda domingo, la Avenida Per\u00fa y la Plaza Colombia se llenaron de energ\u00eda y entusiasmo. Los participantes no s\u00f3lo recorrieron las rutas de 3K, 5K y 10K, sino que tambi\u00e9n dejaron una marca imborrable en el compromiso con la reforestaci\u00f3n de las \u00e1reas afectadas por los incendios forestales que devastaron Valpara\u00edso en febrero pasado.<\/p>\n\n\n\n<p>\u201cLa respuesta de la comunidad fue incre\u00edble. Este evento no solo super\u00f3 nuestras expectativas, sino que reafirm\u00f3 que el deporte es un motor para unir a las familias y generar conciencia sobre el cuidado del medio ambiente. Estamos convencidos de que este es solo el comienzo de un proyecto que queremos replicar en otras regiones del pa\u00eds\u201d, se\u00f1al\u00f3 Manuela Nanetti, fundadora de Sport Seed, organizaci\u00f3n que lider\u00f3 la iniciativa junto a la Municipalidad de Vi\u00f1a del Mar y L\u00edder Fest.<\/p>\n\n\n\n<p>Adem\u00e1s, agreg\u00f3 que \u201cel \u00e9xito de Reforest Running no se limit\u00f3 solamente a los n\u00fameros. La jornada estuvo cargada de significado, pues por cada corredor se plantar\u00e1 un \u00e1rbol nativo en las \u00e1reas m\u00e1s da\u00f1adas, como la Zona del Olivar, cada uno con geolocalizaci\u00f3n para que los participantes puedan seguir su crecimiento. Adem\u00e1s, la actividad incluy\u00f3 talleres de germinaci\u00f3n, charlas sobre la importancia de la biodiversidad y una exposici\u00f3n de innovaciones tecnol\u00f3gicas enfocadas en la sustentabilidad\u201d.<\/p>\n\n\n\n<p>La categor\u00eda&nbsp;<strong>10K<\/strong>, una de las m\u00e1s esperadas, destac\u00f3 por el alto nivel de competencia. En hombres,&nbsp;<strong>Max Orand\u00e9<\/strong>&nbsp;obtuvo el primer lugar, seguido por&nbsp;<strong>Basti\u00e1n Gazit\u00faa<\/strong>&nbsp;en segundo puesto y&nbsp;<strong>Sebasti\u00e1n Gonz\u00e1lez<\/strong>&nbsp;en el tercero. En la categor\u00eda femenina, el podio fue liderado por&nbsp;<strong>Luisa Gonz\u00e1lez<\/strong>, con&nbsp;<strong>Ignacia Betancourt<\/strong>&nbsp;y&nbsp;<strong>Bernardina Olivares<\/strong>&nbsp;ocupando el segundo y tercer lugar, respectivamente.<\/p>\n\n\n\n<p>Familias completas participaron de esta experiencia transformadora. Padres, hijos y abuelos disfrutaron de un d\u00eda que no solo celebr\u00f3 el deporte, sino tambi\u00e9n el poder del cambio colectivo. Reforest Running 2024 marc\u00f3 el inicio de una nueva forma de combinar deporte y sostenibilidad en Chile. Una jornada que dej\u00f3 no solo huellas en la arena, sino tambi\u00e9n ra\u00edces profundas en el coraz\u00f3n de sus participantes.<\/p>\n\n\n\n<p>Para m\u00e1s informaci\u00f3n y actualizaciones sobre los avances en la reforestaci\u00f3n, visita&nbsp;<a href=\"http:\/\/reforestrunning.com\/\" target=\"_blank\" rel=\"noreferrer noopener\">reforestrunning.com<\/a>.<\/p>\n","protected":false},"excerpt":{"rendered":"<div class=\"pvc_clear\"><\/div>\n<p id=\"pvc_stats_53750\" class=\"pvc_stats total_only  \" data-element-id=\"53750\" style=\"\"><i class=\"pvc-stats-icon large\" aria-hidden=\"true\"><svg aria-hidden=\"true\" focusable=\"false\" data-prefix=\"far\" data-icon=\"chart-bar\" role=\"img\" xmlns=\"http:\/\/www.w3.org\/2000\/svg\" viewBox=\"0 0 512 512\" class=\"svg-inline--fa fa-chart-bar fa-w-16 fa-2x\"><path fill=\"currentColor\" d=\"M396.8 352h22.4c6.4 0 12.8-6.4 12.8-12.8V108.8c0-6.4-6.4-12.8-12.8-12.8h-22.4c-6.4 0-12.8 6.4-12.8 12.8v230.4c0 6.4 6.4 12.8 12.8 12.8zm-192 0h22.4c6.4 0 12.8-6.4 12.8-12.8V140.8c0-6.4-6.4-12.8-12.8-12.8h-22.4c-6.4 0-12.8 6.4-12.8 12.8v198.4c0 6.4 6.4 12.8 12.8 12.8zm96 0h22.4c6.4 0 12.8-6.4 12.8-12.8V204.8c0-6.4-6.4-12.8-12.8-12.8h-22.4c-6.4 0-12.8 6.4-12.8 12.8v134.4c0 6.4 6.4 12.8 12.8 12.8zM496 400H48V80c0-8.84-7.16-16-16-16H16C7.16 64 0 71.16 0 80v336c0 17.67 14.33 32 32 32h464c8.84 0 16-7.16 16-16v-16c0-8.84-7.16-16-16-16zm-387.2-48h22.4c6.4 0 12.8-6.4 12.8-12.8v-70.4c0-6.4-6.4-12.8-12.8-12.8h-22.4c-6.4 0-12.8 6.4-12.8 12.8v70.4c0 6.4 6.4 12.8 12.8 12.8z\" class=\"\"><\/path><\/svg><\/i> <img loading=\"lazy\" decoding=\"async\" width=\"16\" height=\"16\" alt=\"Loading\" src=\"https:\/\/temucotelevision.cl\/web\/wp-content\/plugins\/page-views-count\/ajax-loader-2x.gif\" border=0 \/><\/p>\n<div class=\"pvc_clear\"><\/div>\n<p>La Ciudad Jard\u00edn fue el epicentro de una jornada \u00fanica este domingo, cuando m\u00e1s de 2.000 participantes, entre corredores y<\/p>\n","protected":false},"author":1,"featured_media":53751,"comment_status":"open","ping_status":"open","sticky":false,"template":"","format":"standard","meta":{"colormag_page_container_layout":"default_layout","colormag_page_sidebar_layout":"default_layout","footnotes":""},"categories":[101,18],"tags":[7170],"class_list":["post-53750","post","type-post","status-publish","format-standard","has-post-thumbnail","hentry","category-actualidad","category-nacional","tag-reforest-running"],"a3_pvc":{"activated":true,"total_views":830,"today_views":0},"_links":{"self":[{"href":"https:\/\/temucotelevision.cl\/web\/wp-json\/wp\/v2\/posts\/53750","targetHints":{"allow":["GET"]}}],"collection":[{"href":"https:\/\/temucotelevision.cl\/web\/wp-json\/wp\/v2\/posts"}],"about":[{"href":"https:\/\/temucotelevision.cl\/web\/wp-json\/wp\/v2\/types\/post"}],"author":[{"embeddable":true,"href":"https:\/\/temucotelevision.cl\/web\/wp-json\/wp\/v2\/users\/1"}],"replies":[{"embeddable":true,"href":"https:\/\/temucotelevision.cl\/web\/wp-json\/wp\/v2\/comments?post=53750"}],"version-history":[{"count":1,"href":"https:\/\/temucotelevision.cl\/web\/wp-json\/wp\/v2\/posts\/53750\/revisions"}],"predecessor-version":[{"id":53752,"href":"https:\/\/temucotelevision.cl\/web\/wp-json\/wp\/v2\/posts\/53750\/revisions\/53752"}],"wp:featuredmedia":[{"embeddable":true,"href":"https:\/\/temucotelevision.cl\/web\/wp-json\/wp\/v2\/media\/53751"}],"wp:attachment":[{"href":"https:\/\/temucotelevision.cl\/web\/wp-json\/wp\/v2\/media?parent=53750"}],"wp:term":[{"taxonomy":"category","embeddable":true,"href":"https:\/\/temucotelevision.cl\/web\/wp-json\/wp\/v2\/categories?post=53750"},{"taxonomy":"post_tag","embeddable":true,"href":"https:\/\/temucotelevision.cl\/web\/wp-json\/wp\/v2\/tags?post=53750"}],"curies":[{"name":"wp","href":"https:\/\/api.w.org\/{rel}","templated":true}]}}