{"id":53747,"date":"2024-11-22T21:49:36","date_gmt":"2024-11-23T00:49:36","guid":{"rendered":"https:\/\/temucotelevision.cl\/web\/?p=53747"},"modified":"2024-11-22T21:49:37","modified_gmt":"2024-11-23T00:49:37","slug":"exito-rotundo-primera-feria-de-comercio-y-gastronomia-reune-a-5-mil-personas-en-nueva-imperial","status":"publish","type":"post","link":"https:\/\/temucotelevision.cl\/web\/2024\/11\/22\/exito-rotundo-primera-feria-de-comercio-y-gastronomia-reune-a-5-mil-personas-en-nueva-imperial\/","title":{"rendered":"\u00c9xito rotundo: Primera feria de comercio y gastronom\u00eda re\u00fane a 5 mil personas en Nueva Imperial"},"content":{"rendered":"<div class=\"pvc_clear\"><\/div><p id=\"pvc_stats_53747\" class=\"pvc_stats total_only  \" data-element-id=\"53747\" style=\"\"><i class=\"pvc-stats-icon large\" aria-hidden=\"true\"><svg aria-hidden=\"true\" focusable=\"false\" data-prefix=\"far\" data-icon=\"chart-bar\" role=\"img\" xmlns=\"http:\/\/www.w3.org\/2000\/svg\" viewBox=\"0 0 512 512\" class=\"svg-inline--fa fa-chart-bar fa-w-16 fa-2x\"><path fill=\"currentColor\" d=\"M396.8 352h22.4c6.4 0 12.8-6.4 12.8-12.8V108.8c0-6.4-6.4-12.8-12.8-12.8h-22.4c-6.4 0-12.8 6.4-12.8 12.8v230.4c0 6.4 6.4 12.8 12.8 12.8zm-192 0h22.4c6.4 0 12.8-6.4 12.8-12.8V140.8c0-6.4-6.4-12.8-12.8-12.8h-22.4c-6.4 0-12.8 6.4-12.8 12.8v198.4c0 6.4 6.4 12.8 12.8 12.8zm96 0h22.4c6.4 0 12.8-6.4 12.8-12.8V204.8c0-6.4-6.4-12.8-12.8-12.8h-22.4c-6.4 0-12.8 6.4-12.8 12.8v134.4c0 6.4 6.4 12.8 12.8 12.8zM496 400H48V80c0-8.84-7.16-16-16-16H16C7.16 64 0 71.16 0 80v336c0 17.67 14.33 32 32 32h464c8.84 0 16-7.16 16-16v-16c0-8.84-7.16-16-16-16zm-387.2-48h22.4c6.4 0 12.8-6.4 12.8-12.8v-70.4c0-6.4-6.4-12.8-12.8-12.8h-22.4c-6.4 0-12.8 6.4-12.8 12.8v70.4c0 6.4 6.4 12.8 12.8 12.8z\" class=\"\"><\/path><\/svg><\/i> <img loading=\"lazy\" decoding=\"async\" width=\"16\" height=\"16\" alt=\"Loading\" src=\"https:\/\/temucotelevision.cl\/web\/wp-content\/plugins\/page-views-count\/ajax-loader-2x.gif\" border=0 \/><\/p><div class=\"pvc_clear\"><\/div>\n<p>Alrededor de 5 mil personas se dieron cita en el sector de los Huertos Familiares en que por primera vez se present\u00f3 en vivo la Sonora Dinamita. <\/p>\n\n\n\n<p>Seg\u00fan lo indicado a temucotelevision; es la primera vez que se realiza un evento de gran nivel en el sector del asentamiento Huertos Familiares ubicado al lado de la carretera Imperial Labranza, el pasado s\u00e1bado 16 estuvieron cerca de 90 comerciantes exponiendo con diferentes rubros: foodtrucks, artesanos, reposter\u00eda, bazares, juegos infantiles, donde hubo animaci\u00f3n, concursos y m\u00fasica en vivo.<\/p>\n\n\n\n<p> A la masiva y atractiva actividad fue invitado el Gobernador Luciano Rivas, quien junto al los consejeros Marcelo Carrasco, Rodrigo Pacheco, los nuevos concejales Juan Constanzo y Luis Beltr\u00e1n estuvieron presentes. <\/p>\n\n\n\n<p>De igual manera en esta ceremonia de inauguraci\u00f3n de esta feria estuvo el due\u00f1o de casa, el presidente de la JjVv 16 de Los Huertos Familiares Miguel Higuera, quien salud\u00f3 a los presentes agradeciendo el apoyo a esta iniciativa, auspiciada por el Gobierno Regional y financiada por la Agencia de Desarrollo Araucan\u00eda, en donde retribuyeron completamente sus objetivos de impulsar econ\u00f3micamente a los emprendedores locales con un atractivo evento art\u00edstico de primer nivel. Por su parte M\u00f3nica Blanco una esforzada emprendedora del rubro reposter\u00eda, agradeci\u00f3 al Gobierno Regional y a la Agencia de Desarrollo, ya que lograron aumentar sus ventas, en que al cierre de esta primera feria sacaron n\u00fameros alegres, ya que la gran mayor\u00eda de los comerciantes expositores, quedaron sin mercader\u00eda avanzada la tarde. <\/p>\n\n\n\n<p>Por su parte Nery Jaramillo se\u00f1al\u00f3 a nuestro canal: nosotras trajimos verduras y productos del campo, vendiendo todo, agradeciendo la invitaci\u00f3n gratuita, y destacando la organizaci\u00f3n; donde se vieron importantes detalles en la producci\u00f3n, que ella no hab\u00eda visto en otras ferias, como la disposici\u00f3n de credenciales, guardias y entrega de gorros alusivos.<\/p>\n\n\n\n<p> El espect\u00e1culo cont\u00f3 con La m\u00fasica del folklorista \u201cEl T\u00edo Lalo\u201d, \u201cDamaris la Rancherita\u201d, \u201cLos Incomparables del Amor\u201d, \u201cLos Lobos del Sur\u201d, y la presencia en vivo por primera vez en la zona de la emblem\u00e1tica \u201cSonora Dinamita\u201d, quienes hicieron bailar y corear sus conocidos \u00e9xitos a cerca de 5 mil personas, que se dieron cita en esta Primera Feria del Comercio y la Gastronom\u00eda efectuada en los Huertos Familiares de Nueva Imperial este pasado fin de semana.\u00a0<br><br><br><\/p>\n","protected":false},"excerpt":{"rendered":"<div class=\"pvc_clear\"><\/div>\n<p id=\"pvc_stats_53747\" class=\"pvc_stats total_only  \" data-element-id=\"53747\" style=\"\"><i class=\"pvc-stats-icon large\" aria-hidden=\"true\"><svg aria-hidden=\"true\" focusable=\"false\" data-prefix=\"far\" data-icon=\"chart-bar\" role=\"img\" xmlns=\"http:\/\/www.w3.org\/2000\/svg\" viewBox=\"0 0 512 512\" class=\"svg-inline--fa fa-chart-bar fa-w-16 fa-2x\"><path fill=\"currentColor\" d=\"M396.8 352h22.4c6.4 0 12.8-6.4 12.8-12.8V108.8c0-6.4-6.4-12.8-12.8-12.8h-22.4c-6.4 0-12.8 6.4-12.8 12.8v230.4c0 6.4 6.4 12.8 12.8 12.8zm-192 0h22.4c6.4 0 12.8-6.4 12.8-12.8V140.8c0-6.4-6.4-12.8-12.8-12.8h-22.4c-6.4 0-12.8 6.4-12.8 12.8v198.4c0 6.4 6.4 12.8 12.8 12.8zm96 0h22.4c6.4 0 12.8-6.4 12.8-12.8V204.8c0-6.4-6.4-12.8-12.8-12.8h-22.4c-6.4 0-12.8 6.4-12.8 12.8v134.4c0 6.4 6.4 12.8 12.8 12.8zM496 400H48V80c0-8.84-7.16-16-16-16H16C7.16 64 0 71.16 0 80v336c0 17.67 14.33 32 32 32h464c8.84 0 16-7.16 16-16v-16c0-8.84-7.16-16-16-16zm-387.2-48h22.4c6.4 0 12.8-6.4 12.8-12.8v-70.4c0-6.4-6.4-12.8-12.8-12.8h-22.4c-6.4 0-12.8 6.4-12.8 12.8v70.4c0 6.4 6.4 12.8 12.8 12.8z\" class=\"\"><\/path><\/svg><\/i> <img loading=\"lazy\" decoding=\"async\" width=\"16\" height=\"16\" alt=\"Loading\" src=\"https:\/\/temucotelevision.cl\/web\/wp-content\/plugins\/page-views-count\/ajax-loader-2x.gif\" border=0 \/><\/p>\n<div class=\"pvc_clear\"><\/div>\n<p>Alrededor de 5 mil personas se dieron cita en el sector de los Huertos Familiares en que por primera vez<\/p>\n","protected":false},"author":1,"featured_media":53748,"comment_status":"open","ping_status":"open","sticky":false,"template":"","format":"standard","meta":{"colormag_page_container_layout":"default_layout","colormag_page_sidebar_layout":"default_layout","footnotes":""},"categories":[86],"tags":[257],"class_list":["post-53747","post","type-post","status-publish","format-standard","has-post-thumbnail","hentry","category-panoramas","tag-feria"],"a3_pvc":{"activated":true,"total_views":1163,"today_views":0},"_links":{"self":[{"href":"https:\/\/temucotelevision.cl\/web\/wp-json\/wp\/v2\/posts\/53747","targetHints":{"allow":["GET"]}}],"collection":[{"href":"https:\/\/temucotelevision.cl\/web\/wp-json\/wp\/v2\/posts"}],"about":[{"href":"https:\/\/temucotelevision.cl\/web\/wp-json\/wp\/v2\/types\/post"}],"author":[{"embeddable":true,"href":"https:\/\/temucotelevision.cl\/web\/wp-json\/wp\/v2\/users\/1"}],"replies":[{"embeddable":true,"href":"https:\/\/temucotelevision.cl\/web\/wp-json\/wp\/v2\/comments?post=53747"}],"version-history":[{"count":1,"href":"https:\/\/temucotelevision.cl\/web\/wp-json\/wp\/v2\/posts\/53747\/revisions"}],"predecessor-version":[{"id":53749,"href":"https:\/\/temucotelevision.cl\/web\/wp-json\/wp\/v2\/posts\/53747\/revisions\/53749"}],"wp:featuredmedia":[{"embeddable":true,"href":"https:\/\/temucotelevision.cl\/web\/wp-json\/wp\/v2\/media\/53748"}],"wp:attachment":[{"href":"https:\/\/temucotelevision.cl\/web\/wp-json\/wp\/v2\/media?parent=53747"}],"wp:term":[{"taxonomy":"category","embeddable":true,"href":"https:\/\/temucotelevision.cl\/web\/wp-json\/wp\/v2\/categories?post=53747"},{"taxonomy":"post_tag","embeddable":true,"href":"https:\/\/temucotelevision.cl\/web\/wp-json\/wp\/v2\/tags?post=53747"}],"curies":[{"name":"wp","href":"https:\/\/api.w.org\/{rel}","templated":true}]}}