{"id":53743,"date":"2024-11-22T09:54:35","date_gmt":"2024-11-22T12:54:35","guid":{"rendered":"https:\/\/temucotelevision.cl\/web\/?p=53743"},"modified":"2024-11-22T09:54:36","modified_gmt":"2024-11-22T12:54:36","slug":"motorizados-municipales-detienen-a-menor-que-huia-en-camioneta-robada-causando-danos-en-temuco","status":"publish","type":"post","link":"https:\/\/temucotelevision.cl\/web\/2024\/11\/22\/motorizados-municipales-detienen-a-menor-que-huia-en-camioneta-robada-causando-danos-en-temuco\/","title":{"rendered":"Motorizados municipales detienen a menor que hu\u00eda en camioneta robada causando da\u00f1os en Temuco"},"content":{"rendered":"<div class=\"pvc_clear\"><\/div><p id=\"pvc_stats_53743\" class=\"pvc_stats total_only  \" data-element-id=\"53743\" style=\"\"><i class=\"pvc-stats-icon large\" aria-hidden=\"true\"><svg aria-hidden=\"true\" focusable=\"false\" data-prefix=\"far\" data-icon=\"chart-bar\" role=\"img\" xmlns=\"http:\/\/www.w3.org\/2000\/svg\" viewBox=\"0 0 512 512\" class=\"svg-inline--fa fa-chart-bar fa-w-16 fa-2x\"><path fill=\"currentColor\" d=\"M396.8 352h22.4c6.4 0 12.8-6.4 12.8-12.8V108.8c0-6.4-6.4-12.8-12.8-12.8h-22.4c-6.4 0-12.8 6.4-12.8 12.8v230.4c0 6.4 6.4 12.8 12.8 12.8zm-192 0h22.4c6.4 0 12.8-6.4 12.8-12.8V140.8c0-6.4-6.4-12.8-12.8-12.8h-22.4c-6.4 0-12.8 6.4-12.8 12.8v198.4c0 6.4 6.4 12.8 12.8 12.8zm96 0h22.4c6.4 0 12.8-6.4 12.8-12.8V204.8c0-6.4-6.4-12.8-12.8-12.8h-22.4c-6.4 0-12.8 6.4-12.8 12.8v134.4c0 6.4 6.4 12.8 12.8 12.8zM496 400H48V80c0-8.84-7.16-16-16-16H16C7.16 64 0 71.16 0 80v336c0 17.67 14.33 32 32 32h464c8.84 0 16-7.16 16-16v-16c0-8.84-7.16-16-16-16zm-387.2-48h22.4c6.4 0 12.8-6.4 12.8-12.8v-70.4c0-6.4-6.4-12.8-12.8-12.8h-22.4c-6.4 0-12.8 6.4-12.8 12.8v70.4c0 6.4 6.4 12.8 12.8 12.8z\" class=\"\"><\/path><\/svg><\/i> <img loading=\"lazy\" decoding=\"async\" width=\"16\" height=\"16\" alt=\"Loading\" src=\"https:\/\/temucotelevision.cl\/web\/wp-content\/plugins\/page-views-count\/ajax-loader-2x.gif\" border=0 \/><\/p><div class=\"pvc_clear\"><\/div>\n<p><em>El adolescente fue sorprendido conduciendo temerariamente una camioneta robada minutos antes, causando m\u00faltiples da\u00f1os a terceros en diversas calles de la capital regional, incluyendo a una ciclista. La r\u00e1pida acci\u00f3n del personal municipal evit\u00f3 un mal mayor.<\/em><\/p>\n\n\n\n<p>En un patrullaje preventivo, personal de la Secci\u00f3n Motorizada del departamento de Acciones T\u00e1cticas Preventivas de la direcci\u00f3n de Seguridad P\u00fablica de la municipalidad de Temuco detect\u00f3 a una persona conduciendo de forma err\u00e1tica una camioneta roja a la altura de la plaza Teodoro Schmidt por calle Manuel Rodr\u00edguez. Las imprudentes maniobras del conductor, pon\u00edan en riesgo la seguridad de la ciudadan\u00eda, chocando una micro y una bicicleta.<\/p>\n\n\n\n<p>Los motopatrulleros procedieron a realizar un seguimiento controlado, logrando interceptar el veh\u00edculo en Av. Caupolic\u00e1n con Rodr\u00edguez. Los funcionarios municipales detuvieron al conductor, un adolescente de 15 a\u00f1os con historial policial, y comprobaron en el sistema que la camioneta hab\u00eda sido robada solo minutos antes a un funcionario del consultorio Miraflores, quien ya hab\u00eda denunciado el delito ante Carabineros.<\/p>\n\n\n\n<p>Finalmente, el procedimiento fue entregado a efectivos de la Segunda Comisar\u00eda de Carabineros de Temuco para continuar con las diligencias de rigor.<\/p>\n\n\n\n<p>El director de Seguridad P\u00fablica de Temuco, Israel Campusano, asever\u00f3 que fue una \u201coportuna intervenci\u00f3n de nuestros inspectores motorizados, quienes lograron controlar una situaci\u00f3n de alto riesgo para los peatones y automovilistas. Este procedimiento no solo permiti\u00f3 la recuperaci\u00f3n de un veh\u00edculo robado, sino que tambi\u00e9n evit\u00f3 que hubieran personas lesionadas como el propio menor de edad. Seguiremos trabajando con firmeza para garantizar la seguridad de nuestra comunidad y responder de manera oportuna ante cualquier emergencia.Por \u00faltimo, quiero reiterar el llamado a alertarnos de cualquier situaci\u00f3n sospechosa al 1409\u201d, finaliz\u00f3.<\/p>\n","protected":false},"excerpt":{"rendered":"<div class=\"pvc_clear\"><\/div>\n<p id=\"pvc_stats_53743\" class=\"pvc_stats total_only  \" data-element-id=\"53743\" style=\"\"><i class=\"pvc-stats-icon large\" aria-hidden=\"true\"><svg aria-hidden=\"true\" focusable=\"false\" data-prefix=\"far\" data-icon=\"chart-bar\" role=\"img\" xmlns=\"http:\/\/www.w3.org\/2000\/svg\" viewBox=\"0 0 512 512\" class=\"svg-inline--fa fa-chart-bar fa-w-16 fa-2x\"><path fill=\"currentColor\" d=\"M396.8 352h22.4c6.4 0 12.8-6.4 12.8-12.8V108.8c0-6.4-6.4-12.8-12.8-12.8h-22.4c-6.4 0-12.8 6.4-12.8 12.8v230.4c0 6.4 6.4 12.8 12.8 12.8zm-192 0h22.4c6.4 0 12.8-6.4 12.8-12.8V140.8c0-6.4-6.4-12.8-12.8-12.8h-22.4c-6.4 0-12.8 6.4-12.8 12.8v198.4c0 6.4 6.4 12.8 12.8 12.8zm96 0h22.4c6.4 0 12.8-6.4 12.8-12.8V204.8c0-6.4-6.4-12.8-12.8-12.8h-22.4c-6.4 0-12.8 6.4-12.8 12.8v134.4c0 6.4 6.4 12.8 12.8 12.8zM496 400H48V80c0-8.84-7.16-16-16-16H16C7.16 64 0 71.16 0 80v336c0 17.67 14.33 32 32 32h464c8.84 0 16-7.16 16-16v-16c0-8.84-7.16-16-16-16zm-387.2-48h22.4c6.4 0 12.8-6.4 12.8-12.8v-70.4c0-6.4-6.4-12.8-12.8-12.8h-22.4c-6.4 0-12.8 6.4-12.8 12.8v70.4c0 6.4 6.4 12.8 12.8 12.8z\" class=\"\"><\/path><\/svg><\/i> <img loading=\"lazy\" decoding=\"async\" width=\"16\" height=\"16\" alt=\"Loading\" src=\"https:\/\/temucotelevision.cl\/web\/wp-content\/plugins\/page-views-count\/ajax-loader-2x.gif\" border=0 \/><\/p>\n<div class=\"pvc_clear\"><\/div>\n<p>El adolescente fue sorprendido conduciendo temerariamente una camioneta robada minutos antes, causando m\u00faltiples da\u00f1os a terceros en diversas calles de<\/p>\n","protected":false},"author":1,"featured_media":53744,"comment_status":"open","ping_status":"open","sticky":false,"template":"","format":"standard","meta":{"colormag_page_container_layout":"default_layout","colormag_page_sidebar_layout":"default_layout","footnotes":""},"categories":[15,16],"tags":[],"class_list":["post-53743","post","type-post","status-publish","format-standard","has-post-thumbnail","hentry","category-la-araucania","category-policial"],"a3_pvc":{"activated":true,"total_views":283,"today_views":0},"_links":{"self":[{"href":"https:\/\/temucotelevision.cl\/web\/wp-json\/wp\/v2\/posts\/53743","targetHints":{"allow":["GET"]}}],"collection":[{"href":"https:\/\/temucotelevision.cl\/web\/wp-json\/wp\/v2\/posts"}],"about":[{"href":"https:\/\/temucotelevision.cl\/web\/wp-json\/wp\/v2\/types\/post"}],"author":[{"embeddable":true,"href":"https:\/\/temucotelevision.cl\/web\/wp-json\/wp\/v2\/users\/1"}],"replies":[{"embeddable":true,"href":"https:\/\/temucotelevision.cl\/web\/wp-json\/wp\/v2\/comments?post=53743"}],"version-history":[{"count":1,"href":"https:\/\/temucotelevision.cl\/web\/wp-json\/wp\/v2\/posts\/53743\/revisions"}],"predecessor-version":[{"id":53745,"href":"https:\/\/temucotelevision.cl\/web\/wp-json\/wp\/v2\/posts\/53743\/revisions\/53745"}],"wp:featuredmedia":[{"embeddable":true,"href":"https:\/\/temucotelevision.cl\/web\/wp-json\/wp\/v2\/media\/53744"}],"wp:attachment":[{"href":"https:\/\/temucotelevision.cl\/web\/wp-json\/wp\/v2\/media?parent=53743"}],"wp:term":[{"taxonomy":"category","embeddable":true,"href":"https:\/\/temucotelevision.cl\/web\/wp-json\/wp\/v2\/categories?post=53743"},{"taxonomy":"post_tag","embeddable":true,"href":"https:\/\/temucotelevision.cl\/web\/wp-json\/wp\/v2\/tags?post=53743"}],"curies":[{"name":"wp","href":"https:\/\/api.w.org\/{rel}","templated":true}]}}