{"id":53724,"date":"2024-11-20T23:22:43","date_gmt":"2024-11-21T02:22:43","guid":{"rendered":"https:\/\/temucotelevision.cl\/web\/?p=53724"},"modified":"2024-11-20T23:22:44","modified_gmt":"2024-11-21T02:22:44","slug":"este-sabado-se-realizara-la-1-expo-ovino-de-mune-alto-en-la-comuna-de-pitrufquen","status":"publish","type":"post","link":"https:\/\/temucotelevision.cl\/web\/2024\/11\/20\/este-sabado-se-realizara-la-1-expo-ovino-de-mune-alto-en-la-comuna-de-pitrufquen\/","title":{"rendered":"Este s\u00e1bado se realizar\u00e1 la 1\u00b0 Expo Ovino de Mune Alto en la comuna de Pitrufqu\u00e9n\u00a0"},"content":{"rendered":"<div class=\"pvc_clear\"><\/div><p id=\"pvc_stats_53724\" class=\"pvc_stats total_only  \" data-element-id=\"53724\" style=\"\"><i class=\"pvc-stats-icon large\" aria-hidden=\"true\"><svg aria-hidden=\"true\" focusable=\"false\" data-prefix=\"far\" data-icon=\"chart-bar\" role=\"img\" xmlns=\"http:\/\/www.w3.org\/2000\/svg\" viewBox=\"0 0 512 512\" class=\"svg-inline--fa fa-chart-bar fa-w-16 fa-2x\"><path fill=\"currentColor\" d=\"M396.8 352h22.4c6.4 0 12.8-6.4 12.8-12.8V108.8c0-6.4-6.4-12.8-12.8-12.8h-22.4c-6.4 0-12.8 6.4-12.8 12.8v230.4c0 6.4 6.4 12.8 12.8 12.8zm-192 0h22.4c6.4 0 12.8-6.4 12.8-12.8V140.8c0-6.4-6.4-12.8-12.8-12.8h-22.4c-6.4 0-12.8 6.4-12.8 12.8v198.4c0 6.4 6.4 12.8 12.8 12.8zm96 0h22.4c6.4 0 12.8-6.4 12.8-12.8V204.8c0-6.4-6.4-12.8-12.8-12.8h-22.4c-6.4 0-12.8 6.4-12.8 12.8v134.4c0 6.4 6.4 12.8 12.8 12.8zM496 400H48V80c0-8.84-7.16-16-16-16H16C7.16 64 0 71.16 0 80v336c0 17.67 14.33 32 32 32h464c8.84 0 16-7.16 16-16v-16c0-8.84-7.16-16-16-16zm-387.2-48h22.4c6.4 0 12.8-6.4 12.8-12.8v-70.4c0-6.4-6.4-12.8-12.8-12.8h-22.4c-6.4 0-12.8 6.4-12.8 12.8v70.4c0 6.4 6.4 12.8 12.8 12.8z\" class=\"\"><\/path><\/svg><\/i> <img loading=\"lazy\" decoding=\"async\" width=\"16\" height=\"16\" alt=\"Loading\" src=\"https:\/\/temucotelevision.cl\/web\/wp-content\/plugins\/page-views-count\/ajax-loader-2x.gif\" border=0 \/><\/p><div class=\"pvc_clear\"><\/div>\n<p><em>La expo tendr\u00e1 muestra de ganado ovino, adem\u00e1s de comida t\u00edpica, artesan\u00eda, juegos para los ni\u00f1os, m\u00fasica en vivo y competencias de esquila e hilado de lana de oveja.<\/em><\/p>\n\n\n\n<p>Este s\u00e1bado 23 de noviembre se desarrollar\u00e1 la 1\u00b0 edici\u00f3n de la Expo Ovino, en el sector de&nbsp;en el sector de Mune Alto, Kil\u00f3metro 23, cancha Ecran.<\/p>\n\n\n\n<p>El evento organizado por la Junta De Vecinos Cuatro R de Mune Alto y la Municipalidad de Pitrufqu\u00e9n busca resaltar el trabajo que realizan los vecinos y emprendedores que se dedican a la crianza de oveja ya sea para el consumo como tambi\u00e9n para la obtenci\u00f3n de otros insumos como la lana.&nbsp;<\/p>\n\n\n\n<p>En la oportunidad, los asistentes a la Expo Ovino podr\u00e1n conocer muna&nbsp;gran variedad de razas ovinas, competencias de hilados en uso y esquila de ovejas, te\u00f1ido y utilizaci\u00f3n en artesan\u00edas, y toda la gastronom\u00eda relacionada a asados y cocimiento de cordero. Todo amenizado con la presencia de emprendimientos locales y m\u00fasica en vivo&nbsp;&nbsp;desde las 10:00 a las 19:00 horas.<\/p>\n\n\n\n<p>La Alcaldesa Jacqueline Romero, invit\u00f3 a la gente de La Araucan\u00eda a visitar y disfrutar en familia de esta fiesta. \u201cComo Municipio queremos hacer una gran invitaci\u00f3n a la primera Expo Ovino en el sector Mune Alto en la comuna de Pitrufqu\u00e9n. En conjunto con nuestros vecinos vamos a levantar esta actividad para que las personas de la comuna y de otros sectores de la regi\u00f3n lo pasen bien en un ambiente familiar\u201d<\/p>\n\n\n\n<p>Rosa Alvarado, integrante de la JJ.VV cuatro R de Mune Alto se\u00f1al\u00f3 que \u201cquienes vengan a este lugar podr\u00e1n conocer una variedad importante de razas de ovinos y diversas competencias. Todo con el prop\u00f3sito de dar a conocer lo que hacemos en el sector donde hay varios emprendimientos como mi emprendimiento que se especializa en l\u00e1cteos y reposter\u00eda\u201d.<\/p>\n\n\n\n<p>Maglia Copa, integrante de la Junta de Vecinos, se\u00f1al\u00f3 que tras este evento hay mucho esfuerzo y entusiasmo, \u201cpor lo que nos queda es invitarlos a todos a venir y disfrutar de una jornada inolvidable donde las personas podr\u00e1n conocer muchas de las actividades asociadas a la crianza del ganado ovino. No se van a arrepentir. Est\u00e1n todos invitados\u201d.<\/p>\n\n\n\n<p>De esta manera, esta 1\u00b0 versi\u00f3n de la Expo Ovina, promete ser un panorama imperdible para este fin de semana para Pitrufqu\u00e9n y La Araucan\u00eda.<\/p>\n\n\n\n<figure class=\"wp-block-image size-large\"><img loading=\"lazy\" decoding=\"async\" width=\"1000\" height=\"668\" src=\"https:\/\/temucotelevision.cl\/web\/wp-content\/uploads\/2024\/11\/Expo-Ovina-1000x668.jpg\" alt=\"\" class=\"wp-image-53726\" srcset=\"https:\/\/temucotelevision.cl\/web\/wp-content\/uploads\/2024\/11\/Expo-Ovina-1000x668.jpg 1000w, https:\/\/temucotelevision.cl\/web\/wp-content\/uploads\/2024\/11\/Expo-Ovina-768x513.jpg 768w, https:\/\/temucotelevision.cl\/web\/wp-content\/uploads\/2024\/11\/Expo-Ovina-1536x1026.jpg 1536w, https:\/\/temucotelevision.cl\/web\/wp-content\/uploads\/2024\/11\/Expo-Ovina-2048x1368.jpg 2048w\" sizes=\"auto, (max-width: 1000px) 100vw, 1000px\" \/><\/figure>\n","protected":false},"excerpt":{"rendered":"<div class=\"pvc_clear\"><\/div>\n<p id=\"pvc_stats_53724\" class=\"pvc_stats total_only  \" data-element-id=\"53724\" style=\"\"><i class=\"pvc-stats-icon large\" aria-hidden=\"true\"><svg aria-hidden=\"true\" focusable=\"false\" data-prefix=\"far\" data-icon=\"chart-bar\" role=\"img\" xmlns=\"http:\/\/www.w3.org\/2000\/svg\" viewBox=\"0 0 512 512\" class=\"svg-inline--fa fa-chart-bar fa-w-16 fa-2x\"><path fill=\"currentColor\" d=\"M396.8 352h22.4c6.4 0 12.8-6.4 12.8-12.8V108.8c0-6.4-6.4-12.8-12.8-12.8h-22.4c-6.4 0-12.8 6.4-12.8 12.8v230.4c0 6.4 6.4 12.8 12.8 12.8zm-192 0h22.4c6.4 0 12.8-6.4 12.8-12.8V140.8c0-6.4-6.4-12.8-12.8-12.8h-22.4c-6.4 0-12.8 6.4-12.8 12.8v198.4c0 6.4 6.4 12.8 12.8 12.8zm96 0h22.4c6.4 0 12.8-6.4 12.8-12.8V204.8c0-6.4-6.4-12.8-12.8-12.8h-22.4c-6.4 0-12.8 6.4-12.8 12.8v134.4c0 6.4 6.4 12.8 12.8 12.8zM496 400H48V80c0-8.84-7.16-16-16-16H16C7.16 64 0 71.16 0 80v336c0 17.67 14.33 32 32 32h464c8.84 0 16-7.16 16-16v-16c0-8.84-7.16-16-16-16zm-387.2-48h22.4c6.4 0 12.8-6.4 12.8-12.8v-70.4c0-6.4-6.4-12.8-12.8-12.8h-22.4c-6.4 0-12.8 6.4-12.8 12.8v70.4c0 6.4 6.4 12.8 12.8 12.8z\" class=\"\"><\/path><\/svg><\/i> <img loading=\"lazy\" decoding=\"async\" width=\"16\" height=\"16\" alt=\"Loading\" src=\"https:\/\/temucotelevision.cl\/web\/wp-content\/plugins\/page-views-count\/ajax-loader-2x.gif\" border=0 \/><\/p>\n<div class=\"pvc_clear\"><\/div>\n<p>La expo tendr\u00e1 muestra de ganado ovino, adem\u00e1s de comida t\u00edpica, artesan\u00eda, juegos para los ni\u00f1os, m\u00fasica en vivo y<\/p>\n","protected":false},"author":1,"featured_media":53725,"comment_status":"open","ping_status":"open","sticky":false,"template":"","format":"standard","meta":{"colormag_page_container_layout":"default_layout","colormag_page_sidebar_layout":"default_layout","footnotes":""},"categories":[86],"tags":[314],"class_list":["post-53724","post","type-post","status-publish","format-standard","has-post-thumbnail","hentry","category-panoramas","tag-expo"],"a3_pvc":{"activated":true,"total_views":1123,"today_views":1},"_links":{"self":[{"href":"https:\/\/temucotelevision.cl\/web\/wp-json\/wp\/v2\/posts\/53724","targetHints":{"allow":["GET"]}}],"collection":[{"href":"https:\/\/temucotelevision.cl\/web\/wp-json\/wp\/v2\/posts"}],"about":[{"href":"https:\/\/temucotelevision.cl\/web\/wp-json\/wp\/v2\/types\/post"}],"author":[{"embeddable":true,"href":"https:\/\/temucotelevision.cl\/web\/wp-json\/wp\/v2\/users\/1"}],"replies":[{"embeddable":true,"href":"https:\/\/temucotelevision.cl\/web\/wp-json\/wp\/v2\/comments?post=53724"}],"version-history":[{"count":1,"href":"https:\/\/temucotelevision.cl\/web\/wp-json\/wp\/v2\/posts\/53724\/revisions"}],"predecessor-version":[{"id":53727,"href":"https:\/\/temucotelevision.cl\/web\/wp-json\/wp\/v2\/posts\/53724\/revisions\/53727"}],"wp:featuredmedia":[{"embeddable":true,"href":"https:\/\/temucotelevision.cl\/web\/wp-json\/wp\/v2\/media\/53725"}],"wp:attachment":[{"href":"https:\/\/temucotelevision.cl\/web\/wp-json\/wp\/v2\/media?parent=53724"}],"wp:term":[{"taxonomy":"category","embeddable":true,"href":"https:\/\/temucotelevision.cl\/web\/wp-json\/wp\/v2\/categories?post=53724"},{"taxonomy":"post_tag","embeddable":true,"href":"https:\/\/temucotelevision.cl\/web\/wp-json\/wp\/v2\/tags?post=53724"}],"curies":[{"name":"wp","href":"https:\/\/api.w.org\/{rel}","templated":true}]}}