{"id":53721,"date":"2024-11-20T23:15:26","date_gmt":"2024-11-21T02:15:26","guid":{"rendered":"https:\/\/temucotelevision.cl\/web\/?p=53721"},"modified":"2024-11-20T23:15:27","modified_gmt":"2024-11-21T02:15:27","slug":"exitoso-primer-campeonato-de-pesca-inclusiva-se-realizo-en-pitrufquen","status":"publish","type":"post","link":"https:\/\/temucotelevision.cl\/web\/2024\/11\/20\/exitoso-primer-campeonato-de-pesca-inclusiva-se-realizo-en-pitrufquen\/","title":{"rendered":"Exitoso primer campeonato de pesca inclusiva se realiz\u00f3 en Pitrufqu\u00e9n"},"content":{"rendered":"<div class=\"pvc_clear\"><\/div><p id=\"pvc_stats_53721\" class=\"pvc_stats total_only  \" data-element-id=\"53721\" style=\"\"><i class=\"pvc-stats-icon large\" aria-hidden=\"true\"><svg aria-hidden=\"true\" focusable=\"false\" data-prefix=\"far\" data-icon=\"chart-bar\" role=\"img\" xmlns=\"http:\/\/www.w3.org\/2000\/svg\" viewBox=\"0 0 512 512\" class=\"svg-inline--fa fa-chart-bar fa-w-16 fa-2x\"><path fill=\"currentColor\" d=\"M396.8 352h22.4c6.4 0 12.8-6.4 12.8-12.8V108.8c0-6.4-6.4-12.8-12.8-12.8h-22.4c-6.4 0-12.8 6.4-12.8 12.8v230.4c0 6.4 6.4 12.8 12.8 12.8zm-192 0h22.4c6.4 0 12.8-6.4 12.8-12.8V140.8c0-6.4-6.4-12.8-12.8-12.8h-22.4c-6.4 0-12.8 6.4-12.8 12.8v198.4c0 6.4 6.4 12.8 12.8 12.8zm96 0h22.4c6.4 0 12.8-6.4 12.8-12.8V204.8c0-6.4-6.4-12.8-12.8-12.8h-22.4c-6.4 0-12.8 6.4-12.8 12.8v134.4c0 6.4 6.4 12.8 12.8 12.8zM496 400H48V80c0-8.84-7.16-16-16-16H16C7.16 64 0 71.16 0 80v336c0 17.67 14.33 32 32 32h464c8.84 0 16-7.16 16-16v-16c0-8.84-7.16-16-16-16zm-387.2-48h22.4c6.4 0 12.8-6.4 12.8-12.8v-70.4c0-6.4-6.4-12.8-12.8-12.8h-22.4c-6.4 0-12.8 6.4-12.8 12.8v70.4c0 6.4 6.4 12.8 12.8 12.8z\" class=\"\"><\/path><\/svg><\/i> <img loading=\"lazy\" decoding=\"async\" width=\"16\" height=\"16\" alt=\"Loading\" src=\"https:\/\/temucotelevision.cl\/web\/wp-content\/plugins\/page-views-count\/ajax-loader-2x.gif\" border=0 \/><\/p><div class=\"pvc_clear\"><\/div>\n<p><em>Ya se eval\u00faa realizar en el futuro un primer campeonato regional de pesca inclusiva.<\/em><\/p>\n\n\n\n<p>Una gran jornada entorno a la pesca inclusiva se vivi\u00f3 en el R\u00edo Tolt\u00e9n, con el 1\u00b0 campeonato de pesca para personas en situaci\u00f3n de discapacidad, iniciativa del gu\u00eda de pesca Sergio R\u00edos, que fue apoyada por la Municipalidad de Pitrufqu\u00e9n, a trav\u00e9s de la Casa de la Inclusi\u00f3n y el Programa de Turismo.<\/p>\n\n\n\n<p>Fueron 15 personas en situaci\u00f3n de discapacidad que bajaron el r\u00edo, pudiendo pescar hasta cuatro ejemplares.<\/p>\n\n\n\n<p>Uno de ellos, Miguel Coronado de Temuco, quien sufre de movilidad reducida debido a una &nbsp;mielomeningocele, calific\u00f3 de maravillosa la experiencia. \u201cMe gusta la pesca. Esta es mi primera experiencia en bote, porque siempre he pescado a orilla de r\u00edo. Pero esto ha sido lo m\u00e1ximo. El poder avanzar en el r\u00edo, ha sido una experiencia maravillosa\u201d.<\/p>\n\n\n\n<p>Por su parte, Rut Rodr\u00edguez, no vidente, coment\u00f3 que &nbsp;\u201ces primera vez que me subo a un bote. Me sent\u00ed s\u00faper nerviosa, pero es s\u00faper entretenido. Me gusto. Es una experiencia maravillosa. Y si bien las personas pueden tener distintos tipos de discapacidad, hay que atreverse a hacer distintas cosas. Uno tiene que pasarla bien y disfrutar el momento. Y la emoci\u00f3n de subirse a un bote es relajante, es estar tranquilo y muy emocionante\u201d.<\/p>\n\n\n\n<p>En ese sentido, Juan Carlos R\u00edos, gu\u00eda de pesca por m\u00e1s de 40 a\u00f1os, aplaudi\u00f3 la iniciativa de su hermano Sergio. \u201cEsta iniciativa de mi hermano Sergio la encuentro espectacular. Porque toda la gente tiene derecho a pescar. Tenemos un r\u00edo hermoso y tenemos que aprovecharlo. Hay gente que nunca hab\u00eda bajado el r\u00edo y vienen felices. Les ha picado y han sacado sus salmoncitos\u201d.<\/p>\n\n\n\n<p>Para los organizadores, la actividad fue motivante y no se descarta que pudiera replicarse en una nueva fecha involucrando a m\u00e1s personas en situaci\u00f3n de discapacidad, quienes vivieron una experiencia nueva, disfrutando del r\u00edo y el entorno ecol\u00f3gico.<\/p>\n\n\n\n<p><strong>Evaluaci\u00f3n positiva<\/strong><\/p>\n\n\n\n<p>Ante el \u00e9xito de la actividad, que marc\u00f3 un hito a nivel nacional, se present\u00f3 a la Alcaldesa de Pitrufqu\u00e9n Jacqueline Romero, la propuesta de realizar un Campeonato Regional de Pesca Inclusiva en el futuro; la cual fue bien recibida, destac\u00e1ndose el valor de esta actividad que promueve la inclusi\u00f3n de las personas en situaci\u00f3n de discapacidad en la pesca deportiva y recreativa. As\u00ed como, tambi\u00e9n, el fomento del turismo y el deporte a nivel comunal y regional.<\/p>\n","protected":false},"excerpt":{"rendered":"<div class=\"pvc_clear\"><\/div>\n<p id=\"pvc_stats_53721\" class=\"pvc_stats total_only  \" data-element-id=\"53721\" style=\"\"><i class=\"pvc-stats-icon large\" aria-hidden=\"true\"><svg aria-hidden=\"true\" focusable=\"false\" data-prefix=\"far\" data-icon=\"chart-bar\" role=\"img\" xmlns=\"http:\/\/www.w3.org\/2000\/svg\" viewBox=\"0 0 512 512\" class=\"svg-inline--fa fa-chart-bar fa-w-16 fa-2x\"><path fill=\"currentColor\" d=\"M396.8 352h22.4c6.4 0 12.8-6.4 12.8-12.8V108.8c0-6.4-6.4-12.8-12.8-12.8h-22.4c-6.4 0-12.8 6.4-12.8 12.8v230.4c0 6.4 6.4 12.8 12.8 12.8zm-192 0h22.4c6.4 0 12.8-6.4 12.8-12.8V140.8c0-6.4-6.4-12.8-12.8-12.8h-22.4c-6.4 0-12.8 6.4-12.8 12.8v198.4c0 6.4 6.4 12.8 12.8 12.8zm96 0h22.4c6.4 0 12.8-6.4 12.8-12.8V204.8c0-6.4-6.4-12.8-12.8-12.8h-22.4c-6.4 0-12.8 6.4-12.8 12.8v134.4c0 6.4 6.4 12.8 12.8 12.8zM496 400H48V80c0-8.84-7.16-16-16-16H16C7.16 64 0 71.16 0 80v336c0 17.67 14.33 32 32 32h464c8.84 0 16-7.16 16-16v-16c0-8.84-7.16-16-16-16zm-387.2-48h22.4c6.4 0 12.8-6.4 12.8-12.8v-70.4c0-6.4-6.4-12.8-12.8-12.8h-22.4c-6.4 0-12.8 6.4-12.8 12.8v70.4c0 6.4 6.4 12.8 12.8 12.8z\" class=\"\"><\/path><\/svg><\/i> <img loading=\"lazy\" decoding=\"async\" width=\"16\" height=\"16\" alt=\"Loading\" src=\"https:\/\/temucotelevision.cl\/web\/wp-content\/plugins\/page-views-count\/ajax-loader-2x.gif\" border=0 \/><\/p>\n<div class=\"pvc_clear\"><\/div>\n<p>Ya se eval\u00faa realizar en el futuro un primer campeonato regional de pesca inclusiva. Una gran jornada entorno a la<\/p>\n","protected":false},"author":1,"featured_media":53722,"comment_status":"open","ping_status":"open","sticky":false,"template":"","format":"standard","meta":{"colormag_page_container_layout":"default_layout","colormag_page_sidebar_layout":"default_layout","footnotes":""},"categories":[86],"tags":[366],"class_list":["post-53721","post","type-post","status-publish","format-standard","has-post-thumbnail","hentry","category-panoramas","tag-pesca"],"a3_pvc":{"activated":true,"total_views":1137,"today_views":0},"_links":{"self":[{"href":"https:\/\/temucotelevision.cl\/web\/wp-json\/wp\/v2\/posts\/53721","targetHints":{"allow":["GET"]}}],"collection":[{"href":"https:\/\/temucotelevision.cl\/web\/wp-json\/wp\/v2\/posts"}],"about":[{"href":"https:\/\/temucotelevision.cl\/web\/wp-json\/wp\/v2\/types\/post"}],"author":[{"embeddable":true,"href":"https:\/\/temucotelevision.cl\/web\/wp-json\/wp\/v2\/users\/1"}],"replies":[{"embeddable":true,"href":"https:\/\/temucotelevision.cl\/web\/wp-json\/wp\/v2\/comments?post=53721"}],"version-history":[{"count":1,"href":"https:\/\/temucotelevision.cl\/web\/wp-json\/wp\/v2\/posts\/53721\/revisions"}],"predecessor-version":[{"id":53723,"href":"https:\/\/temucotelevision.cl\/web\/wp-json\/wp\/v2\/posts\/53721\/revisions\/53723"}],"wp:featuredmedia":[{"embeddable":true,"href":"https:\/\/temucotelevision.cl\/web\/wp-json\/wp\/v2\/media\/53722"}],"wp:attachment":[{"href":"https:\/\/temucotelevision.cl\/web\/wp-json\/wp\/v2\/media?parent=53721"}],"wp:term":[{"taxonomy":"category","embeddable":true,"href":"https:\/\/temucotelevision.cl\/web\/wp-json\/wp\/v2\/categories?post=53721"},{"taxonomy":"post_tag","embeddable":true,"href":"https:\/\/temucotelevision.cl\/web\/wp-json\/wp\/v2\/tags?post=53721"}],"curies":[{"name":"wp","href":"https:\/\/api.w.org\/{rel}","templated":true}]}}