{"id":53718,"date":"2024-11-20T23:13:17","date_gmt":"2024-11-21T02:13:17","guid":{"rendered":"https:\/\/temucotelevision.cl\/web\/?p=53718"},"modified":"2024-11-20T23:13:17","modified_gmt":"2024-11-21T02:13:17","slug":"gobierno-prepara-segunda-vuelta-de-eleccion-de-gobernador-regional-en-la-provincia-de-malleco","status":"publish","type":"post","link":"https:\/\/temucotelevision.cl\/web\/2024\/11\/20\/gobierno-prepara-segunda-vuelta-de-eleccion-de-gobernador-regional-en-la-provincia-de-malleco\/","title":{"rendered":"Gobierno prepara segunda vuelta de Elecci\u00f3n de Gobernador Regional en la provincia de Malleco"},"content":{"rendered":"<div class=\"pvc_clear\"><\/div><p id=\"pvc_stats_53718\" class=\"pvc_stats total_only  \" data-element-id=\"53718\" style=\"\"><i class=\"pvc-stats-icon large\" aria-hidden=\"true\"><svg aria-hidden=\"true\" focusable=\"false\" data-prefix=\"far\" data-icon=\"chart-bar\" role=\"img\" xmlns=\"http:\/\/www.w3.org\/2000\/svg\" viewBox=\"0 0 512 512\" class=\"svg-inline--fa fa-chart-bar fa-w-16 fa-2x\"><path fill=\"currentColor\" d=\"M396.8 352h22.4c6.4 0 12.8-6.4 12.8-12.8V108.8c0-6.4-6.4-12.8-12.8-12.8h-22.4c-6.4 0-12.8 6.4-12.8 12.8v230.4c0 6.4 6.4 12.8 12.8 12.8zm-192 0h22.4c6.4 0 12.8-6.4 12.8-12.8V140.8c0-6.4-6.4-12.8-12.8-12.8h-22.4c-6.4 0-12.8 6.4-12.8 12.8v198.4c0 6.4 6.4 12.8 12.8 12.8zm96 0h22.4c6.4 0 12.8-6.4 12.8-12.8V204.8c0-6.4-6.4-12.8-12.8-12.8h-22.4c-6.4 0-12.8 6.4-12.8 12.8v134.4c0 6.4 6.4 12.8 12.8 12.8zM496 400H48V80c0-8.84-7.16-16-16-16H16C7.16 64 0 71.16 0 80v336c0 17.67 14.33 32 32 32h464c8.84 0 16-7.16 16-16v-16c0-8.84-7.16-16-16-16zm-387.2-48h22.4c6.4 0 12.8-6.4 12.8-12.8v-70.4c0-6.4-6.4-12.8-12.8-12.8h-22.4c-6.4 0-12.8 6.4-12.8 12.8v70.4c0 6.4 6.4 12.8 12.8 12.8z\" class=\"\"><\/path><\/svg><\/i> <img loading=\"lazy\" decoding=\"async\" width=\"16\" height=\"16\" alt=\"Loading\" src=\"https:\/\/temucotelevision.cl\/web\/wp-content\/plugins\/page-views-count\/ajax-loader-2x.gif\" border=0 \/><\/p><div class=\"pvc_clear\"><\/div>\n<ul class=\"wp-block-list\">\n<li><em>Este domingo 24 de noviembre se realizar\u00e1n los comicios en 11 regiones del pa\u00eds, incluida La Araucan\u00eda.<\/em><\/li>\n<\/ul>\n\n\n\n<p>Once de las 16 regiones del pa\u00eds volver\u00e1n a las urnas este domingo 24 de noviembre, cuando se efect\u00fae la segunda vuelta de elecciones para Gobernador Regional, exceptuando Tarapac\u00e1, \u00d1uble, Los R\u00edos, Ays\u00e9n y Magallanes.<\/p>\n\n\n\n<p>En la provincia de Malleco el Gobierno ya comenz\u00f3 a movilizarse para preparar el proceso electoral, para lo cual la delegada presidencial subrogante de Malleco, Ver\u00f3nica L\u00f3pez-Videla efectu\u00f3 un punto de prensa para abordar las claves que se contempla para este fin de semana, junto al mayor Fernando Mella de Carabineros de Malleco y al prefecto Rodrigo Briones de la Prefectura Malleco de la PDI.<\/p>\n\n\n\n<p>\u201cLos horarios del proceso, como establece la ley, son 10 horas de funcionamiento, iniciando a las 8:00 hrs. Cuando uno ejerce este ejercicio democr\u00e1tico, es muy importante, porque lo que est\u00e1 haciendo en definitiva es decidir por el futuro de nuestro territorio, de nuestra regi\u00f3n. Estamos muy orgullosos de c\u00f3mo se realiz\u00f3 el proceso en la primera vuelta, y para eso han sido fundamentales el apoyo tanto del Ej\u00e9rcito como de Carabineros y la Polic\u00eda de Investigaciones\u201d, remarc\u00f3 la delegada.<\/p>\n\n\n\n<p>En el \u00e1mbito de seguridad, el mayor Fernando Mella, subprefecto administrativo de la Prefectura de Carabineros Malleco, habl\u00f3 de la labor de la instituci\u00f3n para este domingo: \u201cTenemos planificado realizar servicios ordinarios y extraordinarios reforzando en toda la provincia de Malleco para poder asegurar a todos los habitantes poder constituirse y poder votar en esta elecci\u00f3n del d\u00eda domingo. Para ello hemos desplegado servicios no solamente en las rutas principales, sino que en todos los lugares de votaci\u00f3n en el exterior para que sea fluido y sea lo m\u00e1s seguro posible para todas las personas\u201d.<\/p>\n\n\n\n<p>Por su parte, el subprefecto Rodrigo Briones, de la Prefectura Provincial PDI Malleco, expres\u00f3 que tambi\u00e9n contar\u00e1n con horario especial: \u201cComo en todos los procesos eleccionarios, la instituci\u00f3n tambi\u00e9n refuerza sus servicios de turno ac\u00e1 en la provincia y tambi\u00e9n reforzamos nuestros cuarteles para recepci\u00f3n de denuncias en el caso que haya que requerir o actuar en alg\u00fan delito, flagrante o no, que se est\u00e9 denunciando. Tambi\u00e9n est\u00e1n los cuarteles nuestros en la provincia, ubicados en Traigu\u00e9n y Victoria, que es de la misma modalidad, ellos refuerzan su servicio de turno y su servicio de guardia para prestar esta cobertura al proceso\u201d.<\/p>\n\n\n\n<p>Respecto al transporte, la autoridad provincial indic\u00f3 que estar\u00e1n disponibles los mismos servicios del proceso anterior en todas las comunas de la provincia, pero que en detalle se podr\u00e1n observar en la p\u00e1gina web de la Direcci\u00f3n de Tr\u00e1nsito, elecciones.dtpr.cl . Adem\u00e1s, EFE dispondr\u00e1 de servicios gratuitos entre 9:25 y 21:41 horas de Pitrufqu\u00e9n hacia Victoria, y salidas desde Temuco entre 8:41 y 20:11 horas.<\/p>\n\n\n\n<p>Ver\u00f3nica L\u00f3pez-Videla tambi\u00e9n insta a todas las personas en condici\u00f3n de votar que revisen con anticipaci\u00f3n sus datos en consulta.servel.cl, y advierte que quienes no est\u00e9n en condiciones de votar -s\u00f3lo se valida sufrir enfermedades, encontrarse fuera del pa\u00eds o a m\u00e1s de 200 kil\u00f3metros de un local de votaci\u00f3n- deben esperar la notificaci\u00f3n del juzgado para iniciar la excusa con los documentos pertinentes seg\u00fan el caso.<\/p>\n\n\n\n<p>\u201cEs una votaci\u00f3n obligatoria. Aquellos que no lleguen a votar se exponen a una multa en torno a los $33.000. Recordar tambi\u00e9n que los vocales que participaron en las Elecciones de octubre tienen que nuevamente llegar en estas elecciones. Y tambi\u00e9n a la ciudadan\u00eda que no se les olvide: el carnet o pasaporte y un l\u00e1piz, porque con un l\u00e1piz podemos decidir nuestro futuro\u201d, concluy\u00f3 la Delegada Ver\u00f3nica L\u00f3pez-Videla.<\/p>\n","protected":false},"excerpt":{"rendered":"<div class=\"pvc_clear\"><\/div>\n<p id=\"pvc_stats_53718\" class=\"pvc_stats total_only  \" data-element-id=\"53718\" style=\"\"><i class=\"pvc-stats-icon large\" aria-hidden=\"true\"><svg aria-hidden=\"true\" focusable=\"false\" data-prefix=\"far\" data-icon=\"chart-bar\" role=\"img\" xmlns=\"http:\/\/www.w3.org\/2000\/svg\" viewBox=\"0 0 512 512\" class=\"svg-inline--fa fa-chart-bar fa-w-16 fa-2x\"><path fill=\"currentColor\" d=\"M396.8 352h22.4c6.4 0 12.8-6.4 12.8-12.8V108.8c0-6.4-6.4-12.8-12.8-12.8h-22.4c-6.4 0-12.8 6.4-12.8 12.8v230.4c0 6.4 6.4 12.8 12.8 12.8zm-192 0h22.4c6.4 0 12.8-6.4 12.8-12.8V140.8c0-6.4-6.4-12.8-12.8-12.8h-22.4c-6.4 0-12.8 6.4-12.8 12.8v198.4c0 6.4 6.4 12.8 12.8 12.8zm96 0h22.4c6.4 0 12.8-6.4 12.8-12.8V204.8c0-6.4-6.4-12.8-12.8-12.8h-22.4c-6.4 0-12.8 6.4-12.8 12.8v134.4c0 6.4 6.4 12.8 12.8 12.8zM496 400H48V80c0-8.84-7.16-16-16-16H16C7.16 64 0 71.16 0 80v336c0 17.67 14.33 32 32 32h464c8.84 0 16-7.16 16-16v-16c0-8.84-7.16-16-16-16zm-387.2-48h22.4c6.4 0 12.8-6.4 12.8-12.8v-70.4c0-6.4-6.4-12.8-12.8-12.8h-22.4c-6.4 0-12.8 6.4-12.8 12.8v70.4c0 6.4 6.4 12.8 12.8 12.8z\" class=\"\"><\/path><\/svg><\/i> <img loading=\"lazy\" decoding=\"async\" width=\"16\" height=\"16\" alt=\"Loading\" src=\"https:\/\/temucotelevision.cl\/web\/wp-content\/plugins\/page-views-count\/ajax-loader-2x.gif\" border=0 \/><\/p>\n<div class=\"pvc_clear\"><\/div>\n<p>Once de las 16 regiones del pa\u00eds volver\u00e1n a las urnas este domingo 24 de noviembre, cuando se efect\u00fae la<\/p>\n","protected":false},"author":1,"featured_media":53719,"comment_status":"open","ping_status":"open","sticky":false,"template":"","format":"standard","meta":{"colormag_page_container_layout":"default_layout","colormag_page_sidebar_layout":"default_layout","footnotes":""},"categories":[15],"tags":[3577],"class_list":["post-53718","post","type-post","status-publish","format-standard","has-post-thumbnail","hentry","category-la-araucania","tag-elecciones"],"a3_pvc":{"activated":true,"total_views":975,"today_views":0},"_links":{"self":[{"href":"https:\/\/temucotelevision.cl\/web\/wp-json\/wp\/v2\/posts\/53718","targetHints":{"allow":["GET"]}}],"collection":[{"href":"https:\/\/temucotelevision.cl\/web\/wp-json\/wp\/v2\/posts"}],"about":[{"href":"https:\/\/temucotelevision.cl\/web\/wp-json\/wp\/v2\/types\/post"}],"author":[{"embeddable":true,"href":"https:\/\/temucotelevision.cl\/web\/wp-json\/wp\/v2\/users\/1"}],"replies":[{"embeddable":true,"href":"https:\/\/temucotelevision.cl\/web\/wp-json\/wp\/v2\/comments?post=53718"}],"version-history":[{"count":1,"href":"https:\/\/temucotelevision.cl\/web\/wp-json\/wp\/v2\/posts\/53718\/revisions"}],"predecessor-version":[{"id":53720,"href":"https:\/\/temucotelevision.cl\/web\/wp-json\/wp\/v2\/posts\/53718\/revisions\/53720"}],"wp:featuredmedia":[{"embeddable":true,"href":"https:\/\/temucotelevision.cl\/web\/wp-json\/wp\/v2\/media\/53719"}],"wp:attachment":[{"href":"https:\/\/temucotelevision.cl\/web\/wp-json\/wp\/v2\/media?parent=53718"}],"wp:term":[{"taxonomy":"category","embeddable":true,"href":"https:\/\/temucotelevision.cl\/web\/wp-json\/wp\/v2\/categories?post=53718"},{"taxonomy":"post_tag","embeddable":true,"href":"https:\/\/temucotelevision.cl\/web\/wp-json\/wp\/v2\/tags?post=53718"}],"curies":[{"name":"wp","href":"https:\/\/api.w.org\/{rel}","templated":true}]}}