{"id":53705,"date":"2024-11-19T20:56:51","date_gmt":"2024-11-19T23:56:51","guid":{"rendered":"https:\/\/temucotelevision.cl\/web\/?p=53705"},"modified":"2024-11-19T20:56:52","modified_gmt":"2024-11-19T23:56:52","slug":"presentan-plan-para-enfrentar-los-incendios-forestales-en-la-araucania","status":"publish","type":"post","link":"https:\/\/temucotelevision.cl\/web\/2024\/11\/19\/presentan-plan-para-enfrentar-los-incendios-forestales-en-la-araucania\/","title":{"rendered":"Presentan plan para enfrentar los incendios forestales en La Araucan\u00eda"},"content":{"rendered":"<div class=\"pvc_clear\"><\/div><p id=\"pvc_stats_53705\" class=\"pvc_stats total_only  \" data-element-id=\"53705\" style=\"\"><i class=\"pvc-stats-icon large\" aria-hidden=\"true\"><svg aria-hidden=\"true\" focusable=\"false\" data-prefix=\"far\" data-icon=\"chart-bar\" role=\"img\" xmlns=\"http:\/\/www.w3.org\/2000\/svg\" viewBox=\"0 0 512 512\" class=\"svg-inline--fa fa-chart-bar fa-w-16 fa-2x\"><path fill=\"currentColor\" d=\"M396.8 352h22.4c6.4 0 12.8-6.4 12.8-12.8V108.8c0-6.4-6.4-12.8-12.8-12.8h-22.4c-6.4 0-12.8 6.4-12.8 12.8v230.4c0 6.4 6.4 12.8 12.8 12.8zm-192 0h22.4c6.4 0 12.8-6.4 12.8-12.8V140.8c0-6.4-6.4-12.8-12.8-12.8h-22.4c-6.4 0-12.8 6.4-12.8 12.8v198.4c0 6.4 6.4 12.8 12.8 12.8zm96 0h22.4c6.4 0 12.8-6.4 12.8-12.8V204.8c0-6.4-6.4-12.8-12.8-12.8h-22.4c-6.4 0-12.8 6.4-12.8 12.8v134.4c0 6.4 6.4 12.8 12.8 12.8zM496 400H48V80c0-8.84-7.16-16-16-16H16C7.16 64 0 71.16 0 80v336c0 17.67 14.33 32 32 32h464c8.84 0 16-7.16 16-16v-16c0-8.84-7.16-16-16-16zm-387.2-48h22.4c6.4 0 12.8-6.4 12.8-12.8v-70.4c0-6.4-6.4-12.8-12.8-12.8h-22.4c-6.4 0-12.8 6.4-12.8 12.8v70.4c0 6.4 6.4 12.8 12.8 12.8z\" class=\"\"><\/path><\/svg><\/i> <img loading=\"lazy\" decoding=\"async\" width=\"16\" height=\"16\" alt=\"Loading\" src=\"https:\/\/temucotelevision.cl\/web\/wp-content\/plugins\/page-views-count\/ajax-loader-2x.gif\" border=0 \/><\/p><div class=\"pvc_clear\"><\/div>\n<p><em>Ser\u00e1n 29 brigadas en las provincias de Caut\u00edn y Malleco, que incluyen las nocturnas y las helitransportadas. Habr\u00e1 9 aeronaves, incluyendo un avi\u00f3n de Coordinaci\u00f3n (ACO), un avi\u00f3n de Observaci\u00f3n y tres helic\u00f3pteros, entre otros medios.&nbsp;<\/em><\/p>\n\n\n\n<p>El Gobierno a trav\u00e9s de la Corporaci\u00f3n Nacional Forestal (CONAF) Regional, dio a conocer el Plan Operativo de Prevenci\u00f3n y Respuesta contra Incendios Forestales para la presente temporada.&nbsp;<\/p>\n\n\n\n<p>\u201cPara nosotros como Ministerio de Agricultura es muy importante el proceso de preparaci\u00f3n que tenemos a partir del plan de CONAF, as\u00ed es que hacemos el llamado tambi\u00e9n a nuestros agricultores y agricultoras a estar preparados.&nbsp; La prevenci\u00f3n es fundamental para evitar situaciones complejas como las que ya hemos vivido en nuestra regi\u00f3n, por lo tanto, seguir las instrucciones de los equipos y por, sobre todo, generar las medidas que sean necesarias en las diferentes labores agr\u00edcolas, para as\u00ed evitar que se produzcan incendios en los campos y zonas rurales\u201d, subray\u00f3 el seremi de Agricultura H\u00e9ctor Cumilaf.<\/p>\n\n\n\n<p>Los recursos desplegados, corresponden a 380 brigadistas&nbsp;distribuidos en 29 brigadas en Caut\u00edn y Malleco: nocturnas, helitransportadas, cisternas y mecanizadas; 9 aeronaves, incluyendo un avi\u00f3n de Coordinaci\u00f3n (ACO), un avi\u00f3n de Observaci\u00f3n y tres helic\u00f3pteros; adem\u00e1s de Equipamiento especializado: camiones cisterna y chipeadoras, entre otras.&nbsp;<\/p>\n\n\n\n<p><strong>Nuevos Camiones&nbsp;<\/strong><\/p>\n\n\n\n<p>Por su parte, la directora regional de CONAF, Mar\u00eda Huentequeo, se\u00f1al\u00f3, \u201cestamos preparados para el alto riesgo de incendios pronosticado para enero y febrero, con 380 brigadistas en la regi\u00f3n, incluyendo 2 brigadas nocturnas para atender incendios que inician en la tarde o noche. Adem\u00e1s, contamos con aviones y helic\u00f3pteros para el combate a\u00e9reo\u201d.<\/p>\n\n\n\n<p>Esta temporada, se contar\u00e1 con una renovaci\u00f3n en la flota de camiones de transporte y aljibes, con el objetivo de mejorar la capacidad de respuesta ante las emergencias, as\u00ed como, subir el est\u00e1ndar de seguridad para el personal.&nbsp; Entre las caracter\u00edsticas que se destacan en los camiones mixtos, poseen capacidad de estanque entre 2.000 a 2.500 litros y cuentan con una carrocer\u00eda m\u00e1s amplia para el traslado del personal, los equipos y herramientas.<\/p>\n\n\n\n<p>La directora regional de SENAPRED, Janet Medrano, resalt\u00f3 el trabajo preventivo y coordinado, \u201cdesde agosto hemos fortalecido las coordinaciones en los Municipios, definiendo procedimientos efectivos para evacuaciones y movilizaci\u00f3n de recursos. Este enfoque preventivo es clave en el nuevo sistema de gesti\u00f3n de desastres\u201d.<\/p>\n\n\n\n<p>Con este plan, el Gobierno reafirma su compromiso con la protecci\u00f3n de las personas, los recursos naturales y el medio ambiente, haciendo un llamado a la prevenci\u00f3n y la responsabilidad ciudadana ante las condiciones clim\u00e1ticas extremas, que se pronostican para la temporada.<\/p>\n","protected":false},"excerpt":{"rendered":"<div class=\"pvc_clear\"><\/div>\n<p id=\"pvc_stats_53705\" class=\"pvc_stats total_only  \" data-element-id=\"53705\" style=\"\"><i class=\"pvc-stats-icon large\" aria-hidden=\"true\"><svg aria-hidden=\"true\" focusable=\"false\" data-prefix=\"far\" data-icon=\"chart-bar\" role=\"img\" xmlns=\"http:\/\/www.w3.org\/2000\/svg\" viewBox=\"0 0 512 512\" class=\"svg-inline--fa fa-chart-bar fa-w-16 fa-2x\"><path fill=\"currentColor\" d=\"M396.8 352h22.4c6.4 0 12.8-6.4 12.8-12.8V108.8c0-6.4-6.4-12.8-12.8-12.8h-22.4c-6.4 0-12.8 6.4-12.8 12.8v230.4c0 6.4 6.4 12.8 12.8 12.8zm-192 0h22.4c6.4 0 12.8-6.4 12.8-12.8V140.8c0-6.4-6.4-12.8-12.8-12.8h-22.4c-6.4 0-12.8 6.4-12.8 12.8v198.4c0 6.4 6.4 12.8 12.8 12.8zm96 0h22.4c6.4 0 12.8-6.4 12.8-12.8V204.8c0-6.4-6.4-12.8-12.8-12.8h-22.4c-6.4 0-12.8 6.4-12.8 12.8v134.4c0 6.4 6.4 12.8 12.8 12.8zM496 400H48V80c0-8.84-7.16-16-16-16H16C7.16 64 0 71.16 0 80v336c0 17.67 14.33 32 32 32h464c8.84 0 16-7.16 16-16v-16c0-8.84-7.16-16-16-16zm-387.2-48h22.4c6.4 0 12.8-6.4 12.8-12.8v-70.4c0-6.4-6.4-12.8-12.8-12.8h-22.4c-6.4 0-12.8 6.4-12.8 12.8v70.4c0 6.4 6.4 12.8 12.8 12.8z\" class=\"\"><\/path><\/svg><\/i> <img loading=\"lazy\" decoding=\"async\" width=\"16\" height=\"16\" alt=\"Loading\" src=\"https:\/\/temucotelevision.cl\/web\/wp-content\/plugins\/page-views-count\/ajax-loader-2x.gif\" border=0 \/><\/p>\n<div class=\"pvc_clear\"><\/div>\n<p>Ser\u00e1n 29 brigadas en las provincias de Caut\u00edn y Malleco, que incluyen las nocturnas y las helitransportadas. Habr\u00e1 9 aeronaves,<\/p>\n","protected":false},"author":1,"featured_media":53706,"comment_status":"open","ping_status":"open","sticky":false,"template":"","format":"standard","meta":{"colormag_page_container_layout":"default_layout","colormag_page_sidebar_layout":"default_layout","footnotes":""},"categories":[14],"tags":[205],"class_list":["post-53705","post","type-post","status-publish","format-standard","has-post-thumbnail","hentry","category-temuco","tag-plan"],"a3_pvc":{"activated":true,"total_views":1515,"today_views":0},"_links":{"self":[{"href":"https:\/\/temucotelevision.cl\/web\/wp-json\/wp\/v2\/posts\/53705","targetHints":{"allow":["GET"]}}],"collection":[{"href":"https:\/\/temucotelevision.cl\/web\/wp-json\/wp\/v2\/posts"}],"about":[{"href":"https:\/\/temucotelevision.cl\/web\/wp-json\/wp\/v2\/types\/post"}],"author":[{"embeddable":true,"href":"https:\/\/temucotelevision.cl\/web\/wp-json\/wp\/v2\/users\/1"}],"replies":[{"embeddable":true,"href":"https:\/\/temucotelevision.cl\/web\/wp-json\/wp\/v2\/comments?post=53705"}],"version-history":[{"count":1,"href":"https:\/\/temucotelevision.cl\/web\/wp-json\/wp\/v2\/posts\/53705\/revisions"}],"predecessor-version":[{"id":53707,"href":"https:\/\/temucotelevision.cl\/web\/wp-json\/wp\/v2\/posts\/53705\/revisions\/53707"}],"wp:featuredmedia":[{"embeddable":true,"href":"https:\/\/temucotelevision.cl\/web\/wp-json\/wp\/v2\/media\/53706"}],"wp:attachment":[{"href":"https:\/\/temucotelevision.cl\/web\/wp-json\/wp\/v2\/media?parent=53705"}],"wp:term":[{"taxonomy":"category","embeddable":true,"href":"https:\/\/temucotelevision.cl\/web\/wp-json\/wp\/v2\/categories?post=53705"},{"taxonomy":"post_tag","embeddable":true,"href":"https:\/\/temucotelevision.cl\/web\/wp-json\/wp\/v2\/tags?post=53705"}],"curies":[{"name":"wp","href":"https:\/\/api.w.org\/{rel}","templated":true}]}}