{"id":53702,"date":"2024-11-19T20:47:05","date_gmt":"2024-11-19T23:47:05","guid":{"rendered":"https:\/\/temucotelevision.cl\/web\/?p=53702"},"modified":"2024-11-19T20:47:05","modified_gmt":"2024-11-19T23:47:05","slug":"democratas-cuestionan-declaracion-de-toha-y-aseguran-que-el-gobierno-debe-asumir-su-responsabilidad","status":"publish","type":"post","link":"https:\/\/temucotelevision.cl\/web\/2024\/11\/19\/democratas-cuestionan-declaracion-de-toha-y-aseguran-que-el-gobierno-debe-asumir-su-responsabilidad\/","title":{"rendered":"Dem\u00f3cratas cuestionan declaraci\u00f3n de Toh\u00e1 y aseguran que el gobierno debe asumir su responsabilidad"},"content":{"rendered":"<div class=\"pvc_clear\"><\/div><p id=\"pvc_stats_53702\" class=\"pvc_stats total_only  \" data-element-id=\"53702\" style=\"\"><i class=\"pvc-stats-icon large\" aria-hidden=\"true\"><svg aria-hidden=\"true\" focusable=\"false\" data-prefix=\"far\" data-icon=\"chart-bar\" role=\"img\" xmlns=\"http:\/\/www.w3.org\/2000\/svg\" viewBox=\"0 0 512 512\" class=\"svg-inline--fa fa-chart-bar fa-w-16 fa-2x\"><path fill=\"currentColor\" d=\"M396.8 352h22.4c6.4 0 12.8-6.4 12.8-12.8V108.8c0-6.4-6.4-12.8-12.8-12.8h-22.4c-6.4 0-12.8 6.4-12.8 12.8v230.4c0 6.4 6.4 12.8 12.8 12.8zm-192 0h22.4c6.4 0 12.8-6.4 12.8-12.8V140.8c0-6.4-6.4-12.8-12.8-12.8h-22.4c-6.4 0-12.8 6.4-12.8 12.8v198.4c0 6.4 6.4 12.8 12.8 12.8zm96 0h22.4c6.4 0 12.8-6.4 12.8-12.8V204.8c0-6.4-6.4-12.8-12.8-12.8h-22.4c-6.4 0-12.8 6.4-12.8 12.8v134.4c0 6.4 6.4 12.8 12.8 12.8zM496 400H48V80c0-8.84-7.16-16-16-16H16C7.16 64 0 71.16 0 80v336c0 17.67 14.33 32 32 32h464c8.84 0 16-7.16 16-16v-16c0-8.84-7.16-16-16-16zm-387.2-48h22.4c6.4 0 12.8-6.4 12.8-12.8v-70.4c0-6.4-6.4-12.8-12.8-12.8h-22.4c-6.4 0-12.8 6.4-12.8 12.8v70.4c0 6.4 6.4 12.8 12.8 12.8z\" class=\"\"><\/path><\/svg><\/i> <img loading=\"lazy\" decoding=\"async\" width=\"16\" height=\"16\" alt=\"Loading\" src=\"https:\/\/temucotelevision.cl\/web\/wp-content\/plugins\/page-views-count\/ajax-loader-2x.gif\" border=0 \/><\/p><div class=\"pvc_clear\"><\/div>\n<p><em><br>&#8220;Nosotros presentamos una indicaci\u00f3n que redujo a mil pesos el presupuesto de los gastos reservados de la Subsecretar\u00eda del Interior, y hoy est\u00e1 en duda la utilizaci\u00f3n de estos, e incluso pueden haber sido utilizados en el restaurante peruano donde se reuni\u00f3 Monsalve con la v\u00edctima. Esto justifica nuestra medida, hasta que el gobierno d\u00e9 una se\u00f1al de transparencia y lamentamos su reposici\u00f3n el Senado sin ninguna justificaci\u00f3n o resguardo de estos recursos, en un contexto de sobreendeudamiento fiscal y urgencias en materias relevantes para la ciudadania\u201d, Joanna P\u00e9rez&#8221;.&nbsp;<br><\/em><br>Este martes se dio a conocer, a trav\u00e9s de la prensa, el testimonio que la ministra Carolina Toh\u00e1 entreg\u00f3 de manera voluntaria al fiscal Armend\u00e1riz, en el que se\u00f1al\u00f3 las complicaciones para comunicarse con Monsalve, la autorizaci\u00f3n del viaje que realiz\u00f3 el ex subsecretario al sur, donde asegur\u00f3 que lo hizo por instrucci\u00f3n del Presidente, entre otros hechos que han circulado en los medios, como el uso de los gastos reservados por parte de la ex autoridad.<\/p>\n\n\n\n<p>&#8220;Esto deja en muy mala posici\u00f3n a quien maneja el Ministerio del Interior, no es posible que no se sepa que el subsecretario tiene gastos reservados y para qu\u00e9 los utiliza. Seguimos constatando muchas falencias en nuestro propio sistema, y debemos corregirlo. Por estos hechos, como bancada de oposici\u00f3n, distinta a la de la extrema derecha, ped\u00edamos cambiar al equipo, pero finalmente el gobierno no quiso tomar esa decisi\u00f3n&#8221;, asegur\u00f3 la jefa de bancada de Dem\u00f3cratas, Joanna P\u00e9rez.<\/p>\n\n\n\n<p>Por su parte, la diputada Erika Olivera enfatiz\u00f3: &#8220;La declaraci\u00f3n de la ministra Toh\u00e1 deja en evidencia que el gobierno le crey\u00f3 al ex subsecretario Monsalve y no a la denunciante. Esa es la verdadera raz\u00f3n por la que no se activaron los protocolos ni se aplic\u00f3 la Ley Karin, la ex autoridad fue protegida y tuvo todos los beneficios para preparar su defensa&#8221;.<\/p>\n\n\n\n<p>Finalmente, el diputado Miguel \u00c1ngel Calisto sentenci\u00f3: &#8220;Vemos una vez m\u00e1s c\u00f3mo la ministra Toh\u00e1 deja expuesto al Presidente frente a un hecho grav\u00edsimo. Por lo tanto, lo que pedimos desde este Congreso Nacional es que el Ministerio P\u00fablico agilice todas las investigaciones necesarias para esclarecer los hechos, sobre todo, que se aclare la participaci\u00f3n y el rol que tuvo el gobierno en los momentos previos a que este caso se hiciera de p\u00fablico conocimiento\u201d.<\/p>\n","protected":false},"excerpt":{"rendered":"<div class=\"pvc_clear\"><\/div>\n<p id=\"pvc_stats_53702\" class=\"pvc_stats total_only  \" data-element-id=\"53702\" style=\"\"><i class=\"pvc-stats-icon large\" aria-hidden=\"true\"><svg aria-hidden=\"true\" focusable=\"false\" data-prefix=\"far\" data-icon=\"chart-bar\" role=\"img\" xmlns=\"http:\/\/www.w3.org\/2000\/svg\" viewBox=\"0 0 512 512\" class=\"svg-inline--fa fa-chart-bar fa-w-16 fa-2x\"><path fill=\"currentColor\" d=\"M396.8 352h22.4c6.4 0 12.8-6.4 12.8-12.8V108.8c0-6.4-6.4-12.8-12.8-12.8h-22.4c-6.4 0-12.8 6.4-12.8 12.8v230.4c0 6.4 6.4 12.8 12.8 12.8zm-192 0h22.4c6.4 0 12.8-6.4 12.8-12.8V140.8c0-6.4-6.4-12.8-12.8-12.8h-22.4c-6.4 0-12.8 6.4-12.8 12.8v198.4c0 6.4 6.4 12.8 12.8 12.8zm96 0h22.4c6.4 0 12.8-6.4 12.8-12.8V204.8c0-6.4-6.4-12.8-12.8-12.8h-22.4c-6.4 0-12.8 6.4-12.8 12.8v134.4c0 6.4 6.4 12.8 12.8 12.8zM496 400H48V80c0-8.84-7.16-16-16-16H16C7.16 64 0 71.16 0 80v336c0 17.67 14.33 32 32 32h464c8.84 0 16-7.16 16-16v-16c0-8.84-7.16-16-16-16zm-387.2-48h22.4c6.4 0 12.8-6.4 12.8-12.8v-70.4c0-6.4-6.4-12.8-12.8-12.8h-22.4c-6.4 0-12.8 6.4-12.8 12.8v70.4c0 6.4 6.4 12.8 12.8 12.8z\" class=\"\"><\/path><\/svg><\/i> <img loading=\"lazy\" decoding=\"async\" width=\"16\" height=\"16\" alt=\"Loading\" src=\"https:\/\/temucotelevision.cl\/web\/wp-content\/plugins\/page-views-count\/ajax-loader-2x.gif\" border=0 \/><\/p>\n<div class=\"pvc_clear\"><\/div>\n<p>&#8220;Nosotros presentamos una indicaci\u00f3n que redujo a mil pesos el presupuesto de los gastos reservados de la Subsecretar\u00eda del Interior,<\/p>\n","protected":false},"author":1,"featured_media":53703,"comment_status":"open","ping_status":"open","sticky":false,"template":"","format":"standard","meta":{"colormag_page_container_layout":"default_layout","colormag_page_sidebar_layout":"default_layout","footnotes":""},"categories":[84],"tags":[206],"class_list":["post-53702","post","type-post","status-publish","format-standard","has-post-thumbnail","hentry","category-politica","tag-gobierno"],"a3_pvc":{"activated":true,"total_views":940,"today_views":1},"_links":{"self":[{"href":"https:\/\/temucotelevision.cl\/web\/wp-json\/wp\/v2\/posts\/53702","targetHints":{"allow":["GET"]}}],"collection":[{"href":"https:\/\/temucotelevision.cl\/web\/wp-json\/wp\/v2\/posts"}],"about":[{"href":"https:\/\/temucotelevision.cl\/web\/wp-json\/wp\/v2\/types\/post"}],"author":[{"embeddable":true,"href":"https:\/\/temucotelevision.cl\/web\/wp-json\/wp\/v2\/users\/1"}],"replies":[{"embeddable":true,"href":"https:\/\/temucotelevision.cl\/web\/wp-json\/wp\/v2\/comments?post=53702"}],"version-history":[{"count":1,"href":"https:\/\/temucotelevision.cl\/web\/wp-json\/wp\/v2\/posts\/53702\/revisions"}],"predecessor-version":[{"id":53704,"href":"https:\/\/temucotelevision.cl\/web\/wp-json\/wp\/v2\/posts\/53702\/revisions\/53704"}],"wp:featuredmedia":[{"embeddable":true,"href":"https:\/\/temucotelevision.cl\/web\/wp-json\/wp\/v2\/media\/53703"}],"wp:attachment":[{"href":"https:\/\/temucotelevision.cl\/web\/wp-json\/wp\/v2\/media?parent=53702"}],"wp:term":[{"taxonomy":"category","embeddable":true,"href":"https:\/\/temucotelevision.cl\/web\/wp-json\/wp\/v2\/categories?post=53702"},{"taxonomy":"post_tag","embeddable":true,"href":"https:\/\/temucotelevision.cl\/web\/wp-json\/wp\/v2\/tags?post=53702"}],"curies":[{"name":"wp","href":"https:\/\/api.w.org\/{rel}","templated":true}]}}