{"id":53699,"date":"2024-11-19T20:38:19","date_gmt":"2024-11-19T23:38:19","guid":{"rendered":"https:\/\/temucotelevision.cl\/web\/?p=53699"},"modified":"2024-11-19T20:38:20","modified_gmt":"2024-11-19T23:38:20","slug":"bienes-nacionales-y-conaf-de-la-araucania-coordinan-acciones-de-cara-a-la-temporada-de-incendios","status":"publish","type":"post","link":"https:\/\/temucotelevision.cl\/web\/2024\/11\/19\/bienes-nacionales-y-conaf-de-la-araucania-coordinan-acciones-de-cara-a-la-temporada-de-incendios\/","title":{"rendered":"Bienes Nacionales y Conaf de La Araucan\u00eda coordinan acciones de cara a la temporada de incendios\u00a0"},"content":{"rendered":"<div class=\"pvc_clear\"><\/div><p id=\"pvc_stats_53699\" class=\"pvc_stats total_only  \" data-element-id=\"53699\" style=\"\"><i class=\"pvc-stats-icon large\" aria-hidden=\"true\"><svg aria-hidden=\"true\" focusable=\"false\" data-prefix=\"far\" data-icon=\"chart-bar\" role=\"img\" xmlns=\"http:\/\/www.w3.org\/2000\/svg\" viewBox=\"0 0 512 512\" class=\"svg-inline--fa fa-chart-bar fa-w-16 fa-2x\"><path fill=\"currentColor\" d=\"M396.8 352h22.4c6.4 0 12.8-6.4 12.8-12.8V108.8c0-6.4-6.4-12.8-12.8-12.8h-22.4c-6.4 0-12.8 6.4-12.8 12.8v230.4c0 6.4 6.4 12.8 12.8 12.8zm-192 0h22.4c6.4 0 12.8-6.4 12.8-12.8V140.8c0-6.4-6.4-12.8-12.8-12.8h-22.4c-6.4 0-12.8 6.4-12.8 12.8v198.4c0 6.4 6.4 12.8 12.8 12.8zm96 0h22.4c6.4 0 12.8-6.4 12.8-12.8V204.8c0-6.4-6.4-12.8-12.8-12.8h-22.4c-6.4 0-12.8 6.4-12.8 12.8v134.4c0 6.4 6.4 12.8 12.8 12.8zM496 400H48V80c0-8.84-7.16-16-16-16H16C7.16 64 0 71.16 0 80v336c0 17.67 14.33 32 32 32h464c8.84 0 16-7.16 16-16v-16c0-8.84-7.16-16-16-16zm-387.2-48h22.4c6.4 0 12.8-6.4 12.8-12.8v-70.4c0-6.4-6.4-12.8-12.8-12.8h-22.4c-6.4 0-12.8 6.4-12.8 12.8v70.4c0 6.4 6.4 12.8 12.8 12.8z\" class=\"\"><\/path><\/svg><\/i> <img loading=\"lazy\" decoding=\"async\" width=\"16\" height=\"16\" alt=\"Loading\" src=\"https:\/\/temucotelevision.cl\/web\/wp-content\/plugins\/page-views-count\/ajax-loader-2x.gif\" border=0 \/><\/p><div class=\"pvc_clear\"><\/div>\n<p><strong>\u2022&nbsp;&nbsp;&nbsp;&nbsp;&nbsp;&nbsp;&nbsp;&nbsp;&nbsp;&nbsp; La Seremi \u00c1mbar Castro Mart\u00ednez y la directora regional, Mar\u00eda Teresa Huentequeo, se reunieron con el objetivo de acordar ejes de acci\u00f3n colaborativos ante la proximidad de la temporada estival.<\/strong><\/p>\n\n\n\n<p>Se acerca el verano y por ende tambi\u00e9n la temporada de incendios forestales, los que en el \u00faltimo tiempo se han repetido a lo largo del pa\u00eds y tambi\u00e9n en La Araucan\u00eda, dejando una gran superficie da\u00f1ada por la acci\u00f3n del fuego.<\/p>\n\n\n\n<p>Con el objetivo de trabajar en conjunto y coordinar acciones frente a las emergencias que se puedan originar, la Seremi de Bienes Nacionales \u00c1mbar Castro Mart\u00ednez junto a la directora regional de Conaf, Mar\u00eda Teresa Huentequeo, se reunieron para acordar ejes de acci\u00f3n en conjunto frente a las emergencias.<\/p>\n\n\n\n<p>De esta manera y acorde al catastro de inmuebles fiscales, Bienes Nacionales, conceder\u00e1 los permisos respectivos para el uso de estos acorde a su disponibilidad y as\u00ed estos puedan ser ocupados por brigadas o tambi\u00e9n en el trabajo de log\u00edstica respectivo.<\/p>\n\n\n\n<p>La Seremi \u00c1mbar Castro Mart\u00ednez, indic\u00f3 que la idea es prepararse con el tiempo debido para la temporada estival y por eso la disposici\u00f3n de la cartera para realizar un trabajo en conjunto con Conaf.<\/p>\n\n\n\n<p>\u201cUna de las peticiones y prioridades que nos ha solicitado el Presidente Boric y nuestras autoridades ministeriales, es que todos los bienes que son fiscales se les d\u00e9 un buen uso, por eso y frente a los incendios que se puedan originar, pondremos a disposici\u00f3n inmuebles para que Conaf les pueda dar el uso que requieren y as\u00ed estar coordinados de cara a las emergencias que se puedan originar producto de los incendios\u201d, indic\u00f3 Castro.<\/p>\n\n\n\n<p>Por su parte de la directora regional de Conaf, Mar\u00eda Teresa Huentequeo, agradeci\u00f3 la reuni\u00f3n con la Seremi de Bienes Nacionales y remarc\u00f3 la importancia de que se cuenten con diferentes espacios frente a la temporada que se avecina.<\/p>\n\n\n\n<p>\u201cHemos sostenido una reuni\u00f3n con la Seremi de Bienes Nacionales y hemos recorrido la agenda de preparaci\u00f3n de incendios y ella se ha puesto a disposici\u00f3n para hacer un trabajo coordinado y colaborativo para disponer de posibles instalaciones para que se alojen nuestras brigadas y tambi\u00e9n hemos visto el estado de las \u00e1reas protegidas las cuales tambi\u00e9n son amenazadas en el verano por los incendios junto con revisar los planes de protecci\u00f3n de estas en la regi\u00f3n\u201d, enfatiz\u00f3.<\/p>\n\n\n\n<p>Esta es la primera reuni\u00f3n que tienen ambas reparticiones ya que se seguir\u00e1n ejecutando acciones en com\u00fan para tener un plan de contingencia frente a los incendios que se puedan registrar en La Araucan\u00eda.<\/p>\n","protected":false},"excerpt":{"rendered":"<div class=\"pvc_clear\"><\/div>\n<p id=\"pvc_stats_53699\" class=\"pvc_stats total_only  \" data-element-id=\"53699\" style=\"\"><i class=\"pvc-stats-icon large\" aria-hidden=\"true\"><svg aria-hidden=\"true\" focusable=\"false\" data-prefix=\"far\" data-icon=\"chart-bar\" role=\"img\" xmlns=\"http:\/\/www.w3.org\/2000\/svg\" viewBox=\"0 0 512 512\" class=\"svg-inline--fa fa-chart-bar fa-w-16 fa-2x\"><path fill=\"currentColor\" d=\"M396.8 352h22.4c6.4 0 12.8-6.4 12.8-12.8V108.8c0-6.4-6.4-12.8-12.8-12.8h-22.4c-6.4 0-12.8 6.4-12.8 12.8v230.4c0 6.4 6.4 12.8 12.8 12.8zm-192 0h22.4c6.4 0 12.8-6.4 12.8-12.8V140.8c0-6.4-6.4-12.8-12.8-12.8h-22.4c-6.4 0-12.8 6.4-12.8 12.8v198.4c0 6.4 6.4 12.8 12.8 12.8zm96 0h22.4c6.4 0 12.8-6.4 12.8-12.8V204.8c0-6.4-6.4-12.8-12.8-12.8h-22.4c-6.4 0-12.8 6.4-12.8 12.8v134.4c0 6.4 6.4 12.8 12.8 12.8zM496 400H48V80c0-8.84-7.16-16-16-16H16C7.16 64 0 71.16 0 80v336c0 17.67 14.33 32 32 32h464c8.84 0 16-7.16 16-16v-16c0-8.84-7.16-16-16-16zm-387.2-48h22.4c6.4 0 12.8-6.4 12.8-12.8v-70.4c0-6.4-6.4-12.8-12.8-12.8h-22.4c-6.4 0-12.8 6.4-12.8 12.8v70.4c0 6.4 6.4 12.8 12.8 12.8z\" class=\"\"><\/path><\/svg><\/i> <img loading=\"lazy\" decoding=\"async\" width=\"16\" height=\"16\" alt=\"Loading\" src=\"https:\/\/temucotelevision.cl\/web\/wp-content\/plugins\/page-views-count\/ajax-loader-2x.gif\" border=0 \/><\/p>\n<div class=\"pvc_clear\"><\/div>\n<p>\u2022&nbsp;&nbsp;&nbsp;&nbsp;&nbsp;&nbsp;&nbsp;&nbsp;&nbsp;&nbsp; La Seremi \u00c1mbar Castro Mart\u00ednez y la directora regional, Mar\u00eda Teresa Huentequeo, se reunieron con el objetivo de acordar<\/p>\n","protected":false},"author":1,"featured_media":53700,"comment_status":"open","ping_status":"open","sticky":false,"template":"","format":"standard","meta":{"colormag_page_container_layout":"default_layout","colormag_page_sidebar_layout":"default_layout","footnotes":""},"categories":[14],"tags":[266],"class_list":["post-53699","post","type-post","status-publish","format-standard","has-post-thumbnail","hentry","category-temuco","tag-incendios"],"a3_pvc":{"activated":true,"total_views":2255,"today_views":0},"_links":{"self":[{"href":"https:\/\/temucotelevision.cl\/web\/wp-json\/wp\/v2\/posts\/53699","targetHints":{"allow":["GET"]}}],"collection":[{"href":"https:\/\/temucotelevision.cl\/web\/wp-json\/wp\/v2\/posts"}],"about":[{"href":"https:\/\/temucotelevision.cl\/web\/wp-json\/wp\/v2\/types\/post"}],"author":[{"embeddable":true,"href":"https:\/\/temucotelevision.cl\/web\/wp-json\/wp\/v2\/users\/1"}],"replies":[{"embeddable":true,"href":"https:\/\/temucotelevision.cl\/web\/wp-json\/wp\/v2\/comments?post=53699"}],"version-history":[{"count":1,"href":"https:\/\/temucotelevision.cl\/web\/wp-json\/wp\/v2\/posts\/53699\/revisions"}],"predecessor-version":[{"id":53701,"href":"https:\/\/temucotelevision.cl\/web\/wp-json\/wp\/v2\/posts\/53699\/revisions\/53701"}],"wp:featuredmedia":[{"embeddable":true,"href":"https:\/\/temucotelevision.cl\/web\/wp-json\/wp\/v2\/media\/53700"}],"wp:attachment":[{"href":"https:\/\/temucotelevision.cl\/web\/wp-json\/wp\/v2\/media?parent=53699"}],"wp:term":[{"taxonomy":"category","embeddable":true,"href":"https:\/\/temucotelevision.cl\/web\/wp-json\/wp\/v2\/categories?post=53699"},{"taxonomy":"post_tag","embeddable":true,"href":"https:\/\/temucotelevision.cl\/web\/wp-json\/wp\/v2\/tags?post=53699"}],"curies":[{"name":"wp","href":"https:\/\/api.w.org\/{rel}","templated":true}]}}