{"id":53696,"date":"2024-11-19T20:33:04","date_gmt":"2024-11-19T23:33:04","guid":{"rendered":"https:\/\/temucotelevision.cl\/web\/?p=53696"},"modified":"2024-11-19T20:33:05","modified_gmt":"2024-11-19T23:33:05","slug":"temuco-y-padre-las-casas-modernizan-su-transporte-llega-el-pago-electronico","status":"publish","type":"post","link":"https:\/\/temucotelevision.cl\/web\/2024\/11\/19\/temuco-y-padre-las-casas-modernizan-su-transporte-llega-el-pago-electronico\/","title":{"rendered":"Temuco y Padre Las Casas modernizan su transporte: Llega el pago electr\u00f3nico"},"content":{"rendered":"<div class=\"pvc_clear\"><\/div><p id=\"pvc_stats_53696\" class=\"pvc_stats total_only  \" data-element-id=\"53696\" style=\"\"><i class=\"pvc-stats-icon large\" aria-hidden=\"true\"><svg aria-hidden=\"true\" focusable=\"false\" data-prefix=\"far\" data-icon=\"chart-bar\" role=\"img\" xmlns=\"http:\/\/www.w3.org\/2000\/svg\" viewBox=\"0 0 512 512\" class=\"svg-inline--fa fa-chart-bar fa-w-16 fa-2x\"><path fill=\"currentColor\" d=\"M396.8 352h22.4c6.4 0 12.8-6.4 12.8-12.8V108.8c0-6.4-6.4-12.8-12.8-12.8h-22.4c-6.4 0-12.8 6.4-12.8 12.8v230.4c0 6.4 6.4 12.8 12.8 12.8zm-192 0h22.4c6.4 0 12.8-6.4 12.8-12.8V140.8c0-6.4-6.4-12.8-12.8-12.8h-22.4c-6.4 0-12.8 6.4-12.8 12.8v198.4c0 6.4 6.4 12.8 12.8 12.8zm96 0h22.4c6.4 0 12.8-6.4 12.8-12.8V204.8c0-6.4-6.4-12.8-12.8-12.8h-22.4c-6.4 0-12.8 6.4-12.8 12.8v134.4c0 6.4 6.4 12.8 12.8 12.8zM496 400H48V80c0-8.84-7.16-16-16-16H16C7.16 64 0 71.16 0 80v336c0 17.67 14.33 32 32 32h464c8.84 0 16-7.16 16-16v-16c0-8.84-7.16-16-16-16zm-387.2-48h22.4c6.4 0 12.8-6.4 12.8-12.8v-70.4c0-6.4-6.4-12.8-12.8-12.8h-22.4c-6.4 0-12.8 6.4-12.8 12.8v70.4c0 6.4 6.4 12.8 12.8 12.8z\" class=\"\"><\/path><\/svg><\/i> <img loading=\"lazy\" decoding=\"async\" width=\"16\" height=\"16\" alt=\"Loading\" src=\"https:\/\/temucotelevision.cl\/web\/wp-content\/plugins\/page-views-count\/ajax-loader-2x.gif\" border=0 \/><\/p><div class=\"pvc_clear\"><\/div>\n<ul class=\"wp-block-list\">\n<li><em>El proyecto deber\u00e1 estar implementado en su totalidad durante el 2025, trayendo consigo mejoras en la seguridad arriba de los microbuses, como tambi\u00e9n beneficios para estudiantes y personas mayores quienes contar\u00e1n con beneficios tarifarios.\u00a0<\/em><\/li>\n<\/ul>\n\n\n\n<ul class=\"wp-block-list\">\n<li><em>En circulaci\u00f3n habr\u00e1 dos tarjetas de distinto color: una ser\u00e1 para los adultos en general y otra para las personas mayores. Los escolares utilizar\u00e1n su TNE.<\/em><\/li>\n<\/ul>\n\n\n\n<p>En un esfuerzo por modernizar el transporte p\u00fablico en las regiones, el Ministerio de Transportes y Telecomunicaciones (MTT) se encuentra trabajando en la implementaci\u00f3n del servicio de Recaudo Electr\u00f3nico en el transporte p\u00fablico mayor a lo largo del pa\u00eds. Este avance tiene como objetivo mejorar la experiencia de viaje de los usuarios y aumentar la seguridad dentro de los buses, tanto para pasajeros como para conductores.<\/p>\n\n\n\n<p>La primera actividad que marca el inicio de este proceso es la \u201cConsulta Ciudadana\u201d, donde se invita a la comunidad a elegir el dise\u00f1o de la nueva tarjeta de pago. Para participar, los interesados deben acceder al banner disponible en el sitio web de la Divisi\u00f3n de Transporte P\u00fablico Regional del MTT (https:\/\/www.dtpr.cl\/participaciones). Entre quienes voten, se sortear\u00e1n 50 tarjetas con tarifa normal.<\/p>\n\n\n\n<p><a><\/a>La encuesta estar\u00e1 abierta hasta la medianoche del s\u00e1bado 23 de noviembre y los participantes podr\u00e1n elegir entre tres dise\u00f1os: \u201cPuente Treng Treng Kay Kay\u201d, \u201cMonumento a La Araucan\u00eda\u201d y \u201cEsculturas Chemamull del Cerro \u00d1ielol\u201d.<\/p>\n\n\n\n<p>El delegado presidencial, Eduardo Abdala, hizo un llamado a la ciudadan\u00eda a participar en esta etapa, destacando que \u201cdesde el Gobierno del Presidente Gabriel Boric estamos generando las condiciones para mejorar el acceso al transporte p\u00fablico de las personas mayores y de los estudiantes. Estas mejoras representan una oportunidad para que las personas dejen de usar el autom\u00f3vil y, as\u00ed, disminuir la congesti\u00f3n vehicular\u201d.<\/p>\n\n\n\n<p>Por su parte, la seremi de Transporte y Telecomunicaciones, Mary Valdebenito Tapia, enfatiz\u00f3 la importancia de elegir un dise\u00f1o que represente a la comunidad: \u201cCreemos que esta elecci\u00f3n es fundamental para democratizar esta nueva etapa. La implementaci\u00f3n del sistema ser\u00e1 progresiva, comenzando con una marcha blanca que permitir\u00e1 a los usuarios pagar con dinero en efectivo, tarjeta de transporte o c\u00f3digo QR. Esta transici\u00f3n ayudar\u00e1 a preparar y educar a los usuarios para el eventual retiro del efectivo\u201d.<\/p>\n\n\n\n<p>El alcalde de Temuco, Roberto Neira, destac\u00f3 que \u201cesto es un avance muy importante; han pasado 10 a\u00f1os para que este proyecto se concrete, el Per\u00edmetro de Exclusi\u00f3n que viene con Recaudo Electr\u00f3nico. Es esencial educar a la poblaci\u00f3n, especialmente a las personas mayores, quienes contar\u00e1n con una tarjeta especial de rebaja. Debemos adaptarnos a este nuevo sistema electr\u00f3nico, que mejorar\u00e1 las condiciones de los conductores, la seguridad y por ende, la calidad del transporte\u201d.&nbsp;<\/p>\n\n\n\n<p>Patricios Meneses, CEO de Bipay, destac\u00f3 que \u201cla percepci\u00f3n que tienen las personas mayores y la ciudadan\u00eda en general sobre el Sistema de Recaudo en otras regiones es muy positiva. La implementaci\u00f3n de este sistema en Temuco representa un gran incentivo para que los ciudadanos accedan a un transporte de calidad\u201d.<\/p>\n\n\n\n<p>Es importante se\u00f1alar que tanto estudiantes como personas mayores podr\u00e1n beneficiarse de esta tecnolog\u00eda. Los escolares y universitarios que cuenten con su Tarjeta Nacional Estudiantil (TNE) actualizada solo necesitar\u00e1n validar su tarjeta, mientras que las personas mayores deber\u00e1n enrolarse para obtener una tarjeta, ya que cada pl\u00e1stico estar\u00e1 vinculado al RUT de cada beneficiario.<\/p>\n\n\n\n<p><strong>Datos sobre el Sistema de Recaudo<\/strong><\/p>\n\n\n\n<p>El 100% de la flota de buses que opera en el Per\u00edmetro de Exclusi\u00f3n contar\u00e1 con validadores instalados por Bipay.<\/p>\n\n\n\n<p><strong>Puntos de Carga<\/strong><\/p>\n\n\n\n<p>Se habilitar\u00e1n m\u00e1s de 300 puntos f\u00edsicos para la venta y carga de saldo de la tarjeta de transporte. Adem\u00e1s, se integrar\u00e1 red de Caja Vecina y supermercados Unimarc, distribuidos equitativamente en Temuco y Padre Las Casas, incluyendo las localidades de Boyeco, Quepe, Niagara Oriente y San Ram\u00f3n.<\/p>\n\n\n\n<p><strong>Centros de Atenci\u00f3n a Usuarios<\/strong><\/p>\n\n\n\n<p>Habr\u00e1 dos Centros de Atenci\u00f3n a Usuarios (CAU) ubicados en Temuco y Padre Las Casas. En estos centros se podr\u00e1 realizar el enrolamiento para personas mayores, cargar saldo, adquirir tarjetas y recibir orientaci\u00f3n general sobre el servicio.<\/p>\n","protected":false},"excerpt":{"rendered":"<div class=\"pvc_clear\"><\/div>\n<p id=\"pvc_stats_53696\" class=\"pvc_stats total_only  \" data-element-id=\"53696\" style=\"\"><i class=\"pvc-stats-icon large\" aria-hidden=\"true\"><svg aria-hidden=\"true\" focusable=\"false\" data-prefix=\"far\" data-icon=\"chart-bar\" role=\"img\" xmlns=\"http:\/\/www.w3.org\/2000\/svg\" viewBox=\"0 0 512 512\" class=\"svg-inline--fa fa-chart-bar fa-w-16 fa-2x\"><path fill=\"currentColor\" d=\"M396.8 352h22.4c6.4 0 12.8-6.4 12.8-12.8V108.8c0-6.4-6.4-12.8-12.8-12.8h-22.4c-6.4 0-12.8 6.4-12.8 12.8v230.4c0 6.4 6.4 12.8 12.8 12.8zm-192 0h22.4c6.4 0 12.8-6.4 12.8-12.8V140.8c0-6.4-6.4-12.8-12.8-12.8h-22.4c-6.4 0-12.8 6.4-12.8 12.8v198.4c0 6.4 6.4 12.8 12.8 12.8zm96 0h22.4c6.4 0 12.8-6.4 12.8-12.8V204.8c0-6.4-6.4-12.8-12.8-12.8h-22.4c-6.4 0-12.8 6.4-12.8 12.8v134.4c0 6.4 6.4 12.8 12.8 12.8zM496 400H48V80c0-8.84-7.16-16-16-16H16C7.16 64 0 71.16 0 80v336c0 17.67 14.33 32 32 32h464c8.84 0 16-7.16 16-16v-16c0-8.84-7.16-16-16-16zm-387.2-48h22.4c6.4 0 12.8-6.4 12.8-12.8v-70.4c0-6.4-6.4-12.8-12.8-12.8h-22.4c-6.4 0-12.8 6.4-12.8 12.8v70.4c0 6.4 6.4 12.8 12.8 12.8z\" class=\"\"><\/path><\/svg><\/i> <img loading=\"lazy\" decoding=\"async\" width=\"16\" height=\"16\" alt=\"Loading\" src=\"https:\/\/temucotelevision.cl\/web\/wp-content\/plugins\/page-views-count\/ajax-loader-2x.gif\" border=0 \/><\/p>\n<div class=\"pvc_clear\"><\/div>\n<p>En un esfuerzo por modernizar el transporte p\u00fablico en las regiones, el Ministerio de Transportes y Telecomunicaciones (MTT) se encuentra<\/p>\n","protected":false},"author":1,"featured_media":53697,"comment_status":"open","ping_status":"open","sticky":false,"template":"","format":"standard","meta":{"colormag_page_container_layout":"default_layout","colormag_page_sidebar_layout":"default_layout","footnotes":""},"categories":[15],"tags":[810],"class_list":["post-53696","post","type-post","status-publish","format-standard","has-post-thumbnail","hentry","category-la-araucania","tag-pago"],"a3_pvc":{"activated":true,"total_views":3234,"today_views":0},"_links":{"self":[{"href":"https:\/\/temucotelevision.cl\/web\/wp-json\/wp\/v2\/posts\/53696","targetHints":{"allow":["GET"]}}],"collection":[{"href":"https:\/\/temucotelevision.cl\/web\/wp-json\/wp\/v2\/posts"}],"about":[{"href":"https:\/\/temucotelevision.cl\/web\/wp-json\/wp\/v2\/types\/post"}],"author":[{"embeddable":true,"href":"https:\/\/temucotelevision.cl\/web\/wp-json\/wp\/v2\/users\/1"}],"replies":[{"embeddable":true,"href":"https:\/\/temucotelevision.cl\/web\/wp-json\/wp\/v2\/comments?post=53696"}],"version-history":[{"count":1,"href":"https:\/\/temucotelevision.cl\/web\/wp-json\/wp\/v2\/posts\/53696\/revisions"}],"predecessor-version":[{"id":53698,"href":"https:\/\/temucotelevision.cl\/web\/wp-json\/wp\/v2\/posts\/53696\/revisions\/53698"}],"wp:featuredmedia":[{"embeddable":true,"href":"https:\/\/temucotelevision.cl\/web\/wp-json\/wp\/v2\/media\/53697"}],"wp:attachment":[{"href":"https:\/\/temucotelevision.cl\/web\/wp-json\/wp\/v2\/media?parent=53696"}],"wp:term":[{"taxonomy":"category","embeddable":true,"href":"https:\/\/temucotelevision.cl\/web\/wp-json\/wp\/v2\/categories?post=53696"},{"taxonomy":"post_tag","embeddable":true,"href":"https:\/\/temucotelevision.cl\/web\/wp-json\/wp\/v2\/tags?post=53696"}],"curies":[{"name":"wp","href":"https:\/\/api.w.org\/{rel}","templated":true}]}}