{"id":53689,"date":"2024-11-19T11:50:43","date_gmt":"2024-11-19T14:50:43","guid":{"rendered":"https:\/\/temucotelevision.cl\/web\/?p=53689"},"modified":"2024-11-19T11:50:45","modified_gmt":"2024-11-19T14:50:45","slug":"las-rutas-viales-de-los-pueblos-ancestrales-proyecto-academico-multinacional-apoyado-por-cmpc-llega-a-su-fin-y-se-convertira-en-un-libro","status":"publish","type":"post","link":"https:\/\/temucotelevision.cl\/web\/2024\/11\/19\/las-rutas-viales-de-los-pueblos-ancestrales-proyecto-academico-multinacional-apoyado-por-cmpc-llega-a-su-fin-y-se-convertira-en-un-libro\/","title":{"rendered":"Las rutas viales de los pueblos ancestrales: proyecto acad\u00e9mico multinacional apoyado por CMPC llega a su fin y se convertir\u00e1 en un libro"},"content":{"rendered":"<div class=\"pvc_clear\"><\/div><p id=\"pvc_stats_53689\" class=\"pvc_stats total_only  \" data-element-id=\"53689\" style=\"\"><i class=\"pvc-stats-icon large\" aria-hidden=\"true\"><svg aria-hidden=\"true\" focusable=\"false\" data-prefix=\"far\" data-icon=\"chart-bar\" role=\"img\" xmlns=\"http:\/\/www.w3.org\/2000\/svg\" viewBox=\"0 0 512 512\" class=\"svg-inline--fa fa-chart-bar fa-w-16 fa-2x\"><path fill=\"currentColor\" d=\"M396.8 352h22.4c6.4 0 12.8-6.4 12.8-12.8V108.8c0-6.4-6.4-12.8-12.8-12.8h-22.4c-6.4 0-12.8 6.4-12.8 12.8v230.4c0 6.4 6.4 12.8 12.8 12.8zm-192 0h22.4c6.4 0 12.8-6.4 12.8-12.8V140.8c0-6.4-6.4-12.8-12.8-12.8h-22.4c-6.4 0-12.8 6.4-12.8 12.8v198.4c0 6.4 6.4 12.8 12.8 12.8zm96 0h22.4c6.4 0 12.8-6.4 12.8-12.8V204.8c0-6.4-6.4-12.8-12.8-12.8h-22.4c-6.4 0-12.8 6.4-12.8 12.8v134.4c0 6.4 6.4 12.8 12.8 12.8zM496 400H48V80c0-8.84-7.16-16-16-16H16C7.16 64 0 71.16 0 80v336c0 17.67 14.33 32 32 32h464c8.84 0 16-7.16 16-16v-16c0-8.84-7.16-16-16-16zm-387.2-48h22.4c6.4 0 12.8-6.4 12.8-12.8v-70.4c0-6.4-6.4-12.8-12.8-12.8h-22.4c-6.4 0-12.8 6.4-12.8 12.8v70.4c0 6.4 6.4 12.8 12.8 12.8z\" class=\"\"><\/path><\/svg><\/i> <img loading=\"lazy\" decoding=\"async\" width=\"16\" height=\"16\" alt=\"Loading\" src=\"https:\/\/temucotelevision.cl\/web\/wp-content\/plugins\/page-views-count\/ajax-loader-2x.gif\" border=0 \/><\/p><div class=\"pvc_clear\"><\/div>\n<ul class=\"wp-block-list\">\n<li><em>El Premio Nacional de Historia, doctor Jorge Pinto Rodr\u00edguez, comparti\u00f3 en Los \u00c1ngeles los alcances de este proyecto cient\u00edfico, hist\u00f3rico y cultural del Instituto Ta I\u00f1 Pewam.\u00a0<\/em><\/li>\n\n\n\n<li><em>&#8220;Estas rutas son la tercera red vial m\u00e1s extensa en la historia de la humanidad, alcanzando unos 25.000 kil\u00f3metros que unen desde el sur de Colombia hasta el r\u00edo Mataquito en Chile\u201d, precis\u00f3 el investigador.\u00a0<\/em><\/li>\n<\/ul>\n\n\n\n<p>En una enriquecedora charla denominada &#8220;Las rutas de los pueblos ancestrales&#8221;, a cargo del&nbsp;<strong>doctor Jorge Pinto Rodr\u00edguez, Premio Nacional de Historia y director del Instituto Ta I\u00f1 Pewam<\/strong>, se destac\u00f3 la trascendencia de estas rutas ancestrales en la historia de Am\u00e9rica y c\u00f3mo un estudio, patrocinado y financiado por CMPC, permiti\u00f3 reconstruir las bases del patrimonio vial de la regi\u00f3n. La investigaci\u00f3n fue desarrollada con participaci\u00f3n de un equipo multidisciplinario de expertos de Chile y Argentina, integrando ciencia, historia y cultura.&nbsp;<\/p>\n\n\n\n<p>As\u00ed, el pasado jueves, en el auditorio del Edificio Corporativo de CMPC en Los \u00c1ngeles, se llev\u00f3 a cabo esta charla sobre lo que ha arrojado el proyecto, que cont\u00f3 con la participaci\u00f3n de autoridades acad\u00e9micas, investigadores y representantes de CMPC, autoridades educativas de Los \u00c1ngeles y La Araucan\u00eda y del Instituto Ta I\u00f1 Pewam de la Universidad Cat\u00f3lica de Temuco.&nbsp;<\/p>\n\n\n\n<p>El doctor Pinto destac\u00f3 la satisfacci\u00f3n de haber reunido a un grupo de aproximadamente 20 investigadores de distintos pa\u00edses, incluidos Estados Unidos y Argentina, as\u00ed como de diversas regiones de Chile: \u201cSiento mucha satisfacci\u00f3n porque logramos un grupo de aproximadamente 20 investigadores de distintos pa\u00edses, un grupo importante de investigadores de primer nivel, la mayor\u00eda arque\u00f3logos, antrop\u00f3logos, algunos historiadores documentalistas, una diversidad de profesionales que colaboraron en esta&nbsp;<strong>investigaci\u00f3n que se traducir\u00e1 en un libro\u201d<\/strong>, se\u00f1al\u00f3.<\/p>\n\n\n\n<p>Adem\u00e1s de la diversidad del equipo, el proceso fue un viaje de aprendizaje continuo. Pinto agradeci\u00f3 especialmente a&nbsp;<strong>Isolde Reuque (secretaria ejecutiva del Instituto Ta I\u00f1 Pewam)<\/strong>&nbsp;por su ayuda en comprender elementos que, desde su formaci\u00f3n tradicional occidental, desconoc\u00eda. Este intercambio de conocimientos y perspectivas fue fundamental para el desarrollo del proyecto. Sobre su rol en el proyecto y el fondo de este, Isolde destac\u00f3 que su foco \u201ctiene ver con la otra mirada, la mirada del pueblo mapuche. Hay \u2018invisibilizaci\u00f3n\u2019, tenemos que ponerla sobre la mesa, en el conocimiento, en la universidad. Dentro de eso est\u00e1 siendo una participaci\u00f3n bastante buena. (Se trata de) C\u00f3mo valoramos lo que significa ser ind\u00edgena, c\u00f3mo re actuamos, c\u00f3mo reconocemos la sabidur\u00eda del pueblo mapuche\u201d.&nbsp;<\/p>\n\n\n\n<p>&#8220;<strong>Estas rutas son la tercera red vial m\u00e1s extensa en la historia de la humanidad, alcanzando unos 25.000 kil\u00f3metros<\/strong>que unen desde el sur de Colombia hasta el r\u00edo Mataquito en Chile. Este camino, conocido como el Qhapaq \u00d1an o Camino del Inca, es un legado fundamental que conecta y atraviesa siglos de cultura y conocimiento ind\u00edgena\u201d, agreg\u00f3 luego el doctor Pinto.<\/p>\n\n\n\n<p><strong>El proyecto culminar\u00e1 con la publicaci\u00f3n de un libro&nbsp;<\/strong>que ya est\u00e1 en proceso de impresi\u00f3n, el cual recoger\u00e1 todo el trabajo y los descubrimientos realizados. Adem\u00e1s, se planea la publicaci\u00f3n de un segundo libro, destinado a los ni\u00f1os de los colegios, con relatos cortos e ilustraciones que ense\u00f1ar\u00e1n a valorar el aporte de los pueblos ancestrales al desarrollo de Argentina y Chile. Esta iniciativa busca romper la relaci\u00f3n asim\u00e9trica existente y fomentar una mayor apreciaci\u00f3n y comprensi\u00f3n de las culturas originarias entre los m\u00e1s j\u00f3venes.<\/p>\n\n\n\n<p><strong>Ignacio Lira, gerente de Asuntos Corporativos Bosques de CMPC<\/strong>, valor\u00f3 el impacto cultural del proyecto y reafirm\u00f3 el compromiso de la empresa con la preservaci\u00f3n del patrimonio: \u201cEstamos orgullosos de haber sido parte de esta iniciativa. Proyectos como este no solo rescatan la memoria hist\u00f3rica de los pueblos originarios, sino que tambi\u00e9n fortalecen el di\u00e1logo intercultural y nos invitan a reflexionar sobre nuestra relaci\u00f3n con el territorio. Este conocimiento tiene el potencial de enriquecer profundamente a las comunidades locales y a la educaci\u00f3n en todos los niveles\u201d.<\/p>\n\n\n\n<p>El proyecto &#8220;Las rutas de los pueblos ancestrales&#8221; no solo representa un aporte acad\u00e9mico, sino tambi\u00e9n un esfuerzo significativo para preservar y difundir el patrimonio cultural de los pueblos originarios. La colaboraci\u00f3n internacional y el apoyo institucional han sido claves para el \u00e9xito de esta iniciativa, que promete generar un impacto duradero en la educaci\u00f3n y la cultura de ambas naciones.<\/p>\n\n\n\n<figure class=\"wp-block-image size-large\"><img loading=\"lazy\" decoding=\"async\" width=\"1000\" height=\"751\" src=\"https:\/\/temucotelevision.cl\/web\/wp-content\/uploads\/2024\/11\/Captura-de-Pantalla-2024-11-19-a-las-11.49.04-1000x751.png\" alt=\"\" class=\"wp-image-53694\" srcset=\"https:\/\/temucotelevision.cl\/web\/wp-content\/uploads\/2024\/11\/Captura-de-Pantalla-2024-11-19-a-las-11.49.04-1000x751.png 1000w, https:\/\/temucotelevision.cl\/web\/wp-content\/uploads\/2024\/11\/Captura-de-Pantalla-2024-11-19-a-las-11.49.04-768x577.png 768w, https:\/\/temucotelevision.cl\/web\/wp-content\/uploads\/2024\/11\/Captura-de-Pantalla-2024-11-19-a-las-11.49.04-1536x1153.png 1536w, https:\/\/temucotelevision.cl\/web\/wp-content\/uploads\/2024\/11\/Captura-de-Pantalla-2024-11-19-a-las-11.49.04.png 1798w\" sizes=\"auto, (max-width: 1000px) 100vw, 1000px\" \/><\/figure>\n","protected":false},"excerpt":{"rendered":"<div class=\"pvc_clear\"><\/div>\n<p id=\"pvc_stats_53689\" class=\"pvc_stats total_only  \" data-element-id=\"53689\" style=\"\"><i class=\"pvc-stats-icon large\" aria-hidden=\"true\"><svg aria-hidden=\"true\" focusable=\"false\" data-prefix=\"far\" data-icon=\"chart-bar\" role=\"img\" xmlns=\"http:\/\/www.w3.org\/2000\/svg\" viewBox=\"0 0 512 512\" class=\"svg-inline--fa fa-chart-bar fa-w-16 fa-2x\"><path fill=\"currentColor\" d=\"M396.8 352h22.4c6.4 0 12.8-6.4 12.8-12.8V108.8c0-6.4-6.4-12.8-12.8-12.8h-22.4c-6.4 0-12.8 6.4-12.8 12.8v230.4c0 6.4 6.4 12.8 12.8 12.8zm-192 0h22.4c6.4 0 12.8-6.4 12.8-12.8V140.8c0-6.4-6.4-12.8-12.8-12.8h-22.4c-6.4 0-12.8 6.4-12.8 12.8v198.4c0 6.4 6.4 12.8 12.8 12.8zm96 0h22.4c6.4 0 12.8-6.4 12.8-12.8V204.8c0-6.4-6.4-12.8-12.8-12.8h-22.4c-6.4 0-12.8 6.4-12.8 12.8v134.4c0 6.4 6.4 12.8 12.8 12.8zM496 400H48V80c0-8.84-7.16-16-16-16H16C7.16 64 0 71.16 0 80v336c0 17.67 14.33 32 32 32h464c8.84 0 16-7.16 16-16v-16c0-8.84-7.16-16-16-16zm-387.2-48h22.4c6.4 0 12.8-6.4 12.8-12.8v-70.4c0-6.4-6.4-12.8-12.8-12.8h-22.4c-6.4 0-12.8 6.4-12.8 12.8v70.4c0 6.4 6.4 12.8 12.8 12.8z\" class=\"\"><\/path><\/svg><\/i> <img loading=\"lazy\" decoding=\"async\" width=\"16\" height=\"16\" alt=\"Loading\" src=\"https:\/\/temucotelevision.cl\/web\/wp-content\/plugins\/page-views-count\/ajax-loader-2x.gif\" border=0 \/><\/p>\n<div class=\"pvc_clear\"><\/div>\n<p>En una enriquecedora charla denominada &#8220;Las rutas de los pueblos ancestrales&#8221;, a cargo del&nbsp;doctor Jorge Pinto Rodr\u00edguez, Premio Nacional de<\/p>\n","protected":false},"author":1,"featured_media":53692,"comment_status":"open","ping_status":"open","sticky":false,"template":"","format":"standard","meta":{"colormag_page_container_layout":"default_layout","colormag_page_sidebar_layout":"default_layout","footnotes":""},"categories":[14],"tags":[3036],"class_list":["post-53689","post","type-post","status-publish","format-standard","has-post-thumbnail","hentry","category-temuco","tag-rutas"],"a3_pvc":{"activated":true,"total_views":864,"today_views":0},"_links":{"self":[{"href":"https:\/\/temucotelevision.cl\/web\/wp-json\/wp\/v2\/posts\/53689","targetHints":{"allow":["GET"]}}],"collection":[{"href":"https:\/\/temucotelevision.cl\/web\/wp-json\/wp\/v2\/posts"}],"about":[{"href":"https:\/\/temucotelevision.cl\/web\/wp-json\/wp\/v2\/types\/post"}],"author":[{"embeddable":true,"href":"https:\/\/temucotelevision.cl\/web\/wp-json\/wp\/v2\/users\/1"}],"replies":[{"embeddable":true,"href":"https:\/\/temucotelevision.cl\/web\/wp-json\/wp\/v2\/comments?post=53689"}],"version-history":[{"count":1,"href":"https:\/\/temucotelevision.cl\/web\/wp-json\/wp\/v2\/posts\/53689\/revisions"}],"predecessor-version":[{"id":53695,"href":"https:\/\/temucotelevision.cl\/web\/wp-json\/wp\/v2\/posts\/53689\/revisions\/53695"}],"wp:featuredmedia":[{"embeddable":true,"href":"https:\/\/temucotelevision.cl\/web\/wp-json\/wp\/v2\/media\/53692"}],"wp:attachment":[{"href":"https:\/\/temucotelevision.cl\/web\/wp-json\/wp\/v2\/media?parent=53689"}],"wp:term":[{"taxonomy":"category","embeddable":true,"href":"https:\/\/temucotelevision.cl\/web\/wp-json\/wp\/v2\/categories?post=53689"},{"taxonomy":"post_tag","embeddable":true,"href":"https:\/\/temucotelevision.cl\/web\/wp-json\/wp\/v2\/tags?post=53689"}],"curies":[{"name":"wp","href":"https:\/\/api.w.org\/{rel}","templated":true}]}}