{"id":53686,"date":"2024-11-19T11:28:02","date_gmt":"2024-11-19T14:28:02","guid":{"rendered":"https:\/\/temucotelevision.cl\/web\/?p=53686"},"modified":"2024-11-19T11:28:02","modified_gmt":"2024-11-19T14:28:02","slug":"diputado-jorge-saffirio-logra-incluir-en-acuerdo-del-presupuesto-2025-recursos-para-reconstruccion-de-escuelas-afectadas-por-atentados-incendiarios","status":"publish","type":"post","link":"https:\/\/temucotelevision.cl\/web\/2024\/11\/19\/diputado-jorge-saffirio-logra-incluir-en-acuerdo-del-presupuesto-2025-recursos-para-reconstruccion-de-escuelas-afectadas-por-atentados-incendiarios\/","title":{"rendered":"Diputado Jorge Saffirio logra incluir en acuerdo del presupuesto 2025 recursos para reconstrucci\u00f3n de escuelas afectadas por atentados incendiarios"},"content":{"rendered":"<div class=\"pvc_clear\"><\/div><p id=\"pvc_stats_53686\" class=\"pvc_stats total_only  \" data-element-id=\"53686\" style=\"\"><i class=\"pvc-stats-icon large\" aria-hidden=\"true\"><svg aria-hidden=\"true\" focusable=\"false\" data-prefix=\"far\" data-icon=\"chart-bar\" role=\"img\" xmlns=\"http:\/\/www.w3.org\/2000\/svg\" viewBox=\"0 0 512 512\" class=\"svg-inline--fa fa-chart-bar fa-w-16 fa-2x\"><path fill=\"currentColor\" d=\"M396.8 352h22.4c6.4 0 12.8-6.4 12.8-12.8V108.8c0-6.4-6.4-12.8-12.8-12.8h-22.4c-6.4 0-12.8 6.4-12.8 12.8v230.4c0 6.4 6.4 12.8 12.8 12.8zm-192 0h22.4c6.4 0 12.8-6.4 12.8-12.8V140.8c0-6.4-6.4-12.8-12.8-12.8h-22.4c-6.4 0-12.8 6.4-12.8 12.8v198.4c0 6.4 6.4 12.8 12.8 12.8zm96 0h22.4c6.4 0 12.8-6.4 12.8-12.8V204.8c0-6.4-6.4-12.8-12.8-12.8h-22.4c-6.4 0-12.8 6.4-12.8 12.8v134.4c0 6.4 6.4 12.8 12.8 12.8zM496 400H48V80c0-8.84-7.16-16-16-16H16C7.16 64 0 71.16 0 80v336c0 17.67 14.33 32 32 32h464c8.84 0 16-7.16 16-16v-16c0-8.84-7.16-16-16-16zm-387.2-48h22.4c6.4 0 12.8-6.4 12.8-12.8v-70.4c0-6.4-6.4-12.8-12.8-12.8h-22.4c-6.4 0-12.8 6.4-12.8 12.8v70.4c0 6.4 6.4 12.8 12.8 12.8z\" class=\"\"><\/path><\/svg><\/i> <img loading=\"lazy\" decoding=\"async\" width=\"16\" height=\"16\" alt=\"Loading\" src=\"https:\/\/temucotelevision.cl\/web\/wp-content\/plugins\/page-views-count\/ajax-loader-2x.gif\" border=0 \/><\/p><div class=\"pvc_clear\"><\/div>\n<p><strong>Entre estas se encuentra la escuela Las Cerezas del sector rural de Perquenco.&nbsp;<\/strong><\/p>\n\n\n\n<p>Consciente de la serie de atentados incendiarios que han afectado a escuelas en la regi\u00f3n de La Araucan\u00eda, el diputado\u00a0<strong>Jorge Saffirio Espinoza<\/strong>\u00a0logr\u00f3 agregar en el protocolo de acuerdo del Ministerio de Educaci\u00f3n una indicaci\u00f3n que permite utilizar recursos para la reparaci\u00f3n de estos establecimientos.\u00a0<\/p>\n\n\n\n<p>En julio pasado, el legislador se reuni\u00f3 con el Ministro de Educaci\u00f3n, Nicol\u00e1s Cataldo, con el director de la escuela Las Cerezas de Perquenco, Wilson Benavides y con la Presidenta del Centro de Padres, Barbara Soto. Esta escuela fue v\u00edctima de un ataque incendiario en 2021, y hasta la fecha aun no se ha reparado.&nbsp;<\/p>\n\n\n\n<p>Ente esto, el legislador adem\u00e1s envi\u00f3 un oficio al Ministro, adem\u00e1s de presentar una indicaci\u00f3n en la discusi\u00f3n de la ley de presupuesto 2025.&nbsp;<\/p>\n\n\n\n<p>Seg\u00fan el legislador, \u201chace ya algunos meses nos juntamos ac\u00e1 en mi oficina con el Ministro de Educaci\u00f3n, Nicol\u00e1s Cataldo, tambi\u00e9n con el director de la escuela Los Cerezos y con la presidenta del Centro de Padres, para plantearle justamente el problema de estas escuelas que son quemadas en la Macrozona Sur, y que no han tenido una soluci\u00f3n\u201d.<\/p>\n\n\n\n<p>\u201cEste es el caso de la escuela Las Cerezas. Han pasado m\u00e1s de tres a\u00f1os y no hay una soluci\u00f3n definitiva. Estamos contentos porque ahora se van a poder destinar recursos &nbsp;para la reconstrucci\u00f3n de estos establecimientos educacionales que fueron afectados por incendios o sean afectados por desastres naturales en la Macrozona Sur\u201d.&nbsp;<\/p>\n\n\n\n<p>Finalmente, el diputado Saffirio agreg\u00f3 que \u201cse trata de una muy buena noticia para la escuela Las Cerezas. Esperamos que ahora pase en el Senado. Seguramente va a volver ac\u00e1 y en un par de d\u00edas m\u00e1s, podamos tener una respuesta absolutamente concreta respecto de si se va a poder reconstruir las escuelas que han sido siniestradas por estos actos en la Macrozona Sur\u201d.<\/p>\n","protected":false},"excerpt":{"rendered":"<div class=\"pvc_clear\"><\/div>\n<p id=\"pvc_stats_53686\" class=\"pvc_stats total_only  \" data-element-id=\"53686\" style=\"\"><i class=\"pvc-stats-icon large\" aria-hidden=\"true\"><svg aria-hidden=\"true\" focusable=\"false\" data-prefix=\"far\" data-icon=\"chart-bar\" role=\"img\" xmlns=\"http:\/\/www.w3.org\/2000\/svg\" viewBox=\"0 0 512 512\" class=\"svg-inline--fa fa-chart-bar fa-w-16 fa-2x\"><path fill=\"currentColor\" d=\"M396.8 352h22.4c6.4 0 12.8-6.4 12.8-12.8V108.8c0-6.4-6.4-12.8-12.8-12.8h-22.4c-6.4 0-12.8 6.4-12.8 12.8v230.4c0 6.4 6.4 12.8 12.8 12.8zm-192 0h22.4c6.4 0 12.8-6.4 12.8-12.8V140.8c0-6.4-6.4-12.8-12.8-12.8h-22.4c-6.4 0-12.8 6.4-12.8 12.8v198.4c0 6.4 6.4 12.8 12.8 12.8zm96 0h22.4c6.4 0 12.8-6.4 12.8-12.8V204.8c0-6.4-6.4-12.8-12.8-12.8h-22.4c-6.4 0-12.8 6.4-12.8 12.8v134.4c0 6.4 6.4 12.8 12.8 12.8zM496 400H48V80c0-8.84-7.16-16-16-16H16C7.16 64 0 71.16 0 80v336c0 17.67 14.33 32 32 32h464c8.84 0 16-7.16 16-16v-16c0-8.84-7.16-16-16-16zm-387.2-48h22.4c6.4 0 12.8-6.4 12.8-12.8v-70.4c0-6.4-6.4-12.8-12.8-12.8h-22.4c-6.4 0-12.8 6.4-12.8 12.8v70.4c0 6.4 6.4 12.8 12.8 12.8z\" class=\"\"><\/path><\/svg><\/i> <img loading=\"lazy\" decoding=\"async\" width=\"16\" height=\"16\" alt=\"Loading\" src=\"https:\/\/temucotelevision.cl\/web\/wp-content\/plugins\/page-views-count\/ajax-loader-2x.gif\" border=0 \/><\/p>\n<div class=\"pvc_clear\"><\/div>\n<p>Entre estas se encuentra la escuela Las Cerezas del sector rural de Perquenco.&nbsp; Consciente de la serie de atentados incendiarios<\/p>\n","protected":false},"author":1,"featured_media":53687,"comment_status":"open","ping_status":"open","sticky":false,"template":"","format":"standard","meta":{"colormag_page_container_layout":"default_layout","colormag_page_sidebar_layout":"default_layout","footnotes":""},"categories":[84],"tags":[154],"class_list":["post-53686","post","type-post","status-publish","format-standard","has-post-thumbnail","hentry","category-politica","tag-diputado"],"a3_pvc":{"activated":true,"total_views":937,"today_views":0},"_links":{"self":[{"href":"https:\/\/temucotelevision.cl\/web\/wp-json\/wp\/v2\/posts\/53686","targetHints":{"allow":["GET"]}}],"collection":[{"href":"https:\/\/temucotelevision.cl\/web\/wp-json\/wp\/v2\/posts"}],"about":[{"href":"https:\/\/temucotelevision.cl\/web\/wp-json\/wp\/v2\/types\/post"}],"author":[{"embeddable":true,"href":"https:\/\/temucotelevision.cl\/web\/wp-json\/wp\/v2\/users\/1"}],"replies":[{"embeddable":true,"href":"https:\/\/temucotelevision.cl\/web\/wp-json\/wp\/v2\/comments?post=53686"}],"version-history":[{"count":1,"href":"https:\/\/temucotelevision.cl\/web\/wp-json\/wp\/v2\/posts\/53686\/revisions"}],"predecessor-version":[{"id":53688,"href":"https:\/\/temucotelevision.cl\/web\/wp-json\/wp\/v2\/posts\/53686\/revisions\/53688"}],"wp:featuredmedia":[{"embeddable":true,"href":"https:\/\/temucotelevision.cl\/web\/wp-json\/wp\/v2\/media\/53687"}],"wp:attachment":[{"href":"https:\/\/temucotelevision.cl\/web\/wp-json\/wp\/v2\/media?parent=53686"}],"wp:term":[{"taxonomy":"category","embeddable":true,"href":"https:\/\/temucotelevision.cl\/web\/wp-json\/wp\/v2\/categories?post=53686"},{"taxonomy":"post_tag","embeddable":true,"href":"https:\/\/temucotelevision.cl\/web\/wp-json\/wp\/v2\/tags?post=53686"}],"curies":[{"name":"wp","href":"https:\/\/api.w.org\/{rel}","templated":true}]}}