{"id":53680,"date":"2024-11-19T11:17:29","date_gmt":"2024-11-19T14:17:29","guid":{"rendered":"https:\/\/temucotelevision.cl\/web\/?p=53680"},"modified":"2024-11-19T11:17:30","modified_gmt":"2024-11-19T14:17:30","slug":"jefa-de-bancada-democratas-entrega-protocolo-de-acuerdo-con-el-ejecutivo-a-vicepresidente-del-senado","status":"publish","type":"post","link":"https:\/\/temucotelevision.cl\/web\/2024\/11\/19\/jefa-de-bancada-democratas-entrega-protocolo-de-acuerdo-con-el-ejecutivo-a-vicepresidente-del-senado\/","title":{"rendered":"Jefa de bancada Dem\u00f3cratas entrega protocolo de acuerdo con el Ejecutivo a Vicepresidente del Senado"},"content":{"rendered":"<div class=\"pvc_clear\"><\/div><p id=\"pvc_stats_53680\" class=\"pvc_stats total_only  \" data-element-id=\"53680\" style=\"\"><i class=\"pvc-stats-icon large\" aria-hidden=\"true\"><svg aria-hidden=\"true\" focusable=\"false\" data-prefix=\"far\" data-icon=\"chart-bar\" role=\"img\" xmlns=\"http:\/\/www.w3.org\/2000\/svg\" viewBox=\"0 0 512 512\" class=\"svg-inline--fa fa-chart-bar fa-w-16 fa-2x\"><path fill=\"currentColor\" d=\"M396.8 352h22.4c6.4 0 12.8-6.4 12.8-12.8V108.8c0-6.4-6.4-12.8-12.8-12.8h-22.4c-6.4 0-12.8 6.4-12.8 12.8v230.4c0 6.4 6.4 12.8 12.8 12.8zm-192 0h22.4c6.4 0 12.8-6.4 12.8-12.8V140.8c0-6.4-6.4-12.8-12.8-12.8h-22.4c-6.4 0-12.8 6.4-12.8 12.8v198.4c0 6.4 6.4 12.8 12.8 12.8zm96 0h22.4c6.4 0 12.8-6.4 12.8-12.8V204.8c0-6.4-6.4-12.8-12.8-12.8h-22.4c-6.4 0-12.8 6.4-12.8 12.8v134.4c0 6.4 6.4 12.8 12.8 12.8zM496 400H48V80c0-8.84-7.16-16-16-16H16C7.16 64 0 71.16 0 80v336c0 17.67 14.33 32 32 32h464c8.84 0 16-7.16 16-16v-16c0-8.84-7.16-16-16-16zm-387.2-48h22.4c6.4 0 12.8-6.4 12.8-12.8v-70.4c0-6.4-6.4-12.8-12.8-12.8h-22.4c-6.4 0-12.8 6.4-12.8 12.8v70.4c0 6.4 6.4 12.8 12.8 12.8z\" class=\"\"><\/path><\/svg><\/i> <img loading=\"lazy\" decoding=\"async\" width=\"16\" height=\"16\" alt=\"Loading\" src=\"https:\/\/temucotelevision.cl\/web\/wp-content\/plugins\/page-views-count\/ajax-loader-2x.gif\" border=0 \/><\/p><div class=\"pvc_clear\"><\/div>\n<p><em>La diputada Joanna P\u00e9rez se reuni\u00f3 con el senador Mat\u00edas Walker para entregar el compromiso que estableci\u00f3 la bancada Dem\u00f3cratas con el Ejecutivo, con el objetivo de acoger las indicaciones propuestas en la discusi\u00f3n del presupuesto 2025, enfoc\u00e1ndose en el apoyo social.<br><\/em><br>La bancada de diputados y diputadas Dem\u00f3cratas logr\u00f3 diversos acuerdos en la discusi\u00f3n de la ley de presupuesto junto al Ejecutivo, en \u00e1reas como trabajo, salud, vivienda, adulto mayor y subsidio el\u00e9ctrico, entre otras mejoras. Entre las indicaciones se incluyen mejoras en las condiciones laborales de las manipuladoras de alimentos, mayores recursos para los hospitales, especialmente en regiones, el mejoramiento de viviendas y subsidios, la implementaci\u00f3n de un subsidio el\u00e9ctrico permanente, un bono para el cuidado de adultos mayores y apoyo psicosocial a menores v\u00edctimas de abuso sexual.<\/p>\n\n\n\n<p>\u201cHemos sostenido una reuni\u00f3n con el vicepresidente del Senado, el senador Dem\u00f3crata Mat\u00edas Walker, para que conozca los compromisos asumidos por el gobierno, especialmente por el ministro Marcel y su equipo, con la bancada Dem\u00f3crata en este presupuesto. Son temas muy sensibles para cada uno de los diputados y sus territorios a nivel nacional, en \u00e1reas como salud, educaci\u00f3n y reactivaci\u00f3n econ\u00f3mica\u201d, se\u00f1al\u00f3 la jefa de bancada de los diputados Dem\u00f3cratas, Joanna P\u00e9rez.<\/p>\n\n\n\n<p>Adem\u00e1s, agreg\u00f3: \u201cComo diputada de la regi\u00f3n del Biob\u00edo, quiero destacar especialmente los temas de reactivaci\u00f3n econ\u00f3mica, donde se incluy\u00f3 una glosa especial con m\u00e1s de 30 medidas relacionadas con el cierre de Huachipato, el mantenimiento de los trabajadores del acero con recursos y, por supuesto, el apoyo a nuestros ex mineros del carb\u00f3n. Vamos a trabajar con mucha fuerza para que estas medidas sean representadas en el Senado\u201d.<\/p>\n\n\n\n<p>Por su parte, el senador Mat\u00edas Walker expres\u00f3: \u201cAgradezco a la jefa de bancada de los diputados Dem\u00f3cratas, Joanna P\u00e9rez, por estos compromisos asumidos por el ministro de Hacienda, que son nuestras prioridades, especialmente en \u00e1reas como salud, educaci\u00f3n y reactivaci\u00f3n econ\u00f3mica en la ley de presupuesto, donde se establecen las prioridades\u201d.<\/p>\n\n\n\n<p>Finalmente, el senador concluy\u00f3: \u201cDentro de este protocolo destaco temas concretos, como el bono para los cuidadores y cuidadoras de adultos mayores, quienes deben cuidar a otros adultos mayores con discapacidad, porque esto es esencial. Tambi\u00e9n valoro el aumento de los subsidios para el mejoramiento de viviendas, ya que deben incrementarse en todas las regiones del pa\u00eds, por lo tanto, asumo estos compromisos como propios.\u201d<\/p>\n","protected":false},"excerpt":{"rendered":"<div class=\"pvc_clear\"><\/div>\n<p id=\"pvc_stats_53680\" class=\"pvc_stats total_only  \" data-element-id=\"53680\" style=\"\"><i class=\"pvc-stats-icon large\" aria-hidden=\"true\"><svg aria-hidden=\"true\" focusable=\"false\" data-prefix=\"far\" data-icon=\"chart-bar\" role=\"img\" xmlns=\"http:\/\/www.w3.org\/2000\/svg\" viewBox=\"0 0 512 512\" class=\"svg-inline--fa fa-chart-bar fa-w-16 fa-2x\"><path fill=\"currentColor\" d=\"M396.8 352h22.4c6.4 0 12.8-6.4 12.8-12.8V108.8c0-6.4-6.4-12.8-12.8-12.8h-22.4c-6.4 0-12.8 6.4-12.8 12.8v230.4c0 6.4 6.4 12.8 12.8 12.8zm-192 0h22.4c6.4 0 12.8-6.4 12.8-12.8V140.8c0-6.4-6.4-12.8-12.8-12.8h-22.4c-6.4 0-12.8 6.4-12.8 12.8v198.4c0 6.4 6.4 12.8 12.8 12.8zm96 0h22.4c6.4 0 12.8-6.4 12.8-12.8V204.8c0-6.4-6.4-12.8-12.8-12.8h-22.4c-6.4 0-12.8 6.4-12.8 12.8v134.4c0 6.4 6.4 12.8 12.8 12.8zM496 400H48V80c0-8.84-7.16-16-16-16H16C7.16 64 0 71.16 0 80v336c0 17.67 14.33 32 32 32h464c8.84 0 16-7.16 16-16v-16c0-8.84-7.16-16-16-16zm-387.2-48h22.4c6.4 0 12.8-6.4 12.8-12.8v-70.4c0-6.4-6.4-12.8-12.8-12.8h-22.4c-6.4 0-12.8 6.4-12.8 12.8v70.4c0 6.4 6.4 12.8 12.8 12.8z\" class=\"\"><\/path><\/svg><\/i> <img loading=\"lazy\" decoding=\"async\" width=\"16\" height=\"16\" alt=\"Loading\" src=\"https:\/\/temucotelevision.cl\/web\/wp-content\/plugins\/page-views-count\/ajax-loader-2x.gif\" border=0 \/><\/p>\n<div class=\"pvc_clear\"><\/div>\n<p>La diputada Joanna P\u00e9rez se reuni\u00f3 con el senador Mat\u00edas Walker para entregar el compromiso que estableci\u00f3 la bancada Dem\u00f3cratas<\/p>\n","protected":false},"author":1,"featured_media":53681,"comment_status":"open","ping_status":"open","sticky":false,"template":"","format":"standard","meta":{"colormag_page_container_layout":"default_layout","colormag_page_sidebar_layout":"default_layout","footnotes":""},"categories":[84],"tags":[],"class_list":["post-53680","post","type-post","status-publish","format-standard","has-post-thumbnail","hentry","category-politica"],"a3_pvc":{"activated":true,"total_views":840,"today_views":0},"_links":{"self":[{"href":"https:\/\/temucotelevision.cl\/web\/wp-json\/wp\/v2\/posts\/53680","targetHints":{"allow":["GET"]}}],"collection":[{"href":"https:\/\/temucotelevision.cl\/web\/wp-json\/wp\/v2\/posts"}],"about":[{"href":"https:\/\/temucotelevision.cl\/web\/wp-json\/wp\/v2\/types\/post"}],"author":[{"embeddable":true,"href":"https:\/\/temucotelevision.cl\/web\/wp-json\/wp\/v2\/users\/1"}],"replies":[{"embeddable":true,"href":"https:\/\/temucotelevision.cl\/web\/wp-json\/wp\/v2\/comments?post=53680"}],"version-history":[{"count":1,"href":"https:\/\/temucotelevision.cl\/web\/wp-json\/wp\/v2\/posts\/53680\/revisions"}],"predecessor-version":[{"id":53682,"href":"https:\/\/temucotelevision.cl\/web\/wp-json\/wp\/v2\/posts\/53680\/revisions\/53682"}],"wp:featuredmedia":[{"embeddable":true,"href":"https:\/\/temucotelevision.cl\/web\/wp-json\/wp\/v2\/media\/53681"}],"wp:attachment":[{"href":"https:\/\/temucotelevision.cl\/web\/wp-json\/wp\/v2\/media?parent=53680"}],"wp:term":[{"taxonomy":"category","embeddable":true,"href":"https:\/\/temucotelevision.cl\/web\/wp-json\/wp\/v2\/categories?post=53680"},{"taxonomy":"post_tag","embeddable":true,"href":"https:\/\/temucotelevision.cl\/web\/wp-json\/wp\/v2\/tags?post=53680"}],"curies":[{"name":"wp","href":"https:\/\/api.w.org\/{rel}","templated":true}]}}