{"id":53671,"date":"2024-11-18T17:33:34","date_gmt":"2024-11-18T20:33:34","guid":{"rendered":"https:\/\/temucotelevision.cl\/web\/?p=53671"},"modified":"2024-11-19T11:10:47","modified_gmt":"2024-11-19T14:10:47","slug":"araucania-en-100-palabras-tendra-su-premiacion-al-ritmo-del-jazz","status":"publish","type":"post","link":"https:\/\/temucotelevision.cl\/web\/2024\/11\/18\/araucania-en-100-palabras-tendra-su-premiacion-al-ritmo-del-jazz\/","title":{"rendered":"Araucan\u00eda\u00a0en 100 Palabras tendr\u00e1 su premiaci\u00f3n al ritmo del jazz"},"content":{"rendered":"<div class=\"pvc_clear\"><\/div><p id=\"pvc_stats_53671\" class=\"pvc_stats total_only  \" data-element-id=\"53671\" style=\"\"><i class=\"pvc-stats-icon large\" aria-hidden=\"true\"><svg aria-hidden=\"true\" focusable=\"false\" data-prefix=\"far\" data-icon=\"chart-bar\" role=\"img\" xmlns=\"http:\/\/www.w3.org\/2000\/svg\" viewBox=\"0 0 512 512\" class=\"svg-inline--fa fa-chart-bar fa-w-16 fa-2x\"><path fill=\"currentColor\" d=\"M396.8 352h22.4c6.4 0 12.8-6.4 12.8-12.8V108.8c0-6.4-6.4-12.8-12.8-12.8h-22.4c-6.4 0-12.8 6.4-12.8 12.8v230.4c0 6.4 6.4 12.8 12.8 12.8zm-192 0h22.4c6.4 0 12.8-6.4 12.8-12.8V140.8c0-6.4-6.4-12.8-12.8-12.8h-22.4c-6.4 0-12.8 6.4-12.8 12.8v198.4c0 6.4 6.4 12.8 12.8 12.8zm96 0h22.4c6.4 0 12.8-6.4 12.8-12.8V204.8c0-6.4-6.4-12.8-12.8-12.8h-22.4c-6.4 0-12.8 6.4-12.8 12.8v134.4c0 6.4 6.4 12.8 12.8 12.8zM496 400H48V80c0-8.84-7.16-16-16-16H16C7.16 64 0 71.16 0 80v336c0 17.67 14.33 32 32 32h464c8.84 0 16-7.16 16-16v-16c0-8.84-7.16-16-16-16zm-387.2-48h22.4c6.4 0 12.8-6.4 12.8-12.8v-70.4c0-6.4-6.4-12.8-12.8-12.8h-22.4c-6.4 0-12.8 6.4-12.8 12.8v70.4c0 6.4 6.4 12.8 12.8 12.8z\" class=\"\"><\/path><\/svg><\/i> <img loading=\"lazy\" decoding=\"async\" width=\"16\" height=\"16\" alt=\"Loading\" src=\"https:\/\/temucotelevision.cl\/web\/wp-content\/plugins\/page-views-count\/ajax-loader-2x.gif\" border=0 \/><\/p><div class=\"pvc_clear\"><\/div>\n<p class=\"has-medium-font-size\"><strong>El concurso de cuentos breves, presentado por CMPC y Fundaci\u00f3n Plagio, premiar\u00e1 a los ganadores de su sexta edici\u00f3n el jueves de 28 de noviembre en el Museo Ferroviario Pablo Neruda de Temuco a las 19 horas.<\/strong><\/p>\n\n\n\n<p><strong>Este a\u00f1o la ceremonia contar\u00e1 nuevamente con la animaci\u00f3n de la periodista de la Radio Biob\u00edo Araucan\u00eda, Karina Rossi, mientras que la lectura dramatizada estar\u00e1 a cargo del actor de teatro y televisi\u00f3n, Etienne Bobenrieth; acompa\u00f1ada por la musicalizaci\u00f3n del artista local, C\u00e9sar Ibacache, quien tambi\u00e9n es conductor del programa \u201cConversArte\u201d de la Radio Edelweiss.\u00a0<\/strong><\/p>\n\n\n\n<p>En un mes m\u00e1s, se conocer\u00e1n las historias que marcaron a la regi\u00f3n de la Araucan\u00eda este 2024. Presentado por CMPC y Fundaci\u00f3n Plagio Todo lo que destacan sus habitantes y caracteriza esta zona del sur de Chile junto a sus memorias y emociones, se dar\u00e1n a conocer el pr\u00f3ximo jueves 28 de noviembre en el Museo Ferroviario Pablo Neruda de Temuco, en una ceremonia gratuita a las 19 horas, previa inscripci\u00f3n..<\/p>\n\n\n\n<p>En el evento la reconocida periodista de Radio Biob\u00edo Araucan\u00eda, Karina Rossi, se encargar\u00e1 de animar la jornada, dando pie a la lectura dramatizada de los relatos ganadores en la voz e histrionismo del actor de teatro y televisi\u00f3n, Etienne Bobenrieth. Cada uno de los ocho cuentos que destacaron en las categor\u00edas: Primer Lugar, Premio al Talento Infantil, Premio al Talento Mayor, Premio al Mejor Relato de la Memoria, Premio a Mejor Relato en Mapudung\u00fan y dos menciones honrosas, ser\u00e1n acompa\u00f1ados por la musicalizaci\u00f3n en vivo de C\u00e9sar Ibacache quien ha publicado un \u00e1lbum, dos EPs y varios singles emparentados con el jazz experimental y el R&amp;B.&nbsp;<\/p>\n\n\n\n<p>En la tarea de seleccionar las historias que se alzaron con los premios de la sexta edici\u00f3n de Araucan\u00eda en 100 Palabras, el jurado de esta edici\u00f3n tuvo en sus filas a importantes escritores nacionales como el novelista&nbsp;<strong>Marcelo Mellado<\/strong>; el autor y guionista,&nbsp;<strong>Sim\u00f3n Soto<\/strong>; y la poeta mapuche,&nbsp;<strong>Roxana Miranda<\/strong>.&nbsp;<\/p>\n\n\n\n<p>A la fecha han llegado m\u00e1s de 32 mil relatos durante los 6 a\u00f1os del concurso. Un hito que se celebrar\u00e1 en grande con sus propios protagonistas en la ceremonia de premiaci\u00f3n de la VI versi\u00f3n del concurso en el Museo Ferroviario Pablo Neruda de Temuco a las 19 horas, previa inscripci\u00f3n.<\/p>\n\n\n\n<p>Conoce m\u00e1s detalles sobre el concurso y la premiaci\u00f3n de la VI edici\u00f3n de Araucan\u00eda en 100 Palabras en&nbsp;<a href=\"https:\/\/trackercl1.fidelizador.com\/L107FAB3EG787ADC2DHE1EB60B676J10B47A090F82K107FAB3E949BF113D7F27EB85AE5ED\">www.araucaniaen100palabras.cl<\/a>&nbsp;y en las redes sociales:&nbsp;<a href=\"https:\/\/trackercl1.fidelizador.com\/L107FAB3EG787ADC2DHE1EB60B676J10B47A090F3EK107FAB3E949BF113D7F27EB85AE5ED\">Instagram<\/a>,&nbsp;<a href=\"https:\/\/trackercl1.fidelizador.com\/L107FAB3EG787ADC2DHE1EB60B676J10B47A090F2DK107FAB3E949BF113D7F27EB85AE5ED\">Tik y Tok&nbsp;<\/a>y&nbsp;<a href=\"https:\/\/trackercl1.fidelizador.com\/L107FAB3EG787ADC2DHE1EB60B676J10B47A090F98K107FAB3E949BF113D7F27EB85AE5ED\">Facebook<\/a>&nbsp;como @araucaniaen100palabras.<\/p>\n\n\n\n<p class=\"has-text-align-center\"><strong>Foto: Premiaci\u00f3n Araucan\u00eda en 100 Palabras 2023. Gentileza Fundaci\u00f3n Plagio<\/strong><\/p>\n\n\n\n<figure class=\"wp-block-image aligncenter size-large is-resized\"><img loading=\"lazy\" decoding=\"async\" width=\"1000\" height=\"667\" src=\"https:\/\/temucotelevision.cl\/web\/wp-content\/uploads\/2024\/11\/image-1-1000x667.png\" alt=\"\" class=\"wp-image-53674\" style=\"width:686px;height:auto\" srcset=\"https:\/\/temucotelevision.cl\/web\/wp-content\/uploads\/2024\/11\/image-1-1000x667.png 1000w, https:\/\/temucotelevision.cl\/web\/wp-content\/uploads\/2024\/11\/image-1-768x512.png 768w, https:\/\/temucotelevision.cl\/web\/wp-content\/uploads\/2024\/11\/image-1-1536x1025.png 1536w, https:\/\/temucotelevision.cl\/web\/wp-content\/uploads\/2024\/11\/image-1.png 1920w\" sizes=\"auto, (max-width: 1000px) 100vw, 1000px\" \/><\/figure>\n\n\n\n<p><\/p>\n","protected":false},"excerpt":{"rendered":"<div class=\"pvc_clear\"><\/div>\n<p id=\"pvc_stats_53671\" class=\"pvc_stats total_only  \" data-element-id=\"53671\" style=\"\"><i class=\"pvc-stats-icon large\" aria-hidden=\"true\"><svg aria-hidden=\"true\" focusable=\"false\" data-prefix=\"far\" data-icon=\"chart-bar\" role=\"img\" xmlns=\"http:\/\/www.w3.org\/2000\/svg\" viewBox=\"0 0 512 512\" class=\"svg-inline--fa fa-chart-bar fa-w-16 fa-2x\"><path fill=\"currentColor\" d=\"M396.8 352h22.4c6.4 0 12.8-6.4 12.8-12.8V108.8c0-6.4-6.4-12.8-12.8-12.8h-22.4c-6.4 0-12.8 6.4-12.8 12.8v230.4c0 6.4 6.4 12.8 12.8 12.8zm-192 0h22.4c6.4 0 12.8-6.4 12.8-12.8V140.8c0-6.4-6.4-12.8-12.8-12.8h-22.4c-6.4 0-12.8 6.4-12.8 12.8v198.4c0 6.4 6.4 12.8 12.8 12.8zm96 0h22.4c6.4 0 12.8-6.4 12.8-12.8V204.8c0-6.4-6.4-12.8-12.8-12.8h-22.4c-6.4 0-12.8 6.4-12.8 12.8v134.4c0 6.4 6.4 12.8 12.8 12.8zM496 400H48V80c0-8.84-7.16-16-16-16H16C7.16 64 0 71.16 0 80v336c0 17.67 14.33 32 32 32h464c8.84 0 16-7.16 16-16v-16c0-8.84-7.16-16-16-16zm-387.2-48h22.4c6.4 0 12.8-6.4 12.8-12.8v-70.4c0-6.4-6.4-12.8-12.8-12.8h-22.4c-6.4 0-12.8 6.4-12.8 12.8v70.4c0 6.4 6.4 12.8 12.8 12.8z\" class=\"\"><\/path><\/svg><\/i> <img loading=\"lazy\" decoding=\"async\" width=\"16\" height=\"16\" alt=\"Loading\" src=\"https:\/\/temucotelevision.cl\/web\/wp-content\/plugins\/page-views-count\/ajax-loader-2x.gif\" border=0 \/><\/p>\n<div class=\"pvc_clear\"><\/div>\n<p>El concurso de cuentos breves, presentado por CMPC y Fundaci\u00f3n Plagio, premiar\u00e1 a los ganadores de su sexta edici\u00f3n el<\/p>\n","protected":false},"author":143,"featured_media":53672,"comment_status":"open","ping_status":"open","sticky":false,"template":"","format":"standard","meta":{"colormag_page_container_layout":"default_layout","colormag_page_sidebar_layout":"default_layout","footnotes":""},"categories":[15,86],"tags":[],"class_list":["post-53671","post","type-post","status-publish","format-standard","has-post-thumbnail","hentry","category-la-araucania","category-panoramas"],"a3_pvc":{"activated":true,"total_views":130,"today_views":0},"_links":{"self":[{"href":"https:\/\/temucotelevision.cl\/web\/wp-json\/wp\/v2\/posts\/53671","targetHints":{"allow":["GET"]}}],"collection":[{"href":"https:\/\/temucotelevision.cl\/web\/wp-json\/wp\/v2\/posts"}],"about":[{"href":"https:\/\/temucotelevision.cl\/web\/wp-json\/wp\/v2\/types\/post"}],"author":[{"embeddable":true,"href":"https:\/\/temucotelevision.cl\/web\/wp-json\/wp\/v2\/users\/143"}],"replies":[{"embeddable":true,"href":"https:\/\/temucotelevision.cl\/web\/wp-json\/wp\/v2\/comments?post=53671"}],"version-history":[{"count":2,"href":"https:\/\/temucotelevision.cl\/web\/wp-json\/wp\/v2\/posts\/53671\/revisions"}],"predecessor-version":[{"id":53675,"href":"https:\/\/temucotelevision.cl\/web\/wp-json\/wp\/v2\/posts\/53671\/revisions\/53675"}],"wp:featuredmedia":[{"embeddable":true,"href":"https:\/\/temucotelevision.cl\/web\/wp-json\/wp\/v2\/media\/53672"}],"wp:attachment":[{"href":"https:\/\/temucotelevision.cl\/web\/wp-json\/wp\/v2\/media?parent=53671"}],"wp:term":[{"taxonomy":"category","embeddable":true,"href":"https:\/\/temucotelevision.cl\/web\/wp-json\/wp\/v2\/categories?post=53671"},{"taxonomy":"post_tag","embeddable":true,"href":"https:\/\/temucotelevision.cl\/web\/wp-json\/wp\/v2\/tags?post=53671"}],"curies":[{"name":"wp","href":"https:\/\/api.w.org\/{rel}","templated":true}]}}