{"id":53661,"date":"2024-11-16T23:22:03","date_gmt":"2024-11-17T02:22:03","guid":{"rendered":"https:\/\/temucotelevision.cl\/web\/?p=53661"},"modified":"2024-11-16T23:22:04","modified_gmt":"2024-11-17T02:22:04","slug":"con-charla-sobre-cambio-climatico-partio-exposofo-2024","status":"publish","type":"post","link":"https:\/\/temucotelevision.cl\/web\/2024\/11\/16\/con-charla-sobre-cambio-climatico-partio-exposofo-2024\/","title":{"rendered":"Con charla sobre cambio clim\u00e1tico parti\u00f3 ExpoSofo 2024"},"content":{"rendered":"<div class=\"pvc_clear\"><\/div><p id=\"pvc_stats_53661\" class=\"pvc_stats total_only  \" data-element-id=\"53661\" style=\"\"><i class=\"pvc-stats-icon large\" aria-hidden=\"true\"><svg aria-hidden=\"true\" focusable=\"false\" data-prefix=\"far\" data-icon=\"chart-bar\" role=\"img\" xmlns=\"http:\/\/www.w3.org\/2000\/svg\" viewBox=\"0 0 512 512\" class=\"svg-inline--fa fa-chart-bar fa-w-16 fa-2x\"><path fill=\"currentColor\" d=\"M396.8 352h22.4c6.4 0 12.8-6.4 12.8-12.8V108.8c0-6.4-6.4-12.8-12.8-12.8h-22.4c-6.4 0-12.8 6.4-12.8 12.8v230.4c0 6.4 6.4 12.8 12.8 12.8zm-192 0h22.4c6.4 0 12.8-6.4 12.8-12.8V140.8c0-6.4-6.4-12.8-12.8-12.8h-22.4c-6.4 0-12.8 6.4-12.8 12.8v198.4c0 6.4 6.4 12.8 12.8 12.8zm96 0h22.4c6.4 0 12.8-6.4 12.8-12.8V204.8c0-6.4-6.4-12.8-12.8-12.8h-22.4c-6.4 0-12.8 6.4-12.8 12.8v134.4c0 6.4 6.4 12.8 12.8 12.8zM496 400H48V80c0-8.84-7.16-16-16-16H16C7.16 64 0 71.16 0 80v336c0 17.67 14.33 32 32 32h464c8.84 0 16-7.16 16-16v-16c0-8.84-7.16-16-16-16zm-387.2-48h22.4c6.4 0 12.8-6.4 12.8-12.8v-70.4c0-6.4-6.4-12.8-12.8-12.8h-22.4c-6.4 0-12.8 6.4-12.8 12.8v70.4c0 6.4 6.4 12.8 12.8 12.8z\" class=\"\"><\/path><\/svg><\/i> <img loading=\"lazy\" decoding=\"async\" width=\"16\" height=\"16\" alt=\"Loading\" src=\"https:\/\/temucotelevision.cl\/web\/wp-content\/plugins\/page-views-count\/ajax-loader-2x.gif\" border=0 \/><\/p><div class=\"pvc_clear\"><\/div>\n<p><em>Durante la primera jornada de la feria agr\u00edcola tambi\u00e9n se conform\u00f3 la mesa ovina p\u00fablico-privada de La Araucan\u00eda.<\/em><\/p>\n\n\n\n<p>Con la tercera versi\u00f3n del &nbsp;\u201cEncuentro Agr\u00edcola de la Araucan\u00eda\u201d , cuyo eje central &nbsp;fue el an\u00e1lisis de los efectos del cambio clim\u00e1tico y sus impactos para el agro , &nbsp;se dio inicio a EXPOSOFO 2024. En la ocasi\u00f3n, el conocido meteor\u00f3logo de Canal 13, Gianfranco Marcone, fue el encargado de dictar una charla magistral acerca de este tema, afirmando que &nbsp;las variables meteorol\u00f3gicas est\u00e1n siendo m\u00e1s agresivas , por lo tanto, los agricultores deben considerarlas a la hora de tomar decisiones sobre sus cultivos.<\/p>\n\n\n\n<p>\u201cDesde una mirada a largo plazo se debe potenciar &nbsp;una agricultura m\u00e1s sustentable y &nbsp;m\u00e1s sostenible en las actividades productivas, &nbsp;lo cual permite dejarles a las nuevas generaciones un planeta en el que se pueda seguir trabajando\u201d, manifest\u00f3.<\/p>\n\n\n\n<p>Por otra parte, sostuvo que en La Araucan\u00eda la diversificaci\u00f3n que se &nbsp;ha experimentado en el agro durante las \u00faltimas d\u00e9cadas con &nbsp;rubros como la fruticultura y vinicultura &nbsp;sin duda obedece a los efectos de este fen\u00f3meno .<\/p>\n\n\n\n<p>La jornada concluy\u00f3 con el dialogo abierto respecto de la importancia del riego y las potencialidades que la regi\u00f3n puede alcanzar en esa materia.<\/p>\n\n\n\n<p><strong>Mesa Ovino P\u00fablico- Privada<\/strong><\/p>\n\n\n\n<p>En el marco del Concurso Ganadero de la feria se consolid\u00f3 la Mesa Ovina P\u00fablico Privada de la regi\u00f3n, iniciativa que busca fortalecer este rubro&nbsp; y abrir&nbsp; nuevas oportunidades para los peque\u00f1os y medianos productores de la zona a trav\u00e9s de un espacio de colaboraci\u00f3n entre todos los actores de la cadena y de esta forma impulsar el potencial productivo y la competitividad.<\/p>\n\n\n\n<p>Al respecto Carlo Rojas, secretario ejecutivo de la Sociedad de Fomento Agr\u00edcola, &nbsp;SOFO, indic\u00f3 que la &nbsp;conformaci\u00f3n de esta mesa permite desarrollar una &nbsp;estrategia de desarrollo regional. \u201c Lo que queremos es formalizar y dar repuestas a un sector productivo con mucha capacidad que necesita el apoyo p\u00fablico privado, por lo que nuestro pilar principal ser\u00e1 poder &nbsp;optar a fondos p\u00fablicos y generar diversas propuestas\u201d, precis\u00f3.<\/p>\n\n\n\n<p>Por su parte el seremi de agricultura, &nbsp;H\u00e9ctor Cumilaf, dijo que lo importante de esa Mesa Bovina \u201ces la coordinaci\u00f3n que hoy tenemos con el sector privado , incluyendo la SOFO, lo que nos permite poder proyectar este rubro que tradicionalmente ha sido muy relevante en la peque\u00f1a y mediana agricultura, pero que en el \u00faltimo tiempo se hab\u00eda descuidado, sin embargo, la idea es potenciar este rubro tan importante para nuestra regi\u00f3n\u201d.<\/p>\n\n\n\n<p>Cabe consignar que de forma paralela &nbsp;se desarroll\u00f3 la jura de ganado, con alrededor de 100 animales bovinos&nbsp; evaluados &nbsp;por el&nbsp; zootecnista Rodrigo Prado Donoso. Los ovinos en tanto,&nbsp; contaron con un jurado internacional argentino, el doctor &nbsp;Jos\u00e9 Luis Riberi. Los equinos chilenos&nbsp; fueron jurados por el &nbsp;experto Ren\u00e9 Aichelle , y equinos Cuarto de Milla y Appaloosa por el&nbsp; juez Gerd Lindemann. Los resultados de las razas premiadas se dar\u00e1n a conocer ma\u00f1ana viernes durante el desfile ganadero del Acto Inaugural de EXPOSOFO. La ceremonia oficial est\u00e1 programada para las 12:00 horas, con la presencia de las principales autoridades del agro.<\/p>\n","protected":false},"excerpt":{"rendered":"<div class=\"pvc_clear\"><\/div>\n<p id=\"pvc_stats_53661\" class=\"pvc_stats total_only  \" data-element-id=\"53661\" style=\"\"><i class=\"pvc-stats-icon large\" aria-hidden=\"true\"><svg aria-hidden=\"true\" focusable=\"false\" data-prefix=\"far\" data-icon=\"chart-bar\" role=\"img\" xmlns=\"http:\/\/www.w3.org\/2000\/svg\" viewBox=\"0 0 512 512\" class=\"svg-inline--fa fa-chart-bar fa-w-16 fa-2x\"><path fill=\"currentColor\" d=\"M396.8 352h22.4c6.4 0 12.8-6.4 12.8-12.8V108.8c0-6.4-6.4-12.8-12.8-12.8h-22.4c-6.4 0-12.8 6.4-12.8 12.8v230.4c0 6.4 6.4 12.8 12.8 12.8zm-192 0h22.4c6.4 0 12.8-6.4 12.8-12.8V140.8c0-6.4-6.4-12.8-12.8-12.8h-22.4c-6.4 0-12.8 6.4-12.8 12.8v198.4c0 6.4 6.4 12.8 12.8 12.8zm96 0h22.4c6.4 0 12.8-6.4 12.8-12.8V204.8c0-6.4-6.4-12.8-12.8-12.8h-22.4c-6.4 0-12.8 6.4-12.8 12.8v134.4c0 6.4 6.4 12.8 12.8 12.8zM496 400H48V80c0-8.84-7.16-16-16-16H16C7.16 64 0 71.16 0 80v336c0 17.67 14.33 32 32 32h464c8.84 0 16-7.16 16-16v-16c0-8.84-7.16-16-16-16zm-387.2-48h22.4c6.4 0 12.8-6.4 12.8-12.8v-70.4c0-6.4-6.4-12.8-12.8-12.8h-22.4c-6.4 0-12.8 6.4-12.8 12.8v70.4c0 6.4 6.4 12.8 12.8 12.8z\" class=\"\"><\/path><\/svg><\/i> <img loading=\"lazy\" decoding=\"async\" width=\"16\" height=\"16\" alt=\"Loading\" src=\"https:\/\/temucotelevision.cl\/web\/wp-content\/plugins\/page-views-count\/ajax-loader-2x.gif\" border=0 \/><\/p>\n<div class=\"pvc_clear\"><\/div>\n<p>Durante la primera jornada de la feria agr\u00edcola tambi\u00e9n se conform\u00f3 la mesa ovina p\u00fablico-privada de La Araucan\u00eda. Con la<\/p>\n","protected":false},"author":1,"featured_media":53662,"comment_status":"open","ping_status":"open","sticky":false,"template":"","format":"standard","meta":{"colormag_page_container_layout":"default_layout","colormag_page_sidebar_layout":"default_layout","footnotes":""},"categories":[14],"tags":[6805],"class_list":["post-53661","post","type-post","status-publish","format-standard","has-post-thumbnail","hentry","category-temuco","tag-exposofo"],"a3_pvc":{"activated":true,"total_views":741,"today_views":0},"_links":{"self":[{"href":"https:\/\/temucotelevision.cl\/web\/wp-json\/wp\/v2\/posts\/53661","targetHints":{"allow":["GET"]}}],"collection":[{"href":"https:\/\/temucotelevision.cl\/web\/wp-json\/wp\/v2\/posts"}],"about":[{"href":"https:\/\/temucotelevision.cl\/web\/wp-json\/wp\/v2\/types\/post"}],"author":[{"embeddable":true,"href":"https:\/\/temucotelevision.cl\/web\/wp-json\/wp\/v2\/users\/1"}],"replies":[{"embeddable":true,"href":"https:\/\/temucotelevision.cl\/web\/wp-json\/wp\/v2\/comments?post=53661"}],"version-history":[{"count":1,"href":"https:\/\/temucotelevision.cl\/web\/wp-json\/wp\/v2\/posts\/53661\/revisions"}],"predecessor-version":[{"id":53663,"href":"https:\/\/temucotelevision.cl\/web\/wp-json\/wp\/v2\/posts\/53661\/revisions\/53663"}],"wp:featuredmedia":[{"embeddable":true,"href":"https:\/\/temucotelevision.cl\/web\/wp-json\/wp\/v2\/media\/53662"}],"wp:attachment":[{"href":"https:\/\/temucotelevision.cl\/web\/wp-json\/wp\/v2\/media?parent=53661"}],"wp:term":[{"taxonomy":"category","embeddable":true,"href":"https:\/\/temucotelevision.cl\/web\/wp-json\/wp\/v2\/categories?post=53661"},{"taxonomy":"post_tag","embeddable":true,"href":"https:\/\/temucotelevision.cl\/web\/wp-json\/wp\/v2\/tags?post=53661"}],"curies":[{"name":"wp","href":"https:\/\/api.w.org\/{rel}","templated":true}]}}