{"id":53659,"date":"2024-11-16T23:15:15","date_gmt":"2024-11-17T02:15:15","guid":{"rendered":"https:\/\/temucotelevision.cl\/web\/?p=53659"},"modified":"2024-11-16T23:15:16","modified_gmt":"2024-11-17T02:15:16","slug":"presupuesto-2025-camara-aprueba-indicacion-del-diputado-henry-leal-para-eximir-del-pago-de-contribuciones-a-los-adultos-mayores-que-reciben-la-pgu","status":"publish","type":"post","link":"https:\/\/temucotelevision.cl\/web\/2024\/11\/16\/presupuesto-2025-camara-aprueba-indicacion-del-diputado-henry-leal-para-eximir-del-pago-de-contribuciones-a-los-adultos-mayores-que-reciben-la-pgu\/","title":{"rendered":"Presupuesto 2025: C\u00e1mara aprueba indicaci\u00f3n del diputado Henry Leal para eximir del pago de contribuciones a los adultos mayores que reciben la PGU"},"content":{"rendered":"<div class=\"pvc_clear\"><\/div><p id=\"pvc_stats_53659\" class=\"pvc_stats total_only  \" data-element-id=\"53659\" style=\"\"><i class=\"pvc-stats-icon large\" aria-hidden=\"true\"><svg aria-hidden=\"true\" focusable=\"false\" data-prefix=\"far\" data-icon=\"chart-bar\" role=\"img\" xmlns=\"http:\/\/www.w3.org\/2000\/svg\" viewBox=\"0 0 512 512\" class=\"svg-inline--fa fa-chart-bar fa-w-16 fa-2x\"><path fill=\"currentColor\" d=\"M396.8 352h22.4c6.4 0 12.8-6.4 12.8-12.8V108.8c0-6.4-6.4-12.8-12.8-12.8h-22.4c-6.4 0-12.8 6.4-12.8 12.8v230.4c0 6.4 6.4 12.8 12.8 12.8zm-192 0h22.4c6.4 0 12.8-6.4 12.8-12.8V140.8c0-6.4-6.4-12.8-12.8-12.8h-22.4c-6.4 0-12.8 6.4-12.8 12.8v198.4c0 6.4 6.4 12.8 12.8 12.8zm96 0h22.4c6.4 0 12.8-6.4 12.8-12.8V204.8c0-6.4-6.4-12.8-12.8-12.8h-22.4c-6.4 0-12.8 6.4-12.8 12.8v134.4c0 6.4 6.4 12.8 12.8 12.8zM496 400H48V80c0-8.84-7.16-16-16-16H16C7.16 64 0 71.16 0 80v336c0 17.67 14.33 32 32 32h464c8.84 0 16-7.16 16-16v-16c0-8.84-7.16-16-16-16zm-387.2-48h22.4c6.4 0 12.8-6.4 12.8-12.8v-70.4c0-6.4-6.4-12.8-12.8-12.8h-22.4c-6.4 0-12.8 6.4-12.8 12.8v70.4c0 6.4 6.4 12.8 12.8 12.8z\" class=\"\"><\/path><\/svg><\/i> <img loading=\"lazy\" decoding=\"async\" width=\"16\" height=\"16\" alt=\"Loading\" src=\"https:\/\/temucotelevision.cl\/web\/wp-content\/plugins\/page-views-count\/ajax-loader-2x.gif\" border=0 \/><\/p><div class=\"pvc_clear\"><\/div>\n<p><em>La propuesta, que ahora deber\u00e1 ser ratificada por el Senado, busca apoyar a los beneficiarios de la Pensi\u00f3n Garantizada Universal ante el excesivo aumento de dicho impuesto en el pa\u00eds.<\/em><\/p>\n\n\n\n<p>En el marco de la tramitaci\u00f3n de la Ley de Presupuesto 2025, este martes la C\u00e1mara Baja aprob\u00f3 una de las principales indicaciones que suscribi\u00f3 el diputado por la Regi\u00f3n de La Araucan\u00eda e integrante de la comisi\u00f3n de Trabajo, Henry Leal (UDI), para eximir del pago de contribuciones a todos los adultos mayores que actualmente son beneficiarios de la Pensi\u00f3n Garantizada Universal (PGU).<\/p>\n\n\n\n<p>Al respecto, el parlamentario gremialista ingres\u00f3 dicha propuesta dentro del presupuesto del Ministerio de Hacienda, considerando el excesivo aumento que ha sufrido dicho impuesto durante los \u00faltimos a\u00f1os y la dificultad que mantienen los adultos mayores para cumplir con sus obligaciones.<\/p>\n\n\n\n<p>En ese sentido, si bien la mesa directiva de la corporaci\u00f3n hab\u00eda declarado inconstitucional la indicaci\u00f3n legislativa, el diputado Leal finalmente logr\u00f3 revertir la decisi\u00f3n, consiguiendo as\u00ed que la propuesta fuera aprobada por amplia mayor\u00eda: 88 votos a favor, una abstenci\u00f3n y s\u00f3lo 36 en contra.<\/p>\n\n\n\n<p>\u201cLas contribuciones se han convertido en un verdadero problema econ\u00f3mico para miles de familias, puesto que se ha vuelto reiterativo el reaval\u00fao de sus propiedades durante el \u00faltimo tiempo, lo que termina elevando el monto que deben pagar cada tres meses. Y la situaci\u00f3n es a\u00fan m\u00e1s compleja para los adultos mayores, porque como todos sabemos las pensiones en nuestro pa\u00eds no son altas, de tal manera que las dificultades que enfrentan son a\u00fan mayores. Esto ha provocado, incluso, que muchos jubilados tengan que vender su propiedad de toda la vida y optar por una m\u00e1s peque\u00f1a, debido a la imposibilidad de pagar las contribuciones y el riesgo que existe de remate\u201d, advirti\u00f3.<\/p>\n\n\n\n<p>En cuanto al detalle de la indicaci\u00f3n aprobada por la C\u00e1mara, lo que se\u00f1ala textualmente es que \u201cdurante el a\u00f1o 2025, los adultos mayores beneficiarios de la Pensi\u00f3n Garantizada Universal podr\u00e1n solicitar que el aval\u00fao fiscal de sus propiedades sea $0, atendiendo la situaci\u00f3n econ\u00f3mica del pa\u00eds\u201d.<\/p>\n\n\n\n<p>En esa l\u00ednea, para defender la propuesta, el representante de La Araucan\u00eda asegur\u00f3 que as\u00ed como el Gobierno -a trav\u00e9s del Servicio de Impuestos Internos (SII)- puede aplicar un reaval\u00fao fiscal de los bienes ra\u00edces sin pasar por el Congreso, los parlamentarios tambi\u00e9n podr\u00edan aprobar dicha medida.<\/p>\n\n\n\n<p>Por lo mismo, el diputado Leal lament\u00f3 que una vez que la indicaci\u00f3n fue aprobada por amplia mayor\u00eda y de manera transversal -incluso con votos oficialistas-, el Gobierno, a trav\u00e9s del ministro Mario Marcel, anunciara que recurrir\u00e1n al Tribunal Constitucional para que la norma sea rechazada.<\/p>\n\n\n\n<p>\u201cEs muy lamentable que las actuales autoridades no comprendan las enormes dificultades por las que est\u00e1n atravesando muchos adultos mayores. Nadie entiende que despu\u00e9s de que hayan pagado sagradamente los dividendos de su propiedad y por muchos a\u00f1os, hoy les sigan cobrando un impuesto que ha llegado a montos excesivos e irrisorios. Por eso esperamos que el Senado apoye esta indicaci\u00f3n y se termine convirtiendo en realidad, porque en medio de la actual situaci\u00f3n econ\u00f3mica que vive el pa\u00eds es fundamental apoyar a quienes m\u00e1s lo necesitan\u201d, reiter\u00f3 el legislador.<\/p>\n","protected":false},"excerpt":{"rendered":"<div class=\"pvc_clear\"><\/div>\n<p id=\"pvc_stats_53659\" class=\"pvc_stats total_only  \" data-element-id=\"53659\" style=\"\"><i class=\"pvc-stats-icon large\" aria-hidden=\"true\"><svg aria-hidden=\"true\" focusable=\"false\" data-prefix=\"far\" data-icon=\"chart-bar\" role=\"img\" xmlns=\"http:\/\/www.w3.org\/2000\/svg\" viewBox=\"0 0 512 512\" class=\"svg-inline--fa fa-chart-bar fa-w-16 fa-2x\"><path fill=\"currentColor\" d=\"M396.8 352h22.4c6.4 0 12.8-6.4 12.8-12.8V108.8c0-6.4-6.4-12.8-12.8-12.8h-22.4c-6.4 0-12.8 6.4-12.8 12.8v230.4c0 6.4 6.4 12.8 12.8 12.8zm-192 0h22.4c6.4 0 12.8-6.4 12.8-12.8V140.8c0-6.4-6.4-12.8-12.8-12.8h-22.4c-6.4 0-12.8 6.4-12.8 12.8v198.4c0 6.4 6.4 12.8 12.8 12.8zm96 0h22.4c6.4 0 12.8-6.4 12.8-12.8V204.8c0-6.4-6.4-12.8-12.8-12.8h-22.4c-6.4 0-12.8 6.4-12.8 12.8v134.4c0 6.4 6.4 12.8 12.8 12.8zM496 400H48V80c0-8.84-7.16-16-16-16H16C7.16 64 0 71.16 0 80v336c0 17.67 14.33 32 32 32h464c8.84 0 16-7.16 16-16v-16c0-8.84-7.16-16-16-16zm-387.2-48h22.4c6.4 0 12.8-6.4 12.8-12.8v-70.4c0-6.4-6.4-12.8-12.8-12.8h-22.4c-6.4 0-12.8 6.4-12.8 12.8v70.4c0 6.4 6.4 12.8 12.8 12.8z\" class=\"\"><\/path><\/svg><\/i> <img loading=\"lazy\" decoding=\"async\" width=\"16\" height=\"16\" alt=\"Loading\" src=\"https:\/\/temucotelevision.cl\/web\/wp-content\/plugins\/page-views-count\/ajax-loader-2x.gif\" border=0 \/><\/p>\n<div class=\"pvc_clear\"><\/div>\n<p>La propuesta, que ahora deber\u00e1 ser ratificada por el Senado, busca apoyar a los beneficiarios de la Pensi\u00f3n Garantizada Universal<\/p>\n","protected":false},"author":1,"featured_media":35906,"comment_status":"open","ping_status":"open","sticky":false,"template":"","format":"standard","meta":{"colormag_page_container_layout":"default_layout","colormag_page_sidebar_layout":"default_layout","footnotes":""},"categories":[84],"tags":[154],"class_list":["post-53659","post","type-post","status-publish","format-standard","has-post-thumbnail","hentry","category-politica","tag-diputado"],"a3_pvc":{"activated":true,"total_views":974,"today_views":0},"_links":{"self":[{"href":"https:\/\/temucotelevision.cl\/web\/wp-json\/wp\/v2\/posts\/53659","targetHints":{"allow":["GET"]}}],"collection":[{"href":"https:\/\/temucotelevision.cl\/web\/wp-json\/wp\/v2\/posts"}],"about":[{"href":"https:\/\/temucotelevision.cl\/web\/wp-json\/wp\/v2\/types\/post"}],"author":[{"embeddable":true,"href":"https:\/\/temucotelevision.cl\/web\/wp-json\/wp\/v2\/users\/1"}],"replies":[{"embeddable":true,"href":"https:\/\/temucotelevision.cl\/web\/wp-json\/wp\/v2\/comments?post=53659"}],"version-history":[{"count":1,"href":"https:\/\/temucotelevision.cl\/web\/wp-json\/wp\/v2\/posts\/53659\/revisions"}],"predecessor-version":[{"id":53660,"href":"https:\/\/temucotelevision.cl\/web\/wp-json\/wp\/v2\/posts\/53659\/revisions\/53660"}],"wp:featuredmedia":[{"embeddable":true,"href":"https:\/\/temucotelevision.cl\/web\/wp-json\/wp\/v2\/media\/35906"}],"wp:attachment":[{"href":"https:\/\/temucotelevision.cl\/web\/wp-json\/wp\/v2\/media?parent=53659"}],"wp:term":[{"taxonomy":"category","embeddable":true,"href":"https:\/\/temucotelevision.cl\/web\/wp-json\/wp\/v2\/categories?post=53659"},{"taxonomy":"post_tag","embeddable":true,"href":"https:\/\/temucotelevision.cl\/web\/wp-json\/wp\/v2\/tags?post=53659"}],"curies":[{"name":"wp","href":"https:\/\/api.w.org\/{rel}","templated":true}]}}