{"id":53650,"date":"2024-11-16T22:50:04","date_gmt":"2024-11-17T01:50:04","guid":{"rendered":"https:\/\/temucotelevision.cl\/web\/?p=53650"},"modified":"2024-11-16T22:52:58","modified_gmt":"2024-11-17T01:52:58","slug":"diputado-jorge-rathgeb-espera-que-senado-ratifique-eliminacion-de-la-tombola-y-padres-tengan-libertad-a-la-hora-de-elegir-establecimientos","status":"publish","type":"post","link":"https:\/\/temucotelevision.cl\/web\/2024\/11\/16\/diputado-jorge-rathgeb-espera-que-senado-ratifique-eliminacion-de-la-tombola-y-padres-tengan-libertad-a-la-hora-de-elegir-establecimientos\/","title":{"rendered":"Diputado Jorge Rathgeb espera que Senado ratifique eliminaci\u00f3n de la &#8220;t\u00f3mbola&#8221; y padres tengan libertad a la hora de elegir establecimientos"},"content":{"rendered":"<div class=\"pvc_clear\"><\/div><p id=\"pvc_stats_53650\" class=\"pvc_stats total_only  \" data-element-id=\"53650\" style=\"\"><i class=\"pvc-stats-icon large\" aria-hidden=\"true\"><svg aria-hidden=\"true\" focusable=\"false\" data-prefix=\"far\" data-icon=\"chart-bar\" role=\"img\" xmlns=\"http:\/\/www.w3.org\/2000\/svg\" viewBox=\"0 0 512 512\" class=\"svg-inline--fa fa-chart-bar fa-w-16 fa-2x\"><path fill=\"currentColor\" d=\"M396.8 352h22.4c6.4 0 12.8-6.4 12.8-12.8V108.8c0-6.4-6.4-12.8-12.8-12.8h-22.4c-6.4 0-12.8 6.4-12.8 12.8v230.4c0 6.4 6.4 12.8 12.8 12.8zm-192 0h22.4c6.4 0 12.8-6.4 12.8-12.8V140.8c0-6.4-6.4-12.8-12.8-12.8h-22.4c-6.4 0-12.8 6.4-12.8 12.8v198.4c0 6.4 6.4 12.8 12.8 12.8zm96 0h22.4c6.4 0 12.8-6.4 12.8-12.8V204.8c0-6.4-6.4-12.8-12.8-12.8h-22.4c-6.4 0-12.8 6.4-12.8 12.8v134.4c0 6.4 6.4 12.8 12.8 12.8zM496 400H48V80c0-8.84-7.16-16-16-16H16C7.16 64 0 71.16 0 80v336c0 17.67 14.33 32 32 32h464c8.84 0 16-7.16 16-16v-16c0-8.84-7.16-16-16-16zm-387.2-48h22.4c6.4 0 12.8-6.4 12.8-12.8v-70.4c0-6.4-6.4-12.8-12.8-12.8h-22.4c-6.4 0-12.8 6.4-12.8 12.8v70.4c0 6.4 6.4 12.8 12.8 12.8z\" class=\"\"><\/path><\/svg><\/i> <img loading=\"lazy\" decoding=\"async\" width=\"16\" height=\"16\" alt=\"Loading\" src=\"https:\/\/temucotelevision.cl\/web\/wp-content\/plugins\/page-views-count\/ajax-loader-2x.gif\" border=0 \/><\/p><div class=\"pvc_clear\"><\/div>\n<p><strong>El legislador se\u00f1al\u00f3 que es importante que padres y apoderados decidan el futuro educacional de sus hijos y no se dependa de un sistema aleatorio, algo que vot\u00f3 en contra cuando fue puesto en marcha en la administraci\u00f3n de la ex Presidenta Bachelet.<\/strong><\/p>\n\n\n\n<p>La C\u00e1mara aprob\u00f3 la eliminaci\u00f3n del Sistema de Educaci\u00f3n Escolar -SAE- en la que se eleg\u00eda de manera aleatoria un establecimiento educacional tanto p\u00fablico como particular subvencionado.<\/p>\n\n\n\n<p>El diputado de Renovaci\u00f3n Nacional por La Araucan\u00eda, Jorge Rathgeb Schifferli, valor\u00f3 que se derogara lo que a su juicio era una mala iniciativa, porque todo depend\u00eda del azar m\u00e1s que de las libertades de elecci\u00f3n.<\/p>\n\n\n\n<p>El legislador espera ahora que el Senado ratifique la medida, dado que la denominada &#8220;t\u00f3mbola&#8221; era m\u00e1s que nada una imposici\u00f3n y con la educaci\u00f3n de los ni\u00f1os nunca se deb\u00eda haber puesto en pr\u00e1ctica este sistema.<\/p>\n\n\n\n<p>&#8220;Se est\u00e1 eliminando una de las leyes m\u00e1s malas que exist\u00edan y que iba en contra de la libertad de los padres de elegir el mejor establecimiento para sus hijos. Esperamos que en el Senado prime el sentido com\u00fan y se ratifique la derogaci\u00f3n de esta normativa que era un verdadero juego sobre el futuro de los hijos tal como lo expres\u00e9 desde el primer momento cuando se anunci\u00f3 esto&#8221;, manifest\u00f3 el parlamentario.<\/p>\n\n\n\n<p>Rathgeb agreg\u00f3 que este sistema mientras siga vigente no hace m\u00e1s que poner trabas a la libertad de elecci\u00f3n y que ahora espera que impere el bien com\u00fan de cada padre y apoderado al momento de elegir el establecimiento que le parezca m\u00e1s pertinente para sus hijos.<\/p>\n","protected":false},"excerpt":{"rendered":"<div class=\"pvc_clear\"><\/div>\n<p id=\"pvc_stats_53650\" class=\"pvc_stats total_only  \" data-element-id=\"53650\" style=\"\"><i class=\"pvc-stats-icon large\" aria-hidden=\"true\"><svg aria-hidden=\"true\" focusable=\"false\" data-prefix=\"far\" data-icon=\"chart-bar\" role=\"img\" xmlns=\"http:\/\/www.w3.org\/2000\/svg\" viewBox=\"0 0 512 512\" class=\"svg-inline--fa fa-chart-bar fa-w-16 fa-2x\"><path fill=\"currentColor\" d=\"M396.8 352h22.4c6.4 0 12.8-6.4 12.8-12.8V108.8c0-6.4-6.4-12.8-12.8-12.8h-22.4c-6.4 0-12.8 6.4-12.8 12.8v230.4c0 6.4 6.4 12.8 12.8 12.8zm-192 0h22.4c6.4 0 12.8-6.4 12.8-12.8V140.8c0-6.4-6.4-12.8-12.8-12.8h-22.4c-6.4 0-12.8 6.4-12.8 12.8v198.4c0 6.4 6.4 12.8 12.8 12.8zm96 0h22.4c6.4 0 12.8-6.4 12.8-12.8V204.8c0-6.4-6.4-12.8-12.8-12.8h-22.4c-6.4 0-12.8 6.4-12.8 12.8v134.4c0 6.4 6.4 12.8 12.8 12.8zM496 400H48V80c0-8.84-7.16-16-16-16H16C7.16 64 0 71.16 0 80v336c0 17.67 14.33 32 32 32h464c8.84 0 16-7.16 16-16v-16c0-8.84-7.16-16-16-16zm-387.2-48h22.4c6.4 0 12.8-6.4 12.8-12.8v-70.4c0-6.4-6.4-12.8-12.8-12.8h-22.4c-6.4 0-12.8 6.4-12.8 12.8v70.4c0 6.4 6.4 12.8 12.8 12.8z\" class=\"\"><\/path><\/svg><\/i> <img loading=\"lazy\" decoding=\"async\" width=\"16\" height=\"16\" alt=\"Loading\" src=\"https:\/\/temucotelevision.cl\/web\/wp-content\/plugins\/page-views-count\/ajax-loader-2x.gif\" border=0 \/><\/p>\n<div class=\"pvc_clear\"><\/div>\n<p>El legislador se\u00f1al\u00f3 que es importante que padres y apoderados decidan el futuro educacional de sus hijos y no se<\/p>\n","protected":false},"author":1,"featured_media":34488,"comment_status":"open","ping_status":"open","sticky":false,"template":"","format":"standard","meta":{"colormag_page_container_layout":"default_layout","colormag_page_sidebar_layout":"default_layout","footnotes":""},"categories":[84,14],"tags":[149],"class_list":["post-53650","post","type-post","status-publish","format-standard","has-post-thumbnail","hentry","category-politica","category-temuco","tag-tombola"],"a3_pvc":{"activated":true,"total_views":1456,"today_views":0},"_links":{"self":[{"href":"https:\/\/temucotelevision.cl\/web\/wp-json\/wp\/v2\/posts\/53650","targetHints":{"allow":["GET"]}}],"collection":[{"href":"https:\/\/temucotelevision.cl\/web\/wp-json\/wp\/v2\/posts"}],"about":[{"href":"https:\/\/temucotelevision.cl\/web\/wp-json\/wp\/v2\/types\/post"}],"author":[{"embeddable":true,"href":"https:\/\/temucotelevision.cl\/web\/wp-json\/wp\/v2\/users\/1"}],"replies":[{"embeddable":true,"href":"https:\/\/temucotelevision.cl\/web\/wp-json\/wp\/v2\/comments?post=53650"}],"version-history":[{"count":1,"href":"https:\/\/temucotelevision.cl\/web\/wp-json\/wp\/v2\/posts\/53650\/revisions"}],"predecessor-version":[{"id":53651,"href":"https:\/\/temucotelevision.cl\/web\/wp-json\/wp\/v2\/posts\/53650\/revisions\/53651"}],"wp:featuredmedia":[{"embeddable":true,"href":"https:\/\/temucotelevision.cl\/web\/wp-json\/wp\/v2\/media\/34488"}],"wp:attachment":[{"href":"https:\/\/temucotelevision.cl\/web\/wp-json\/wp\/v2\/media?parent=53650"}],"wp:term":[{"taxonomy":"category","embeddable":true,"href":"https:\/\/temucotelevision.cl\/web\/wp-json\/wp\/v2\/categories?post=53650"},{"taxonomy":"post_tag","embeddable":true,"href":"https:\/\/temucotelevision.cl\/web\/wp-json\/wp\/v2\/tags?post=53650"}],"curies":[{"name":"wp","href":"https:\/\/api.w.org\/{rel}","templated":true}]}}