{"id":53647,"date":"2024-11-16T22:46:42","date_gmt":"2024-11-17T01:46:42","guid":{"rendered":"https:\/\/temucotelevision.cl\/web\/?p=53647"},"modified":"2024-11-16T22:46:43","modified_gmt":"2024-11-17T01:46:43","slug":"musica-artesanias-y-arte-culinario-local-asi-fue-el-inicio-de-la-expo-agro-collipulli-2024","status":"publish","type":"post","link":"https:\/\/temucotelevision.cl\/web\/2024\/11\/16\/musica-artesanias-y-arte-culinario-local-asi-fue-el-inicio-de-la-expo-agro-collipulli-2024\/","title":{"rendered":"M\u00fasica, artesan\u00edas y arte culinario local: As\u00ed fue el inicio\u00a0de la Expo Agro Collipulli 2024"},"content":{"rendered":"<div class=\"pvc_clear\"><\/div><p id=\"pvc_stats_53647\" class=\"pvc_stats total_only  \" data-element-id=\"53647\" style=\"\"><i class=\"pvc-stats-icon large\" aria-hidden=\"true\"><svg aria-hidden=\"true\" focusable=\"false\" data-prefix=\"far\" data-icon=\"chart-bar\" role=\"img\" xmlns=\"http:\/\/www.w3.org\/2000\/svg\" viewBox=\"0 0 512 512\" class=\"svg-inline--fa fa-chart-bar fa-w-16 fa-2x\"><path fill=\"currentColor\" d=\"M396.8 352h22.4c6.4 0 12.8-6.4 12.8-12.8V108.8c0-6.4-6.4-12.8-12.8-12.8h-22.4c-6.4 0-12.8 6.4-12.8 12.8v230.4c0 6.4 6.4 12.8 12.8 12.8zm-192 0h22.4c6.4 0 12.8-6.4 12.8-12.8V140.8c0-6.4-6.4-12.8-12.8-12.8h-22.4c-6.4 0-12.8 6.4-12.8 12.8v198.4c0 6.4 6.4 12.8 12.8 12.8zm96 0h22.4c6.4 0 12.8-6.4 12.8-12.8V204.8c0-6.4-6.4-12.8-12.8-12.8h-22.4c-6.4 0-12.8 6.4-12.8 12.8v134.4c0 6.4 6.4 12.8 12.8 12.8zM496 400H48V80c0-8.84-7.16-16-16-16H16C7.16 64 0 71.16 0 80v336c0 17.67 14.33 32 32 32h464c8.84 0 16-7.16 16-16v-16c0-8.84-7.16-16-16-16zm-387.2-48h22.4c6.4 0 12.8-6.4 12.8-12.8v-70.4c0-6.4-6.4-12.8-12.8-12.8h-22.4c-6.4 0-12.8 6.4-12.8 12.8v70.4c0 6.4 6.4 12.8 12.8 12.8z\" class=\"\"><\/path><\/svg><\/i> <img loading=\"lazy\" decoding=\"async\" width=\"16\" height=\"16\" alt=\"Loading\" src=\"https:\/\/temucotelevision.cl\/web\/wp-content\/plugins\/page-views-count\/ajax-loader-2x.gif\" border=0 \/><\/p><div class=\"pvc_clear\"><\/div>\n<ul class=\"wp-block-list\">\n<li><em>La Vega Techada, infraestructura financiada en un 90% por CMPC, fue el lugar escogido por la Mesa P\u00fablico &#8211; Privada de Collipulli, para realizar esta importante actividad donde se mezcl\u00f3 lo mejor del mundo rural en un marco de diversi\u00f3n y esparcimiento para toda la familia.\u00a0<\/em><\/li>\n<\/ul>\n\n\n\n<p>Con un ambiente lleno de alegr\u00eda y tradici\u00f3n, comenz\u00f3 la&nbsp;<strong>Expo Agro Collipulli 2024<\/strong>, un evento que re\u00fane lo mejor del mundo rural en un espacio pensado para toda la familia. Esta iniciativa, organizada por la&nbsp;<strong>Mesa P\u00fablico-Privada de Collipulli<\/strong>&nbsp;con el apoyo de la Municipalidad y&nbsp;<strong>CMPC<\/strong>, se consolida como una vitrina \u00fanica para las riquezas culturales, artesanales y culinarias de la regi\u00f3n.<\/p>\n\n\n\n<p>Domitilia Herrera, tesorera de la Mesa P\u00fablico-Privada de Collipulli indic\u00f3 que \u201ccomo mesa pertenecemos al sector rural y lo constituimos muchos peque\u00f1os agricultores. Con esta Expo Agro en la Vega Techada podemos mostrar y vender nuestros productos, lo que entrega un apoyo importante para la econom\u00eda de peque\u00f1os productores\u201d.&nbsp;<\/p>\n\n\n\n<p>El recinto cuenta con&nbsp;<strong>70 locales<\/strong>&nbsp;donde los asistentes pueden disfrutar de una variada oferta que incluye productos agr\u00edcolas, artesan\u00edas locales y una muestra gastron\u00f3mica que rescata los sabores m\u00e1s representativos de la zona. Adem\u00e1s, el primer d\u00eda estuvo marcado por presentaciones musicales en vivo del Semillero de la Orquesta Sinf\u00f3nica de Collipuli, que llenaron de energ\u00eda el ambiente y ofrecieron momentos de diversi\u00f3n y esparcimiento para grandes y chicos.<\/p>\n\n\n\n<p>Ruth Guti\u00e9rrez, presidenta de la Vega Techada, se\u00f1al\u00f3 que la realizaci\u00f3n de esta actividad es importante ya que \u201cqueremos dar a conocer al publico que tenemos nuestros productos en la vega todos los d\u00edas. Pudimos atraer a que la gente nos conozca y lleve nuestros productos, que van desde fruta, verdura hasta artesan\u00edas y miel. Por eso, agadecemos enormemente el apoyo de CMPC, que desde el principio nos ha ayudado en todo lo que necesitamos\u201d.&nbsp;<\/p>\n\n\n\n<p>Manuel Macaya, alcalde de Collipulli, se\u00f1al\u00f3 que el trabajo entre el municipio y CMPC ha sido muy relevante para el desarrollo de la comuna: \u201cLa Vega Techada es una obra que est\u00e1 en el coraz\u00f3n de la comuna y fue una inversi\u00f3n apoyada en un 90% por CMPC. Por eso, contar con su apoyo, especialmente en el desarrollo de actividades al interior de este recinto, es muy relevante. Estamos muy agradecidos por el apoyo que entregan a los emprendedores y peque\u00f1os agricultores de nuestra comuna\u201d.&nbsp;<\/p>\n\n\n\n<p>La Expo Agro no solo promueve el desarrollo econ\u00f3mico local, sino que tambi\u00e9n refuerza los lazos comunitarios al destacar el trabajo colaborativo entre diferentes actores. Este evento es un claro ejemplo de c\u00f3mo la tradici\u00f3n y la innovaci\u00f3n pueden convivir, posicionando a Collipulli como un referente de cultura y emprendimiento rural.<\/p>\n\n\n\n<p>Rodrigo Alarc\u00f3n, jefe de relacionamiento CMPC Collipulli, relat\u00f3 que, como empresa, \u201ctenemos un rol social importante dentro de las comunas donde tenemos nuestro patrimonio. En este caso, la Expo Agro 2024, que es realizada por la Mesa P\u00fablico-Privada, es una gran vitrina que permite a nuestros emprendedores mostrar sus productos y con ello, vender sus mercanc\u00edas, lo que se traduce en una mejora de la calidad de vida de las familias de Collipulli\u201d.&nbsp;<\/p>\n\n\n\n<p><\/p>\n","protected":false},"excerpt":{"rendered":"<div class=\"pvc_clear\"><\/div>\n<p id=\"pvc_stats_53647\" class=\"pvc_stats total_only  \" data-element-id=\"53647\" style=\"\"><i class=\"pvc-stats-icon large\" aria-hidden=\"true\"><svg aria-hidden=\"true\" focusable=\"false\" data-prefix=\"far\" data-icon=\"chart-bar\" role=\"img\" xmlns=\"http:\/\/www.w3.org\/2000\/svg\" viewBox=\"0 0 512 512\" class=\"svg-inline--fa fa-chart-bar fa-w-16 fa-2x\"><path fill=\"currentColor\" d=\"M396.8 352h22.4c6.4 0 12.8-6.4 12.8-12.8V108.8c0-6.4-6.4-12.8-12.8-12.8h-22.4c-6.4 0-12.8 6.4-12.8 12.8v230.4c0 6.4 6.4 12.8 12.8 12.8zm-192 0h22.4c6.4 0 12.8-6.4 12.8-12.8V140.8c0-6.4-6.4-12.8-12.8-12.8h-22.4c-6.4 0-12.8 6.4-12.8 12.8v198.4c0 6.4 6.4 12.8 12.8 12.8zm96 0h22.4c6.4 0 12.8-6.4 12.8-12.8V204.8c0-6.4-6.4-12.8-12.8-12.8h-22.4c-6.4 0-12.8 6.4-12.8 12.8v134.4c0 6.4 6.4 12.8 12.8 12.8zM496 400H48V80c0-8.84-7.16-16-16-16H16C7.16 64 0 71.16 0 80v336c0 17.67 14.33 32 32 32h464c8.84 0 16-7.16 16-16v-16c0-8.84-7.16-16-16-16zm-387.2-48h22.4c6.4 0 12.8-6.4 12.8-12.8v-70.4c0-6.4-6.4-12.8-12.8-12.8h-22.4c-6.4 0-12.8 6.4-12.8 12.8v70.4c0 6.4 6.4 12.8 12.8 12.8z\" class=\"\"><\/path><\/svg><\/i> <img loading=\"lazy\" decoding=\"async\" width=\"16\" height=\"16\" alt=\"Loading\" src=\"https:\/\/temucotelevision.cl\/web\/wp-content\/plugins\/page-views-count\/ajax-loader-2x.gif\" border=0 \/><\/p>\n<div class=\"pvc_clear\"><\/div>\n<p>Con un ambiente lleno de alegr\u00eda y tradici\u00f3n, comenz\u00f3 la&nbsp;Expo Agro Collipulli 2024, un evento que re\u00fane lo mejor del<\/p>\n","protected":false},"author":1,"featured_media":53648,"comment_status":"open","ping_status":"open","sticky":false,"template":"","format":"standard","meta":{"colormag_page_container_layout":"default_layout","colormag_page_sidebar_layout":"default_layout","footnotes":""},"categories":[86],"tags":[314],"class_list":["post-53647","post","type-post","status-publish","format-standard","has-post-thumbnail","hentry","category-panoramas","tag-expo"],"a3_pvc":{"activated":true,"total_views":966,"today_views":0},"_links":{"self":[{"href":"https:\/\/temucotelevision.cl\/web\/wp-json\/wp\/v2\/posts\/53647","targetHints":{"allow":["GET"]}}],"collection":[{"href":"https:\/\/temucotelevision.cl\/web\/wp-json\/wp\/v2\/posts"}],"about":[{"href":"https:\/\/temucotelevision.cl\/web\/wp-json\/wp\/v2\/types\/post"}],"author":[{"embeddable":true,"href":"https:\/\/temucotelevision.cl\/web\/wp-json\/wp\/v2\/users\/1"}],"replies":[{"embeddable":true,"href":"https:\/\/temucotelevision.cl\/web\/wp-json\/wp\/v2\/comments?post=53647"}],"version-history":[{"count":1,"href":"https:\/\/temucotelevision.cl\/web\/wp-json\/wp\/v2\/posts\/53647\/revisions"}],"predecessor-version":[{"id":53649,"href":"https:\/\/temucotelevision.cl\/web\/wp-json\/wp\/v2\/posts\/53647\/revisions\/53649"}],"wp:featuredmedia":[{"embeddable":true,"href":"https:\/\/temucotelevision.cl\/web\/wp-json\/wp\/v2\/media\/53648"}],"wp:attachment":[{"href":"https:\/\/temucotelevision.cl\/web\/wp-json\/wp\/v2\/media?parent=53647"}],"wp:term":[{"taxonomy":"category","embeddable":true,"href":"https:\/\/temucotelevision.cl\/web\/wp-json\/wp\/v2\/categories?post=53647"},{"taxonomy":"post_tag","embeddable":true,"href":"https:\/\/temucotelevision.cl\/web\/wp-json\/wp\/v2\/tags?post=53647"}],"curies":[{"name":"wp","href":"https:\/\/api.w.org\/{rel}","templated":true}]}}