{"id":53643,"date":"2024-11-16T18:29:52","date_gmt":"2024-11-16T21:29:52","guid":{"rendered":"https:\/\/temucotelevision.cl\/web\/?p=53643"},"modified":"2024-11-16T20:05:10","modified_gmt":"2024-11-16T23:05:10","slug":"el-volcan-villarrica-abre-sus-puertas-vuelven-las-expediciones-al-crater-tras-dos-anos","status":"publish","type":"post","link":"https:\/\/temucotelevision.cl\/web\/2024\/11\/16\/el-volcan-villarrica-abre-sus-puertas-vuelven-las-expediciones-al-crater-tras-dos-anos\/","title":{"rendered":"Despu\u00e9s de dos a\u00f1os: El volc\u00e1n Villarrica reabre su ruta al Cr\u00e1ter"},"content":{"rendered":"<div class=\"pvc_clear\"><\/div><p id=\"pvc_stats_53643\" class=\"pvc_stats total_only  \" data-element-id=\"53643\" style=\"\"><i class=\"pvc-stats-icon large\" aria-hidden=\"true\"><svg aria-hidden=\"true\" focusable=\"false\" data-prefix=\"far\" data-icon=\"chart-bar\" role=\"img\" xmlns=\"http:\/\/www.w3.org\/2000\/svg\" viewBox=\"0 0 512 512\" class=\"svg-inline--fa fa-chart-bar fa-w-16 fa-2x\"><path fill=\"currentColor\" d=\"M396.8 352h22.4c6.4 0 12.8-6.4 12.8-12.8V108.8c0-6.4-6.4-12.8-12.8-12.8h-22.4c-6.4 0-12.8 6.4-12.8 12.8v230.4c0 6.4 6.4 12.8 12.8 12.8zm-192 0h22.4c6.4 0 12.8-6.4 12.8-12.8V140.8c0-6.4-6.4-12.8-12.8-12.8h-22.4c-6.4 0-12.8 6.4-12.8 12.8v198.4c0 6.4 6.4 12.8 12.8 12.8zm96 0h22.4c6.4 0 12.8-6.4 12.8-12.8V204.8c0-6.4-6.4-12.8-12.8-12.8h-22.4c-6.4 0-12.8 6.4-12.8 12.8v134.4c0 6.4 6.4 12.8 12.8 12.8zM496 400H48V80c0-8.84-7.16-16-16-16H16C7.16 64 0 71.16 0 80v336c0 17.67 14.33 32 32 32h464c8.84 0 16-7.16 16-16v-16c0-8.84-7.16-16-16-16zm-387.2-48h22.4c6.4 0 12.8-6.4 12.8-12.8v-70.4c0-6.4-6.4-12.8-12.8-12.8h-22.4c-6.4 0-12.8 6.4-12.8 12.8v70.4c0 6.4 6.4 12.8 12.8 12.8z\" class=\"\"><\/path><\/svg><\/i> <img loading=\"lazy\" decoding=\"async\" width=\"16\" height=\"16\" alt=\"Loading\" src=\"https:\/\/temucotelevision.cl\/web\/wp-content\/plugins\/page-views-count\/ajax-loader-2x.gif\" border=0 \/><\/p><div class=\"pvc_clear\"><\/div>\n<p><em>Tras una importante resoluci\u00f3n emitida por la Delegaci\u00f3n Presidencial de La Araucan\u00eda la tarde de este jueves.<\/em><\/p>\n\n\n\n<p>El pr\u00f3ximo viernes 22 de noviembre se reanudar\u00e1 el acceso al cr\u00e1ter del Volc\u00e1n Villarrica, considerado el macizo de lava m\u00e1s activo de Sudam\u00e9rica. Esto, despu\u00e9s de dos a\u00f1os de cierre debido al aumento en su actividad volc\u00e1nica y constantes alertas t\u00e9cnicas, el principal atractivo&nbsp;<a><\/a>tur\u00edstico de Puc\u00f3n vuelve a recibir turistas nacionales y extranjeros, gracias al trabajo coordinado entre diversas instituciones y actores locales.<\/p>\n\n\n\n<p>La reapertura ha sido posible gracias a la elaboraci\u00f3n de un protocolo de seguridad, cuya oficializaci\u00f3n se logr\u00f3 tras meses de esfuerzo conjunto entre los diversos gu\u00edas de monta\u00f1a quienes lideraron acciones en conjunto a instituciones como el Municipio de Puc\u00f3n, Conaf, Sernageomin, Senapred y la Delegaci\u00f3n Presidencial de La Araucan\u00eda.&nbsp;<\/p>\n\n\n\n<p>Este documento permitir\u00e1 el ascenso que ser\u00e1 observado en una marcha blanca de un mes, asegurando la implementaci\u00f3n de diversas medidas que garanticen la seguridad de los turistas.<\/p>\n\n\n\n<p>El alcalde de Puc\u00f3n, Carlos Barra, manifest\u00f3 su satisfacci\u00f3n con esta noticia, destacando la importancia del regreso de esta actividad para la econom\u00eda local y el turismo lacustre. \u201cLa gran colaboraci\u00f3n de las asociaciones de gu\u00edas, corporaci\u00f3n el delegado, Sernageomin y Senapred hacen posible esta apertura. Es el principal atractivo de nuestra comuna, muy solicitado por turistas de todo el mundo, fruto de un esfuerzo colectivo que nos llena de satisfacci\u00f3n por el fuerte impulso a Puc\u00f3n\u201d, se\u00f1al\u00f3.<\/p>\n\n\n\n<p>En tanto, Rodrigo Escobar, presidente de la Asociaci\u00f3n de Gu\u00edas de Monta\u00f1a, valor\u00f3 la decisi\u00f3n y agradeci\u00f3 a todos quienes lo hicieron posible. \u201cEsta es la primera actividad que tiene un riesgo no controlado que se permite bajo un protocolo, es algo pionero en Chile y en Puc\u00f3n somos part\u00edcipes. Hay que agradecer a la Delegaci\u00f3n Presidencial y al delegado, a la Corporaci\u00f3n de Turismo, los gremios, el alcalde Carlos Barra, el alcalde electo Sebasti\u00e1n \u00c1lvarez y todos los que fuimos parte, porque finalmente fuimos un grupo unido como destino luchando por esto. Es un logro de todos nosotros, por lo tanto, tenemos que cuidarlo. La comuna se ve beneficiada y esto nos permite volver a trabajar luego de dos a\u00f1os de cierre, con un trabajo que fue dif\u00edcil, que perjudic\u00f3 la econom\u00eda de los gu\u00edas y que puso en peligro nuestra profesi\u00f3n, pero que nos permite volver a subir al Volc\u00e1n Villarrica con mucha alegr\u00eda\u201d, expres\u00f3.<\/p>\n\n\n\n<p>Operadores tur\u00edsticos, gu\u00edas de monta\u00f1a, transportistas y monta\u00f1istas particulares, deber\u00e1n cumplir con requisitos espec\u00edficos como registros vigentes, licencias actualizadas y experiencia comprobada en actividades de turismo aventura. Adem\u00e1s, la resoluci\u00f3n de la Delegaci\u00f3n Presidencial busca garantizar que estas medidas se implementen en coordinaci\u00f3n con todas las instituciones involucradas.<\/p>\n\n\n\n<p>Cabe destacar que este protocolo estar\u00e1 vigente siempre que la alerta t\u00e9cnica emitida por Sernageomin se mantenga en nivel verde y no exista un per\u00edmetro de seguridad alrededor del volc\u00e1n. En caso de cambios en estas condiciones, se evaluar\u00e1 la continuidad de la actividad.<\/p>\n\n\n\n<p>Es as\u00ed, como la reactivaci\u00f3n del ascenso al cr\u00e1ter del Volc\u00e1n Villarrica no solo refuerza el atractivo tur\u00edstico de Puc\u00f3n, sino que tambi\u00e9n representa una se\u00f1al de optimismo para un sector que espera consolidarse nuevamente como un referente a nivel nacional e internacional.<\/p>\n\n\n\n<figure class=\"wp-block-image size-full\"><img loading=\"lazy\" decoding=\"async\" width=\"800\" height=\"455\" src=\"https:\/\/temucotelevision.cl\/web\/wp-content\/uploads\/2019\/05\/Ticket-Volc\u00e1n.jpg\" alt=\"\" class=\"wp-image-4087\" srcset=\"https:\/\/temucotelevision.cl\/web\/wp-content\/uploads\/2019\/05\/Ticket-Volc\u00e1n.jpg 800w, https:\/\/temucotelevision.cl\/web\/wp-content\/uploads\/2019\/05\/Ticket-Volc\u00e1n-768x437.jpg 768w\" sizes=\"auto, (max-width: 800px) 100vw, 800px\" \/><\/figure>\n","protected":false},"excerpt":{"rendered":"<div class=\"pvc_clear\"><\/div>\n<p id=\"pvc_stats_53643\" class=\"pvc_stats total_only  \" data-element-id=\"53643\" style=\"\"><i class=\"pvc-stats-icon large\" aria-hidden=\"true\"><svg aria-hidden=\"true\" focusable=\"false\" data-prefix=\"far\" data-icon=\"chart-bar\" role=\"img\" xmlns=\"http:\/\/www.w3.org\/2000\/svg\" viewBox=\"0 0 512 512\" class=\"svg-inline--fa fa-chart-bar fa-w-16 fa-2x\"><path fill=\"currentColor\" d=\"M396.8 352h22.4c6.4 0 12.8-6.4 12.8-12.8V108.8c0-6.4-6.4-12.8-12.8-12.8h-22.4c-6.4 0-12.8 6.4-12.8 12.8v230.4c0 6.4 6.4 12.8 12.8 12.8zm-192 0h22.4c6.4 0 12.8-6.4 12.8-12.8V140.8c0-6.4-6.4-12.8-12.8-12.8h-22.4c-6.4 0-12.8 6.4-12.8 12.8v198.4c0 6.4 6.4 12.8 12.8 12.8zm96 0h22.4c6.4 0 12.8-6.4 12.8-12.8V204.8c0-6.4-6.4-12.8-12.8-12.8h-22.4c-6.4 0-12.8 6.4-12.8 12.8v134.4c0 6.4 6.4 12.8 12.8 12.8zM496 400H48V80c0-8.84-7.16-16-16-16H16C7.16 64 0 71.16 0 80v336c0 17.67 14.33 32 32 32h464c8.84 0 16-7.16 16-16v-16c0-8.84-7.16-16-16-16zm-387.2-48h22.4c6.4 0 12.8-6.4 12.8-12.8v-70.4c0-6.4-6.4-12.8-12.8-12.8h-22.4c-6.4 0-12.8 6.4-12.8 12.8v70.4c0 6.4 6.4 12.8 12.8 12.8z\" class=\"\"><\/path><\/svg><\/i> <img loading=\"lazy\" decoding=\"async\" width=\"16\" height=\"16\" alt=\"Loading\" src=\"https:\/\/temucotelevision.cl\/web\/wp-content\/plugins\/page-views-count\/ajax-loader-2x.gif\" border=0 \/><\/p>\n<div class=\"pvc_clear\"><\/div>\n<p>Tras una importante resoluci\u00f3n emitida por la Delegaci\u00f3n Presidencial de La Araucan\u00eda la tarde de este jueves. El pr\u00f3ximo viernes<\/p>\n","protected":false},"author":1,"featured_media":53644,"comment_status":"open","ping_status":"open","sticky":false,"template":"","format":"standard","meta":{"colormag_page_container_layout":"default_layout","colormag_page_sidebar_layout":"default_layout","footnotes":""},"categories":[15],"tags":[1510],"class_list":["post-53643","post","type-post","status-publish","format-standard","has-post-thumbnail","hentry","category-la-araucania","tag-volcan"],"a3_pvc":{"activated":true,"total_views":6650,"today_views":0},"_links":{"self":[{"href":"https:\/\/temucotelevision.cl\/web\/wp-json\/wp\/v2\/posts\/53643","targetHints":{"allow":["GET"]}}],"collection":[{"href":"https:\/\/temucotelevision.cl\/web\/wp-json\/wp\/v2\/posts"}],"about":[{"href":"https:\/\/temucotelevision.cl\/web\/wp-json\/wp\/v2\/types\/post"}],"author":[{"embeddable":true,"href":"https:\/\/temucotelevision.cl\/web\/wp-json\/wp\/v2\/users\/1"}],"replies":[{"embeddable":true,"href":"https:\/\/temucotelevision.cl\/web\/wp-json\/wp\/v2\/comments?post=53643"}],"version-history":[{"count":2,"href":"https:\/\/temucotelevision.cl\/web\/wp-json\/wp\/v2\/posts\/53643\/revisions"}],"predecessor-version":[{"id":53646,"href":"https:\/\/temucotelevision.cl\/web\/wp-json\/wp\/v2\/posts\/53643\/revisions\/53646"}],"wp:featuredmedia":[{"embeddable":true,"href":"https:\/\/temucotelevision.cl\/web\/wp-json\/wp\/v2\/media\/53644"}],"wp:attachment":[{"href":"https:\/\/temucotelevision.cl\/web\/wp-json\/wp\/v2\/media?parent=53643"}],"wp:term":[{"taxonomy":"category","embeddable":true,"href":"https:\/\/temucotelevision.cl\/web\/wp-json\/wp\/v2\/categories?post=53643"},{"taxonomy":"post_tag","embeddable":true,"href":"https:\/\/temucotelevision.cl\/web\/wp-json\/wp\/v2\/tags?post=53643"}],"curies":[{"name":"wp","href":"https:\/\/api.w.org\/{rel}","templated":true}]}}