{"id":53639,"date":"2024-11-16T13:37:48","date_gmt":"2024-11-16T16:37:48","guid":{"rendered":"https:\/\/temucotelevision.cl\/web\/?p=53639"},"modified":"2024-11-16T13:37:49","modified_gmt":"2024-11-16T16:37:49","slug":"diputado-jorge-rathgeb-pone-tarea-a-nuevo-delegado-eduardo-abdala-debe-velar-por-la-seguridad-y-el-crecimiento-de-la-araucania","status":"publish","type":"post","link":"https:\/\/temucotelevision.cl\/web\/2024\/11\/16\/diputado-jorge-rathgeb-pone-tarea-a-nuevo-delegado-eduardo-abdala-debe-velar-por-la-seguridad-y-el-crecimiento-de-la-araucania\/","title":{"rendered":"Diputado Jorge Rathgeb pone tarea a nuevo delegado Eduardo Abdala: \u201cDebe velar por la seguridad y el crecimiento de La Araucan\u00eda\u201d"},"content":{"rendered":"<div class=\"pvc_clear\"><\/div><p id=\"pvc_stats_53639\" class=\"pvc_stats total_only  \" data-element-id=\"53639\" style=\"\"><i class=\"pvc-stats-icon large\" aria-hidden=\"true\"><svg aria-hidden=\"true\" focusable=\"false\" data-prefix=\"far\" data-icon=\"chart-bar\" role=\"img\" xmlns=\"http:\/\/www.w3.org\/2000\/svg\" viewBox=\"0 0 512 512\" class=\"svg-inline--fa fa-chart-bar fa-w-16 fa-2x\"><path fill=\"currentColor\" d=\"M396.8 352h22.4c6.4 0 12.8-6.4 12.8-12.8V108.8c0-6.4-6.4-12.8-12.8-12.8h-22.4c-6.4 0-12.8 6.4-12.8 12.8v230.4c0 6.4 6.4 12.8 12.8 12.8zm-192 0h22.4c6.4 0 12.8-6.4 12.8-12.8V140.8c0-6.4-6.4-12.8-12.8-12.8h-22.4c-6.4 0-12.8 6.4-12.8 12.8v198.4c0 6.4 6.4 12.8 12.8 12.8zm96 0h22.4c6.4 0 12.8-6.4 12.8-12.8V204.8c0-6.4-6.4-12.8-12.8-12.8h-22.4c-6.4 0-12.8 6.4-12.8 12.8v134.4c0 6.4 6.4 12.8 12.8 12.8zM496 400H48V80c0-8.84-7.16-16-16-16H16C7.16 64 0 71.16 0 80v336c0 17.67 14.33 32 32 32h464c8.84 0 16-7.16 16-16v-16c0-8.84-7.16-16-16-16zm-387.2-48h22.4c6.4 0 12.8-6.4 12.8-12.8v-70.4c0-6.4-6.4-12.8-12.8-12.8h-22.4c-6.4 0-12.8 6.4-12.8 12.8v70.4c0 6.4 6.4 12.8 12.8 12.8z\" class=\"\"><\/path><\/svg><\/i> <img loading=\"lazy\" decoding=\"async\" width=\"16\" height=\"16\" alt=\"Loading\" src=\"https:\/\/temucotelevision.cl\/web\/wp-content\/plugins\/page-views-count\/ajax-loader-2x.gif\" border=0 \/><\/p><div class=\"pvc_clear\"><\/div>\n<p><strong>Tras la salida del cargo de Jos\u00e9 Montalva y en el nombramiento de Eduardo Abdala como nuevo delegado, el parlamentario se\u00f1al\u00f3 que debe como primera tarea buscar medidas tendientes a controlar los hechos de violencia en La Araucan\u00eda y buscar el crecimiento regional con m\u00e1s oportunidades para los habitantes.<\/strong><\/p>\n\n\n\n<p>Jos\u00e9 Montalva que se desempe\u00f1aba como Delegado Presidencial Regional y Andrea Parra que actuaba como Delegada Provincial en Malleco, dejaron sus cargos en las \u00faltimas horas, de cara a sus carreras parlamentarias del pr\u00f3ximo a\u00f1o.<\/p>\n\n\n\n<p>El diputado de Renovaci\u00f3n Nacional por La Araucan\u00eda y presidente regional de la colectividad, Jorge Rathgeb Schifferli, dese\u00f3 el mayor de los \u00e9xitos a Eduardo Abdala, quien fue confirmado como nuevo delegado presidencial regional por la presidencia y le envi\u00f3 un mensaje pensando en sus desaf\u00edos inmediatos, considerando que cuenta con la experiencia dado a su trayectoria en reparticiones del servicio p\u00fablico y tambi\u00e9n cuando fue autoridad electa ocupando el cargo de concejal por Temuco.<\/p>\n\n\n\n<p>Que la regi\u00f3n tenga una pol\u00edtica de seguridad robusta con el fin de dar tranquilidad a la ciudadan\u00eda que ya est\u00e1 cada vez m\u00e1s atemorizada de los hechos de violencia y ataques incendiarios, como tambi\u00e9n volver a la senda del crecimiento y centrar sus esfuerzos en reducir los altos n\u00fameros de desempleo e informalidad, son parte de las tareas inmediatas a las cuales deben abocarse la nueva autoridad a juicio del legislador.<\/p>\n\n\n\n<p>Rathgeb indic\u00f3 que ac\u00e1 no hay tiempo que perder, sobre todo al tratarse de la \u00faltima etapa del Gobierno, donde se ha relegado a La Araucan\u00eda en la toma de decisiones que vayan en pos de favorecer a la ciudadan\u00eda, lo que se ha traducido en que se ha dejado a los habitantes lejos de las prioridades.<\/p>\n\n\n\n<p>&#8220;Les deseo como parlamentario el mayor de los \u00e9xitos a las autoridades que est\u00e1n asumiendo, van a contar siempre con mi apoyo y colaboraci\u00f3n en lo que sea necesario como es el caso de avanzar en seguridad, crecimiento, generaci\u00f3n de empleos, que nuestras familias est\u00e1n sufriendo por esta situaci\u00f3n. As\u00ed que el mayor de los \u00e9xitos y claramente la fiscalizaci\u00f3n seguir\u00e1 presente para efectos de que los recursos sean bien invertidos\u201d, en este periodo.<\/p>\n\n\n\n<p>El legislador manifest\u00f3 adem\u00e1s que no se deben abandonar las pol\u00edticas p\u00fablicas en materia de salud para hacer frente a la crisis que se vive en el sector y tambi\u00e9n apoyar a los agricultores de la regi\u00f3n, que son uno de los gremios m\u00e1s importantes tanto por el trabajo que realizan que va en beneficio de todos los chilenos y por su aporte que hacen en la creaci\u00f3n de fuentes laborales.<\/p>\n\n\n\n<p>Para finalizar Rathgeb se\u00f1al\u00f3 que espera que a la brevedad se designe a la autoridad titular que estar\u00e1 a cargo de la delegaci\u00f3n provincial de Malleco, esperando que pronto exista esa designaci\u00f3n.<\/p>\n","protected":false},"excerpt":{"rendered":"<div class=\"pvc_clear\"><\/div>\n<p id=\"pvc_stats_53639\" class=\"pvc_stats total_only  \" data-element-id=\"53639\" style=\"\"><i class=\"pvc-stats-icon large\" aria-hidden=\"true\"><svg aria-hidden=\"true\" focusable=\"false\" data-prefix=\"far\" data-icon=\"chart-bar\" role=\"img\" xmlns=\"http:\/\/www.w3.org\/2000\/svg\" viewBox=\"0 0 512 512\" class=\"svg-inline--fa fa-chart-bar fa-w-16 fa-2x\"><path fill=\"currentColor\" d=\"M396.8 352h22.4c6.4 0 12.8-6.4 12.8-12.8V108.8c0-6.4-6.4-12.8-12.8-12.8h-22.4c-6.4 0-12.8 6.4-12.8 12.8v230.4c0 6.4 6.4 12.8 12.8 12.8zm-192 0h22.4c6.4 0 12.8-6.4 12.8-12.8V140.8c0-6.4-6.4-12.8-12.8-12.8h-22.4c-6.4 0-12.8 6.4-12.8 12.8v198.4c0 6.4 6.4 12.8 12.8 12.8zm96 0h22.4c6.4 0 12.8-6.4 12.8-12.8V204.8c0-6.4-6.4-12.8-12.8-12.8h-22.4c-6.4 0-12.8 6.4-12.8 12.8v134.4c0 6.4 6.4 12.8 12.8 12.8zM496 400H48V80c0-8.84-7.16-16-16-16H16C7.16 64 0 71.16 0 80v336c0 17.67 14.33 32 32 32h464c8.84 0 16-7.16 16-16v-16c0-8.84-7.16-16-16-16zm-387.2-48h22.4c6.4 0 12.8-6.4 12.8-12.8v-70.4c0-6.4-6.4-12.8-12.8-12.8h-22.4c-6.4 0-12.8 6.4-12.8 12.8v70.4c0 6.4 6.4 12.8 12.8 12.8z\" class=\"\"><\/path><\/svg><\/i> <img loading=\"lazy\" decoding=\"async\" width=\"16\" height=\"16\" alt=\"Loading\" src=\"https:\/\/temucotelevision.cl\/web\/wp-content\/plugins\/page-views-count\/ajax-loader-2x.gif\" border=0 \/><\/p>\n<div class=\"pvc_clear\"><\/div>\n<p>Tras la salida del cargo de Jos\u00e9 Montalva y en el nombramiento de Eduardo Abdala como nuevo delegado, el parlamentario<\/p>\n","protected":false},"author":1,"featured_media":44501,"comment_status":"open","ping_status":"open","sticky":false,"template":"","format":"standard","meta":{"colormag_page_container_layout":"default_layout","colormag_page_sidebar_layout":"default_layout","footnotes":""},"categories":[84],"tags":[3258],"class_list":["post-53639","post","type-post","status-publish","format-standard","has-post-thumbnail","hentry","category-politica","tag-delegado"],"a3_pvc":{"activated":true,"total_views":784,"today_views":0},"_links":{"self":[{"href":"https:\/\/temucotelevision.cl\/web\/wp-json\/wp\/v2\/posts\/53639","targetHints":{"allow":["GET"]}}],"collection":[{"href":"https:\/\/temucotelevision.cl\/web\/wp-json\/wp\/v2\/posts"}],"about":[{"href":"https:\/\/temucotelevision.cl\/web\/wp-json\/wp\/v2\/types\/post"}],"author":[{"embeddable":true,"href":"https:\/\/temucotelevision.cl\/web\/wp-json\/wp\/v2\/users\/1"}],"replies":[{"embeddable":true,"href":"https:\/\/temucotelevision.cl\/web\/wp-json\/wp\/v2\/comments?post=53639"}],"version-history":[{"count":1,"href":"https:\/\/temucotelevision.cl\/web\/wp-json\/wp\/v2\/posts\/53639\/revisions"}],"predecessor-version":[{"id":53640,"href":"https:\/\/temucotelevision.cl\/web\/wp-json\/wp\/v2\/posts\/53639\/revisions\/53640"}],"wp:featuredmedia":[{"embeddable":true,"href":"https:\/\/temucotelevision.cl\/web\/wp-json\/wp\/v2\/media\/44501"}],"wp:attachment":[{"href":"https:\/\/temucotelevision.cl\/web\/wp-json\/wp\/v2\/media?parent=53639"}],"wp:term":[{"taxonomy":"category","embeddable":true,"href":"https:\/\/temucotelevision.cl\/web\/wp-json\/wp\/v2\/categories?post=53639"},{"taxonomy":"post_tag","embeddable":true,"href":"https:\/\/temucotelevision.cl\/web\/wp-json\/wp\/v2\/tags?post=53639"}],"curies":[{"name":"wp","href":"https:\/\/api.w.org\/{rel}","templated":true}]}}