{"id":53636,"date":"2024-11-16T13:36:24","date_gmt":"2024-11-16T16:36:24","guid":{"rendered":"https:\/\/temucotelevision.cl\/web\/?p=53636"},"modified":"2024-11-16T16:44:19","modified_gmt":"2024-11-16T19:44:19","slug":"camaras-de-seguridad-y-pdi-pitrufquen-capturan-a-ladron-del-farolito","status":"publish","type":"post","link":"https:\/\/temucotelevision.cl\/web\/2024\/11\/16\/camaras-de-seguridad-y-pdi-pitrufquen-capturan-a-ladron-del-farolito\/","title":{"rendered":"C\u00e1maras de seguridad y PDI Pitrufqu\u00e9n capturan a ladr\u00f3n del \u2018Farolito\u2019"},"content":{"rendered":"<div class=\"pvc_clear\"><\/div><p id=\"pvc_stats_53636\" class=\"pvc_stats total_only  \" data-element-id=\"53636\" style=\"\"><i class=\"pvc-stats-icon large\" aria-hidden=\"true\"><svg aria-hidden=\"true\" focusable=\"false\" data-prefix=\"far\" data-icon=\"chart-bar\" role=\"img\" xmlns=\"http:\/\/www.w3.org\/2000\/svg\" viewBox=\"0 0 512 512\" class=\"svg-inline--fa fa-chart-bar fa-w-16 fa-2x\"><path fill=\"currentColor\" d=\"M396.8 352h22.4c6.4 0 12.8-6.4 12.8-12.8V108.8c0-6.4-6.4-12.8-12.8-12.8h-22.4c-6.4 0-12.8 6.4-12.8 12.8v230.4c0 6.4 6.4 12.8 12.8 12.8zm-192 0h22.4c6.4 0 12.8-6.4 12.8-12.8V140.8c0-6.4-6.4-12.8-12.8-12.8h-22.4c-6.4 0-12.8 6.4-12.8 12.8v198.4c0 6.4 6.4 12.8 12.8 12.8zm96 0h22.4c6.4 0 12.8-6.4 12.8-12.8V204.8c0-6.4-6.4-12.8-12.8-12.8h-22.4c-6.4 0-12.8 6.4-12.8 12.8v134.4c0 6.4 6.4 12.8 12.8 12.8zM496 400H48V80c0-8.84-7.16-16-16-16H16C7.16 64 0 71.16 0 80v336c0 17.67 14.33 32 32 32h464c8.84 0 16-7.16 16-16v-16c0-8.84-7.16-16-16-16zm-387.2-48h22.4c6.4 0 12.8-6.4 12.8-12.8v-70.4c0-6.4-6.4-12.8-12.8-12.8h-22.4c-6.4 0-12.8 6.4-12.8 12.8v70.4c0 6.4 6.4 12.8 12.8 12.8z\" class=\"\"><\/path><\/svg><\/i> <img loading=\"lazy\" decoding=\"async\" width=\"16\" height=\"16\" alt=\"Loading\" src=\"https:\/\/temucotelevision.cl\/web\/wp-content\/plugins\/page-views-count\/ajax-loader-2x.gif\" border=0 \/><\/p><div class=\"pvc_clear\"><\/div>\n<p><br>El uso de las c\u00e1maras de vigilancia dispuestas en el centro de la ciudad por la Municipalidad de Pitrufqu\u00e9n, a trav\u00e9s del Departamento de Seguridad P\u00fablica, fue clave en la detenci\u00f3n por parte de la Brigada de Investigaci\u00f3n Criminal (Bicrim) de la PDI, de un hombre mayor de edad -con antecedentes policiales-, por&nbsp;<a><\/a>el delito de robo con violencia, perpetrado el pasado 14 de noviembre en horas de la madrugada, en el local comercial &#8220;El Farolito&#8221; de Pitrufqu\u00e9n.<\/p>\n\n\n\n<p>Este individuo fue una de las personas que junto a otros individuos premunidos con armas de fogueo ingresaron al local comercial de la comuna, agrediendo e hiriendo al due\u00f1o con un golpe en la cabeza.<\/p>\n\n\n\n<p>El comisario Alex Cofr\u00e9 Sandoval, jefe de la Bicrim Pitrufqu\u00e9n, explic\u00f3 que \u201cDetectives de la Brigada detuvieron en horas de la tarde de ayer -viernes 15 de noviembre-, a uno de los autores del violento robo que afecto a la botiller\u00eda Farolito de esta comuna, luego de diversas diligencias investigativas llevadas a cabo en coordinaci\u00f3n con la Fiscal\u00eda Local de Pitrufqu\u00e9n, se logr\u00f3 establecer la identidad de uno de los participantes del hecho, el cual fue reconocido por la v\u00edctima\u201d.<\/p>\n\n\n\n<p>Para la Alcaldesa Jacqueline Romero, &#8220;esta detenci\u00f3n y el uso de las c\u00e1maras de vigilancia instaladas en el centro de la ciudad dan cuenta de nuestro trabajo en el tema de la Seguridad y nuestro af\u00e1n por entregar protecci\u00f3n efectiva a la ciudadan\u00eda, como tambi\u00e9n contribuir al trabajo de las polic\u00edas en la detenci\u00f3n de los antisociales que cometen robos o asaltos en el centro de la ciudad y en otros sectores de la comuna&#8221;&nbsp;<\/p>\n\n\n\n<p>Los detectives siguen realizando diligencias para dar con el paradero del otro participante del hecho. Los antecedentes fueron puestos a disposici\u00f3n del Ministerio P\u00fablico, quien instruy\u00f3 que el detenido fuera puesto a disposici\u00f3n del Juzgado de Garant\u00eda de Pitrufqu\u00e9n.<\/p>\n\n\n\n<figure class=\"wp-block-video\"><video height=\"384\" style=\"aspect-ratio: 848 \/ 384;\" width=\"848\" controls src=\"https:\/\/temucotelevision.cl\/web\/wp-content\/uploads\/2024\/11\/01889aac-451e-4e53-a7e7-7459ee4ab288.mov\"><\/video><\/figure>\n","protected":false},"excerpt":{"rendered":"<div class=\"pvc_clear\"><\/div>\n<p id=\"pvc_stats_53636\" class=\"pvc_stats total_only  \" data-element-id=\"53636\" style=\"\"><i class=\"pvc-stats-icon large\" aria-hidden=\"true\"><svg aria-hidden=\"true\" focusable=\"false\" data-prefix=\"far\" data-icon=\"chart-bar\" role=\"img\" xmlns=\"http:\/\/www.w3.org\/2000\/svg\" viewBox=\"0 0 512 512\" class=\"svg-inline--fa fa-chart-bar fa-w-16 fa-2x\"><path fill=\"currentColor\" d=\"M396.8 352h22.4c6.4 0 12.8-6.4 12.8-12.8V108.8c0-6.4-6.4-12.8-12.8-12.8h-22.4c-6.4 0-12.8 6.4-12.8 12.8v230.4c0 6.4 6.4 12.8 12.8 12.8zm-192 0h22.4c6.4 0 12.8-6.4 12.8-12.8V140.8c0-6.4-6.4-12.8-12.8-12.8h-22.4c-6.4 0-12.8 6.4-12.8 12.8v198.4c0 6.4 6.4 12.8 12.8 12.8zm96 0h22.4c6.4 0 12.8-6.4 12.8-12.8V204.8c0-6.4-6.4-12.8-12.8-12.8h-22.4c-6.4 0-12.8 6.4-12.8 12.8v134.4c0 6.4 6.4 12.8 12.8 12.8zM496 400H48V80c0-8.84-7.16-16-16-16H16C7.16 64 0 71.16 0 80v336c0 17.67 14.33 32 32 32h464c8.84 0 16-7.16 16-16v-16c0-8.84-7.16-16-16-16zm-387.2-48h22.4c6.4 0 12.8-6.4 12.8-12.8v-70.4c0-6.4-6.4-12.8-12.8-12.8h-22.4c-6.4 0-12.8 6.4-12.8 12.8v70.4c0 6.4 6.4 12.8 12.8 12.8z\" class=\"\"><\/path><\/svg><\/i> <img loading=\"lazy\" decoding=\"async\" width=\"16\" height=\"16\" alt=\"Loading\" src=\"https:\/\/temucotelevision.cl\/web\/wp-content\/plugins\/page-views-count\/ajax-loader-2x.gif\" border=0 \/><\/p>\n<div class=\"pvc_clear\"><\/div>\n<p>El uso de las c\u00e1maras de vigilancia dispuestas en el centro de la ciudad por la Municipalidad de Pitrufqu\u00e9n, a<\/p>\n","protected":false},"author":1,"featured_media":53637,"comment_status":"open","ping_status":"open","sticky":false,"template":"","format":"standard","meta":{"colormag_page_container_layout":"default_layout","colormag_page_sidebar_layout":"default_layout","footnotes":""},"categories":[16],"tags":[76],"class_list":["post-53636","post","type-post","status-publish","format-standard","has-post-thumbnail","hentry","category-policial","tag-pdi"],"a3_pvc":{"activated":true,"total_views":1071,"today_views":0},"_links":{"self":[{"href":"https:\/\/temucotelevision.cl\/web\/wp-json\/wp\/v2\/posts\/53636","targetHints":{"allow":["GET"]}}],"collection":[{"href":"https:\/\/temucotelevision.cl\/web\/wp-json\/wp\/v2\/posts"}],"about":[{"href":"https:\/\/temucotelevision.cl\/web\/wp-json\/wp\/v2\/types\/post"}],"author":[{"embeddable":true,"href":"https:\/\/temucotelevision.cl\/web\/wp-json\/wp\/v2\/users\/1"}],"replies":[{"embeddable":true,"href":"https:\/\/temucotelevision.cl\/web\/wp-json\/wp\/v2\/comments?post=53636"}],"version-history":[{"count":2,"href":"https:\/\/temucotelevision.cl\/web\/wp-json\/wp\/v2\/posts\/53636\/revisions"}],"predecessor-version":[{"id":53642,"href":"https:\/\/temucotelevision.cl\/web\/wp-json\/wp\/v2\/posts\/53636\/revisions\/53642"}],"wp:featuredmedia":[{"embeddable":true,"href":"https:\/\/temucotelevision.cl\/web\/wp-json\/wp\/v2\/media\/53637"}],"wp:attachment":[{"href":"https:\/\/temucotelevision.cl\/web\/wp-json\/wp\/v2\/media?parent=53636"}],"wp:term":[{"taxonomy":"category","embeddable":true,"href":"https:\/\/temucotelevision.cl\/web\/wp-json\/wp\/v2\/categories?post=53636"},{"taxonomy":"post_tag","embeddable":true,"href":"https:\/\/temucotelevision.cl\/web\/wp-json\/wp\/v2\/tags?post=53636"}],"curies":[{"name":"wp","href":"https:\/\/api.w.org\/{rel}","templated":true}]}}