{"id":53632,"date":"2024-11-16T09:18:43","date_gmt":"2024-11-16T12:18:43","guid":{"rendered":"https:\/\/temucotelevision.cl\/web\/?p=53632"},"modified":"2024-11-16T09:18:43","modified_gmt":"2024-11-16T12:18:43","slug":"creciendo-con-arte-celebra-el-42-aniversario-de-la-escuela-arturo-arriagad","status":"publish","type":"post","link":"https:\/\/temucotelevision.cl\/web\/2024\/11\/16\/creciendo-con-arte-celebra-el-42-aniversario-de-la-escuela-arturo-arriagad\/","title":{"rendered":"\u201cCreciendo con Arte\u201d celebra el 42\u00b0 aniversario de la escuela Arturo Arriagad"},"content":{"rendered":"<div class=\"pvc_clear\"><\/div><p id=\"pvc_stats_53632\" class=\"pvc_stats total_only  \" data-element-id=\"53632\" style=\"\"><i class=\"pvc-stats-icon large\" aria-hidden=\"true\"><svg aria-hidden=\"true\" focusable=\"false\" data-prefix=\"far\" data-icon=\"chart-bar\" role=\"img\" xmlns=\"http:\/\/www.w3.org\/2000\/svg\" viewBox=\"0 0 512 512\" class=\"svg-inline--fa fa-chart-bar fa-w-16 fa-2x\"><path fill=\"currentColor\" d=\"M396.8 352h22.4c6.4 0 12.8-6.4 12.8-12.8V108.8c0-6.4-6.4-12.8-12.8-12.8h-22.4c-6.4 0-12.8 6.4-12.8 12.8v230.4c0 6.4 6.4 12.8 12.8 12.8zm-192 0h22.4c6.4 0 12.8-6.4 12.8-12.8V140.8c0-6.4-6.4-12.8-12.8-12.8h-22.4c-6.4 0-12.8 6.4-12.8 12.8v198.4c0 6.4 6.4 12.8 12.8 12.8zm96 0h22.4c6.4 0 12.8-6.4 12.8-12.8V204.8c0-6.4-6.4-12.8-12.8-12.8h-22.4c-6.4 0-12.8 6.4-12.8 12.8v134.4c0 6.4 6.4 12.8 12.8 12.8zM496 400H48V80c0-8.84-7.16-16-16-16H16C7.16 64 0 71.16 0 80v336c0 17.67 14.33 32 32 32h464c8.84 0 16-7.16 16-16v-16c0-8.84-7.16-16-16-16zm-387.2-48h22.4c6.4 0 12.8-6.4 12.8-12.8v-70.4c0-6.4-6.4-12.8-12.8-12.8h-22.4c-6.4 0-12.8 6.4-12.8 12.8v70.4c0 6.4 6.4 12.8 12.8 12.8z\" class=\"\"><\/path><\/svg><\/i> <img loading=\"lazy\" decoding=\"async\" width=\"16\" height=\"16\" alt=\"Loading\" src=\"https:\/\/temucotelevision.cl\/web\/wp-content\/plugins\/page-views-count\/ajax-loader-2x.gif\" border=0 \/><\/p><div class=\"pvc_clear\"><\/div>\n<p>El pasado jueves 14 de noviembre, la Escuela Arturo Arriagada de Temuco conmemor\u00f3 su 42\u00b0 aniversario con una actividad innovadora: las Olimpiadas de Acuarela, organizadas en el marco del taller <strong>\u201cCreciendo con Arte\u201d<\/strong>. Este programa, liderado por la destacada artista y matrona <strong>Fernanda Millanao<\/strong>, se desarroll\u00f3 durante el segundo semestre, brindando a los estudiantes una experiencia \u00fanica que combina el arte con el desarrollo emocional y cognitivo.<\/p>\n\n\n\n<h3 class=\"wp-block-heading\">Arte como Herramienta de Desarrollo Integral<\/h3>\n\n\n\n<p>La sostenedora del establecimiento, <strong>Lilian Arriagada<\/strong>, destac\u00f3 el impacto positivo del taller en los alumnos, subrayando su papel en el fomento de habilidades cognitivas y emocionales. \u201cHa sido de gran ayuda para los alumnos, estimulando su desarrollo de manera integral\u201d, se\u00f1al\u00f3. Por su parte, la directora de la escuela, <strong>Valeria Abarz\u00faa<\/strong>, enfatiz\u00f3 el valor del programa como un apoyo significativo para los estudiantes: \u201cEste taller fue un apoyo para los ni\u00f1os de la escuelita, evidenci\u00e1ndose notables avances en su desarrollo\u201d.<\/p>\n\n\n\n<h3 class=\"wp-block-heading\">Una Celebraci\u00f3n con Autoridades Locales<\/h3>\n\n\n\n<p>El evento cont\u00f3 con la presencia de diversas autoridades comunales, entre ellas <strong>Jorge Fern\u00e1ndez<\/strong>, jefe de gabinete del Departamento de Educaci\u00f3n, quien asisti\u00f3 en representaci\u00f3n del alcalde de Temuco, <strong>Roberto Neira<\/strong>. La participaci\u00f3n de las autoridades reflej\u00f3 el respaldo y compromiso del municipio con iniciativas que promuevan el desarrollo art\u00edstico y emocional de los estudiantes.<\/p>\n\n\n\n<h3 class=\"wp-block-heading\">Un Aniversario que Deja Huella<\/h3>\n\n\n\n<p>Las Olimpiadas de Acuarela marcaron un hito en la celebraci\u00f3n del aniversario, demostrando c\u00f3mo el arte puede ser un motor de transformaci\u00f3n en la educaci\u00f3n. Bajo la gu\u00eda de Fernanda Millanao, los estudiantes no solo perfeccionaron sus t\u00e9cnicas en acuarela, sino que tambi\u00e9n encontraron una v\u00eda de expresi\u00f3n que potencia su autoestima y creatividad.<\/p>\n\n\n\n<p>La Escuela Arturo Arriagada reafirma as\u00ed su compromiso con la innovaci\u00f3n educativa, integrando el arte como una herramienta esencial para el desarrollo integral de sus alumnos.<\/p>\n\n\n\n<figure class=\"wp-block-image size-full\"><img loading=\"lazy\" decoding=\"async\" width=\"590\" height=\"787\" src=\"https:\/\/temucotelevision.cl\/web\/wp-content\/uploads\/2024\/11\/Escuela-2.jpg\" alt=\"\" class=\"wp-image-53634\"\/><\/figure>\n","protected":false},"excerpt":{"rendered":"<div class=\"pvc_clear\"><\/div>\n<p id=\"pvc_stats_53632\" class=\"pvc_stats total_only  \" data-element-id=\"53632\" style=\"\"><i class=\"pvc-stats-icon large\" aria-hidden=\"true\"><svg aria-hidden=\"true\" focusable=\"false\" data-prefix=\"far\" data-icon=\"chart-bar\" role=\"img\" xmlns=\"http:\/\/www.w3.org\/2000\/svg\" viewBox=\"0 0 512 512\" class=\"svg-inline--fa fa-chart-bar fa-w-16 fa-2x\"><path fill=\"currentColor\" d=\"M396.8 352h22.4c6.4 0 12.8-6.4 12.8-12.8V108.8c0-6.4-6.4-12.8-12.8-12.8h-22.4c-6.4 0-12.8 6.4-12.8 12.8v230.4c0 6.4 6.4 12.8 12.8 12.8zm-192 0h22.4c6.4 0 12.8-6.4 12.8-12.8V140.8c0-6.4-6.4-12.8-12.8-12.8h-22.4c-6.4 0-12.8 6.4-12.8 12.8v198.4c0 6.4 6.4 12.8 12.8 12.8zm96 0h22.4c6.4 0 12.8-6.4 12.8-12.8V204.8c0-6.4-6.4-12.8-12.8-12.8h-22.4c-6.4 0-12.8 6.4-12.8 12.8v134.4c0 6.4 6.4 12.8 12.8 12.8zM496 400H48V80c0-8.84-7.16-16-16-16H16C7.16 64 0 71.16 0 80v336c0 17.67 14.33 32 32 32h464c8.84 0 16-7.16 16-16v-16c0-8.84-7.16-16-16-16zm-387.2-48h22.4c6.4 0 12.8-6.4 12.8-12.8v-70.4c0-6.4-6.4-12.8-12.8-12.8h-22.4c-6.4 0-12.8 6.4-12.8 12.8v70.4c0 6.4 6.4 12.8 12.8 12.8z\" class=\"\"><\/path><\/svg><\/i> <img loading=\"lazy\" decoding=\"async\" width=\"16\" height=\"16\" alt=\"Loading\" src=\"https:\/\/temucotelevision.cl\/web\/wp-content\/plugins\/page-views-count\/ajax-loader-2x.gif\" border=0 \/><\/p>\n<div class=\"pvc_clear\"><\/div>\n<p>El pasado jueves 14 de noviembre, la Escuela Arturo Arriagada de Temuco conmemor\u00f3 su 42\u00b0 aniversario con una actividad innovadora:<\/p>\n","protected":false},"author":1,"featured_media":53633,"comment_status":"open","ping_status":"open","sticky":false,"template":"","format":"standard","meta":{"colormag_page_container_layout":"default_layout","colormag_page_sidebar_layout":"default_layout","footnotes":""},"categories":[14],"tags":[734],"class_list":["post-53632","post","type-post","status-publish","format-standard","has-post-thumbnail","hentry","category-temuco","tag-escuela"],"a3_pvc":{"activated":true,"total_views":880,"today_views":0},"_links":{"self":[{"href":"https:\/\/temucotelevision.cl\/web\/wp-json\/wp\/v2\/posts\/53632","targetHints":{"allow":["GET"]}}],"collection":[{"href":"https:\/\/temucotelevision.cl\/web\/wp-json\/wp\/v2\/posts"}],"about":[{"href":"https:\/\/temucotelevision.cl\/web\/wp-json\/wp\/v2\/types\/post"}],"author":[{"embeddable":true,"href":"https:\/\/temucotelevision.cl\/web\/wp-json\/wp\/v2\/users\/1"}],"replies":[{"embeddable":true,"href":"https:\/\/temucotelevision.cl\/web\/wp-json\/wp\/v2\/comments?post=53632"}],"version-history":[{"count":1,"href":"https:\/\/temucotelevision.cl\/web\/wp-json\/wp\/v2\/posts\/53632\/revisions"}],"predecessor-version":[{"id":53635,"href":"https:\/\/temucotelevision.cl\/web\/wp-json\/wp\/v2\/posts\/53632\/revisions\/53635"}],"wp:featuredmedia":[{"embeddable":true,"href":"https:\/\/temucotelevision.cl\/web\/wp-json\/wp\/v2\/media\/53633"}],"wp:attachment":[{"href":"https:\/\/temucotelevision.cl\/web\/wp-json\/wp\/v2\/media?parent=53632"}],"wp:term":[{"taxonomy":"category","embeddable":true,"href":"https:\/\/temucotelevision.cl\/web\/wp-json\/wp\/v2\/categories?post=53632"},{"taxonomy":"post_tag","embeddable":true,"href":"https:\/\/temucotelevision.cl\/web\/wp-json\/wp\/v2\/tags?post=53632"}],"curies":[{"name":"wp","href":"https:\/\/api.w.org\/{rel}","templated":true}]}}