{"id":53628,"date":"2024-11-14T12:52:17","date_gmt":"2024-11-14T15:52:17","guid":{"rendered":"https:\/\/temucotelevision.cl\/web\/?p=53628"},"modified":"2024-11-14T12:52:18","modified_gmt":"2024-11-14T15:52:18","slug":"gastronomia-y-cultura-local-celebrando-la-4ta-edicion-de-cocina-con-raices-en-el-ccp-de-temuco","status":"publish","type":"post","link":"https:\/\/temucotelevision.cl\/web\/2024\/11\/14\/gastronomia-y-cultura-local-celebrando-la-4ta-edicion-de-cocina-con-raices-en-el-ccp-de-temuco\/","title":{"rendered":"Gastronom\u00eda y cultura local: Celebrando la 4ta edici\u00f3n de \u2018Cocina con Ra\u00edces\u2019 en el CCP de Temuco"},"content":{"rendered":"<div class=\"pvc_clear\"><\/div><p id=\"pvc_stats_53628\" class=\"pvc_stats total_only  \" data-element-id=\"53628\" style=\"\"><i class=\"pvc-stats-icon large\" aria-hidden=\"true\"><svg aria-hidden=\"true\" focusable=\"false\" data-prefix=\"far\" data-icon=\"chart-bar\" role=\"img\" xmlns=\"http:\/\/www.w3.org\/2000\/svg\" viewBox=\"0 0 512 512\" class=\"svg-inline--fa fa-chart-bar fa-w-16 fa-2x\"><path fill=\"currentColor\" d=\"M396.8 352h22.4c6.4 0 12.8-6.4 12.8-12.8V108.8c0-6.4-6.4-12.8-12.8-12.8h-22.4c-6.4 0-12.8 6.4-12.8 12.8v230.4c0 6.4 6.4 12.8 12.8 12.8zm-192 0h22.4c6.4 0 12.8-6.4 12.8-12.8V140.8c0-6.4-6.4-12.8-12.8-12.8h-22.4c-6.4 0-12.8 6.4-12.8 12.8v198.4c0 6.4 6.4 12.8 12.8 12.8zm96 0h22.4c6.4 0 12.8-6.4 12.8-12.8V204.8c0-6.4-6.4-12.8-12.8-12.8h-22.4c-6.4 0-12.8 6.4-12.8 12.8v134.4c0 6.4 6.4 12.8 12.8 12.8zM496 400H48V80c0-8.84-7.16-16-16-16H16C7.16 64 0 71.16 0 80v336c0 17.67 14.33 32 32 32h464c8.84 0 16-7.16 16-16v-16c0-8.84-7.16-16-16-16zm-387.2-48h22.4c6.4 0 12.8-6.4 12.8-12.8v-70.4c0-6.4-6.4-12.8-12.8-12.8h-22.4c-6.4 0-12.8 6.4-12.8 12.8v70.4c0 6.4 6.4 12.8 12.8 12.8z\" class=\"\"><\/path><\/svg><\/i> <img loading=\"lazy\" decoding=\"async\" width=\"16\" height=\"16\" alt=\"Loading\" src=\"https:\/\/temucotelevision.cl\/web\/wp-content\/plugins\/page-views-count\/ajax-loader-2x.gif\" border=0 \/><\/p><div class=\"pvc_clear\"><\/div>\n<p><em>La iniciativa benefici\u00f3 a seis participantes que finalizaron con \u00e9xito su formaci\u00f3n en t\u00e9cnicas de cocina y la creaci\u00f3n de platos con un sello cultural.<\/em><\/p>\n\n\n\n<p>En el Centro de Educaci\u00f3n y Trabajo (CET) del Centro de Cumplimiento Penitenciario (CCP) de Temuco, se llev\u00f3 a cabo la cuarta edici\u00f3n del Concurso Gastron\u00f3mico &#8220;Cocina con Ra\u00edces&#8221;, una actividad que fortalece el proceso de reinserci\u00f3n social mediante la capacitaci\u00f3n culinaria y la valorizaci\u00f3n de la identidad local. Esta iniciativa benefici\u00f3 a seis participantes que finalizaron con \u00e9xito su formaci\u00f3n en t\u00e9cnicas de cocina y la creaci\u00f3n de platos con un sello cultural.<\/p>\n\n\n\n<p>La jornada cont\u00f3 con la participaci\u00f3n de autoridades y colaboradores, incluyendo la Secretar\u00eda Regional Ministerial de Trabajo y Previsi\u00f3n Social, la Direcci\u00f3n Regional de Gendarmer\u00eda de Chile, el Instituto INACAP y el Instituto ISSET de Temuco. Asimismo, se destac\u00f3 la presencia de la Mesa Barrial Balmaceda, instancia que promueve la relaci\u00f3n comunitaria en el entorno del CCP de Temuco, junto a representantes de la Direcci\u00f3n de Turismo, Patrimonio y Cultura de la Municipalidad de Temuco.<\/p>\n\n\n\n<p>El Director Regional de Gendarmer\u00eda Coronel N\u00e9stor Flores Anabal\u00f3n destac\u00f3 el valor de esta actividad en el proceso de rehabilitaci\u00f3n: \u201cEste concurso es un claro ejemplo de c\u00f3mo la capacitaci\u00f3n y el compromiso con la cultura local pueden convertirse en herramientas poderosas para la reinserci\u00f3n social. Los participantes no s\u00f3lo han aprendido habilidades t\u00e9cnicas, sino que tambi\u00e9n han encontrado una manera de expresar su identidad a trav\u00e9s de la cocina, generando un v\u00ednculo con su comunidad y proyectando su propio futuro\u201d.<\/p>\n\n\n\n<p>Durante el evento, cada participante present\u00f3 su propuesta culinaria inspirada en ra\u00edces culturales y locales, lo que fue evaluado por el jurado, conformado por destacados profesores de gastronom\u00eda de INACAP e ISSET. La Direcci\u00f3n de Turismo, Patrimonio y Cultura de la Municipalidad de Temuco colabor\u00f3 con premios, entregando kits de souvenirs y un Recetario. Adem\u00e1s de un libro para Temuco, como un reconocimiento al talento y esfuerzo de los participantes.<\/p>\n\n\n\n<p>La Seremi del Trabajo y Previsi\u00f3n Social Claudia Tapia de la Pe\u00f1a tambi\u00e9n entreg\u00f3 palabras de apoyo al programa: \u201cEste tipo de iniciativas muestra el poder transformador de la capacitaci\u00f3n. La formaci\u00f3n en oficios es fundamental para abrir nuevas oportunidades, y nos llena de orgullo ver c\u00f3mo estos participantes han hecho suyo el aprendizaje, comprometidos con su desarrollo y con una futura reintegraci\u00f3n en la sociedad\u201d, subray\u00f3 la autoridad.<\/p>\n\n\n\n<p>Luego de la deliberaci\u00f3n, se premiaron a los tres primeros lugares, otorg\u00e1ndose menciones especiales en reconocimiento al compromiso y dedicaci\u00f3n de los participantes. La colaboraci\u00f3n de la Mesa Barrial Balmaceda y las palabras de las autoridades resaltaron la importancia de esta instancia como un espacio de crecimiento personal, integraci\u00f3n social y respeto por la cultura local.<\/p>\n\n\n\n<p>La cuarta edici\u00f3n de &#8220;Cocina con Ra\u00edces&#8221; reafirma el compromiso de Gendarmer\u00eda de Chile y de sus socios institucionales en crear oportunidades de reinserci\u00f3n social, promoviendo el desarrollo integral de las personas y el fortalecimiento de lazos con la comunidad de Temuco.<\/p>\n\n\n\n<figure class=\"wp-block-image size-large\"><img loading=\"lazy\" decoding=\"async\" width=\"1000\" height=\"667\" src=\"https:\/\/temucotelevision.cl\/web\/wp-content\/uploads\/2024\/11\/4-6-1000x667.jpg\" alt=\"\" class=\"wp-image-53630\" srcset=\"https:\/\/temucotelevision.cl\/web\/wp-content\/uploads\/2024\/11\/4-6-1000x667.jpg 1000w, https:\/\/temucotelevision.cl\/web\/wp-content\/uploads\/2024\/11\/4-6-768x512.jpg 768w, https:\/\/temucotelevision.cl\/web\/wp-content\/uploads\/2024\/11\/4-6-1536x1024.jpg 1536w, https:\/\/temucotelevision.cl\/web\/wp-content\/uploads\/2024\/11\/4-6.jpg 1920w\" sizes=\"auto, (max-width: 1000px) 100vw, 1000px\" \/><\/figure>\n","protected":false},"excerpt":{"rendered":"<div class=\"pvc_clear\"><\/div>\n<p id=\"pvc_stats_53628\" class=\"pvc_stats total_only  \" data-element-id=\"53628\" style=\"\"><i class=\"pvc-stats-icon large\" aria-hidden=\"true\"><svg aria-hidden=\"true\" focusable=\"false\" data-prefix=\"far\" data-icon=\"chart-bar\" role=\"img\" xmlns=\"http:\/\/www.w3.org\/2000\/svg\" viewBox=\"0 0 512 512\" class=\"svg-inline--fa fa-chart-bar fa-w-16 fa-2x\"><path fill=\"currentColor\" d=\"M396.8 352h22.4c6.4 0 12.8-6.4 12.8-12.8V108.8c0-6.4-6.4-12.8-12.8-12.8h-22.4c-6.4 0-12.8 6.4-12.8 12.8v230.4c0 6.4 6.4 12.8 12.8 12.8zm-192 0h22.4c6.4 0 12.8-6.4 12.8-12.8V140.8c0-6.4-6.4-12.8-12.8-12.8h-22.4c-6.4 0-12.8 6.4-12.8 12.8v198.4c0 6.4 6.4 12.8 12.8 12.8zm96 0h22.4c6.4 0 12.8-6.4 12.8-12.8V204.8c0-6.4-6.4-12.8-12.8-12.8h-22.4c-6.4 0-12.8 6.4-12.8 12.8v134.4c0 6.4 6.4 12.8 12.8 12.8zM496 400H48V80c0-8.84-7.16-16-16-16H16C7.16 64 0 71.16 0 80v336c0 17.67 14.33 32 32 32h464c8.84 0 16-7.16 16-16v-16c0-8.84-7.16-16-16-16zm-387.2-48h22.4c6.4 0 12.8-6.4 12.8-12.8v-70.4c0-6.4-6.4-12.8-12.8-12.8h-22.4c-6.4 0-12.8 6.4-12.8 12.8v70.4c0 6.4 6.4 12.8 12.8 12.8z\" class=\"\"><\/path><\/svg><\/i> <img loading=\"lazy\" decoding=\"async\" width=\"16\" height=\"16\" alt=\"Loading\" src=\"https:\/\/temucotelevision.cl\/web\/wp-content\/plugins\/page-views-count\/ajax-loader-2x.gif\" border=0 \/><\/p>\n<div class=\"pvc_clear\"><\/div>\n<p>La iniciativa benefici\u00f3 a seis participantes que finalizaron con \u00e9xito su formaci\u00f3n en t\u00e9cnicas de cocina y la creaci\u00f3n de<\/p>\n","protected":false},"author":1,"featured_media":53629,"comment_status":"open","ping_status":"open","sticky":false,"template":"","format":"standard","meta":{"colormag_page_container_layout":"default_layout","colormag_page_sidebar_layout":"default_layout","footnotes":""},"categories":[14],"tags":[395],"class_list":["post-53628","post","type-post","status-publish","format-standard","has-post-thumbnail","hentry","category-temuco","tag-gastronomia"],"a3_pvc":{"activated":true,"total_views":1070,"today_views":0},"_links":{"self":[{"href":"https:\/\/temucotelevision.cl\/web\/wp-json\/wp\/v2\/posts\/53628","targetHints":{"allow":["GET"]}}],"collection":[{"href":"https:\/\/temucotelevision.cl\/web\/wp-json\/wp\/v2\/posts"}],"about":[{"href":"https:\/\/temucotelevision.cl\/web\/wp-json\/wp\/v2\/types\/post"}],"author":[{"embeddable":true,"href":"https:\/\/temucotelevision.cl\/web\/wp-json\/wp\/v2\/users\/1"}],"replies":[{"embeddable":true,"href":"https:\/\/temucotelevision.cl\/web\/wp-json\/wp\/v2\/comments?post=53628"}],"version-history":[{"count":1,"href":"https:\/\/temucotelevision.cl\/web\/wp-json\/wp\/v2\/posts\/53628\/revisions"}],"predecessor-version":[{"id":53631,"href":"https:\/\/temucotelevision.cl\/web\/wp-json\/wp\/v2\/posts\/53628\/revisions\/53631"}],"wp:featuredmedia":[{"embeddable":true,"href":"https:\/\/temucotelevision.cl\/web\/wp-json\/wp\/v2\/media\/53629"}],"wp:attachment":[{"href":"https:\/\/temucotelevision.cl\/web\/wp-json\/wp\/v2\/media?parent=53628"}],"wp:term":[{"taxonomy":"category","embeddable":true,"href":"https:\/\/temucotelevision.cl\/web\/wp-json\/wp\/v2\/categories?post=53628"},{"taxonomy":"post_tag","embeddable":true,"href":"https:\/\/temucotelevision.cl\/web\/wp-json\/wp\/v2\/tags?post=53628"}],"curies":[{"name":"wp","href":"https:\/\/api.w.org\/{rel}","templated":true}]}}