{"id":53623,"date":"2024-11-14T12:14:28","date_gmt":"2024-11-14T15:14:28","guid":{"rendered":"https:\/\/temucotelevision.cl\/web\/?p=53623"},"modified":"2024-11-14T12:14:29","modified_gmt":"2024-11-14T15:14:29","slug":"valdivia-escenario-de-cine-arranca-rodaje-de-detras-de-la-lluvia","status":"publish","type":"post","link":"https:\/\/temucotelevision.cl\/web\/2024\/11\/14\/valdivia-escenario-de-cine-arranca-rodaje-de-detras-de-la-lluvia\/","title":{"rendered":"Valdivia, escenario de cine: Arranca rodaje de &#8220;Detr\u00e1s de la Lluvia&#8221;"},"content":{"rendered":"<div class=\"pvc_clear\"><\/div><p id=\"pvc_stats_53623\" class=\"pvc_stats total_only  \" data-element-id=\"53623\" style=\"\"><i class=\"pvc-stats-icon large\" aria-hidden=\"true\"><svg aria-hidden=\"true\" focusable=\"false\" data-prefix=\"far\" data-icon=\"chart-bar\" role=\"img\" xmlns=\"http:\/\/www.w3.org\/2000\/svg\" viewBox=\"0 0 512 512\" class=\"svg-inline--fa fa-chart-bar fa-w-16 fa-2x\"><path fill=\"currentColor\" d=\"M396.8 352h22.4c6.4 0 12.8-6.4 12.8-12.8V108.8c0-6.4-6.4-12.8-12.8-12.8h-22.4c-6.4 0-12.8 6.4-12.8 12.8v230.4c0 6.4 6.4 12.8 12.8 12.8zm-192 0h22.4c6.4 0 12.8-6.4 12.8-12.8V140.8c0-6.4-6.4-12.8-12.8-12.8h-22.4c-6.4 0-12.8 6.4-12.8 12.8v198.4c0 6.4 6.4 12.8 12.8 12.8zm96 0h22.4c6.4 0 12.8-6.4 12.8-12.8V204.8c0-6.4-6.4-12.8-12.8-12.8h-22.4c-6.4 0-12.8 6.4-12.8 12.8v134.4c0 6.4 6.4 12.8 12.8 12.8zM496 400H48V80c0-8.84-7.16-16-16-16H16C7.16 64 0 71.16 0 80v336c0 17.67 14.33 32 32 32h464c8.84 0 16-7.16 16-16v-16c0-8.84-7.16-16-16-16zm-387.2-48h22.4c6.4 0 12.8-6.4 12.8-12.8v-70.4c0-6.4-6.4-12.8-12.8-12.8h-22.4c-6.4 0-12.8 6.4-12.8 12.8v70.4c0 6.4 6.4 12.8 12.8 12.8z\" class=\"\"><\/path><\/svg><\/i> <img loading=\"lazy\" decoding=\"async\" width=\"16\" height=\"16\" alt=\"Loading\" src=\"https:\/\/temucotelevision.cl\/web\/wp-content\/plugins\/page-views-count\/ajax-loader-2x.gif\" border=0 \/><\/p><div class=\"pvc_clear\"><\/div>\n<p><em>La obra cinematogr\u00e1fica \u201cDetr\u00e1s de la lluvia\u201d ser\u00e1 filmada entre el 16 de noviembre al 12 de diciembre, contando con locaciones que mostrar\u00e1n la belleza de la Universidad Austral de Chile.<\/em><\/p>\n\n\n\n<p>Este fin de semana se comenzar\u00e1 a filmar \u201cDetr\u00e1s de la lluvia\u201d, la nueva y \u00faltima pel\u00edcula que dirigir\u00e1 la destacada cineasta Valeria Sarmiento -viuda de Ra\u00fal Ruiz-, la cual est\u00e1 a cargo de la productora de cine POETASTROS, ubicada en la Regi\u00f3n de Los R\u00edos (Valdivia) y liderada por la actriz y cineasta Chamila Rodr\u00edguez.<\/p>\n\n\n\n<p>La pel\u00edcula ser\u00e1 filmada entre el 16 de noviembre al 12 de diciembre, sumando 22 d\u00edas de rodaje. Tambi\u00e9n se incluir\u00e1n algunas secuencias de Valpara\u00edso. El objetivo es estrenarla internacionalmente el 2025 y que la cinta tenga larga vida en festivales, cinematecas, filmotecas, museos y universidades del mundo. A nivel nacional la obra se estrenar\u00e1 en un festival de cine importante y recorrer\u00e1 carteleras en todas las regiones del pa\u00eds.<\/p>\n\n\n\n<p>La tarde del lunes 11 de noviembre en el Cine Club de la Universidad Austral de Chile \u2013ubicado en el Campus Isla Teja, en Valdivia, Regi\u00f3n de Los R\u00edos\u2013 se lanz\u00f3 oficialmente el inicio de la filmaci\u00f3n, actividad que cont\u00f3 con la presencia de la directora y autora Valeria Sarmiento y de la actriz y cineasta Chamila Rodr\u00edguez, quienes posteriormente compartieron en un cine &#8211; foro detalles de esta producci\u00f3n que tendr\u00e1 impacto internacional. A la actividad asisti\u00f3 la Prorrectora de la UACh Dra. Angara Zambrano; el Seremi de las Culturas, las Artes y el Patrimonio de Los R\u00edos, \u00d3scar Mendoza; y Directora del Cine Club, Andrea Osorio, quien introdujo este hito.<\/p>\n\n\n\n<p><strong>\u201cEs mi \u00faltima pel\u00edcula\u201d<\/strong><\/p>\n\n\n\n<p>La cineasta Valeria Sarmiento confes\u00f3 que \u201c\u00e9sta es mi \u00faltima pel\u00edcula, por lo tanto, la ten\u00eda que filmar en Chile. Para m\u00ed es una pel\u00edcula sobre mi memoria, pero tambi\u00e9n sobre el cine y c\u00f3mo yo entr\u00e9 al cine. Chamila (Rodr\u00edguez) fue la que me sedujo y me empez\u00f3 a mostrar Valdivia. Yo dije perfecto, aqu\u00ed se puede hacer la pel\u00edcula. Hemos logrado una gran apertura de la gente. Yo encuentro que en el sur la gente es m\u00e1s amable. Adem\u00e1s la belleza del paisaje es sorprendente. Estos \u00e1rboles, por ejemplo, a m\u00ed me impresionan. Espero que de alguna forma estar\u00e1 retratado Valdivia y su mundo en mi pel\u00edcula\u201d.<\/p>\n\n\n\n<p>Chamila Rodr\u00edguez coment\u00f3 que \u201cla protagonista es una profesora de la Universidad Austral de Chile. En la UACh est\u00e1 plasmado en la pel\u00edcula, el Campus Isla Teja, el Campus Miraflores, el Cine Club y todo lo que significa sus aulas, sus pasillos, el jard\u00edn bot\u00e1nico, y el mundo de estudiantes y acad\u00e9micos. Adem\u00e1s de la interculturalidad que tiene Valdivia, las casas patrimoniales Prochelle I y Prochelle II, la belleza de los r\u00edos, sus alrededores, la vida que hay en torno a la ciudad, la costa valdiviana en Calfuco y Curi\u00f1anco, y la costanera del r\u00edo\u201d.<\/p>\n\n\n\n<p>\u201cNos interesa mucho vincular la pel\u00edcula con la cultura comunitaria, de barrios. Hemos invitado a actrices y actores de la Regi\u00f3n de Los R\u00edos, valdivianos, valdivianas, equipo art\u00edstico-t\u00e9cnico. Otro crisol de la UACh es la casa patrimonial Luis Oyarz\u00fan donde estamos creando, es nuestra cociner\u00eda, la sala de m\u00e1quinas, como le decimos\u201d, agreg\u00f3 la actriz<\/p>\n\n\n\n<p>La Prorrectora de la UACh Dra. Angara Zambrano agradeci\u00f3 a la directora y productora por pensar en Valdivia \u201cy sobre todo en nuestra Universidad, que est\u00e1 emplazada en esta naturaleza tan hermosa. Siempre hemos estado muy orgullosos del lugar donde estamos y lo que podemos otorgar a nuestros estudiantes que es justamente tener un ambiente donde estudiar rodeado de esta naturaleza que creemos que tambi\u00e9n puede llegar a ser parte de sus vidas recordar esto\u201d.<\/p>\n\n\n\n<p>\u201cEl hecho de que ustedes hayan pensado en Valdivia y en la Universidad Austral para nosotros la verdad es que lo agradecemos, estamos muy orgullosos y esperamos ser un aporte en todo sentido a esta producci\u00f3n. Como Universidad nacimos generando y pensando en las ciencias y las artes, por lo tanto, siempre hemos estado muy ligados a las artes\u201d, subray\u00f3 la Prorrectora.<\/p>\n\n\n\n<p><strong>Equipo, producci\u00f3n y financiamiento<\/strong><\/p>\n\n\n\n<p>Para las y los amantes del s\u00e9ptimo arte no pasar\u00e1 desapercibido el nombre de Acacio de Almeida, el mejor director de fotograf\u00eda de Portugal, que desempe\u00f1ar\u00e1 este rol en la filmaci\u00f3n. Se encuentra en Valdivia junto a la directora Valeria Sarmiento y el equipo de producci\u00f3n desde hace d\u00edas trabajando.<\/p>\n\n\n\n<p>Asimismo, la m\u00fasica in\u00e9dita que acompa\u00f1ar\u00e1 las im\u00e1genes, fue compuesta por el m\u00fasico Jorge Arriagada, quien falleci\u00f3 recientemente, y era reconocido como uno de los m\u00fasicos chilenos de cine m\u00e1s relevantes a nivel nacional e internacional. La Orquesta de C\u00e1mara de la UACh interpretar\u00e1 las composiciones del maestro Arriagada.<\/p>\n\n\n\n<p>El elenco de actrices y actores lo integran: Schlomit Baytelman, Daniel Mu\u00f1oz, Aline K\u00fcppenheim, Julio Milostich, Chamila Rodr\u00edguez, Cristi\u00e1n Arriagada, Paula Prado, Max Meri\u00f1o, Ingrid Isensee, Arturo Rossel, L\u00eda Celeste, entre otros actores y otras actrices de la Regi\u00f3n, como, Samuel Gonz\u00e1lez, Daniela Pino, Marcela Cornejo.<\/p>\n\n\n\n<p>La pre-produci\u00f3n y producci\u00f3n, se realiza desde la Casa Luis Oyarz\u00fan UACh, donde est\u00e1 concentr\u00e1ndose toda la creaci\u00f3n de la pel\u00edcula, con un equipo intercultural de artistas y t\u00e9cnicos del extranjero, nacional y regional.<\/p>\n\n\n\n<p>La cinta cuenta con el financiamiento del Fondo de Fomento Audiovisual del Ministerio de las Culturas, las Artes y el Patrimonio y la Subvenci\u00f3n Municipal de Cultura de Valpara\u00edso, con importantes alianzas estrat\u00e9gicas locales en hoteler\u00eda, gastronom\u00eda y comercio local.<\/p>\n","protected":false},"excerpt":{"rendered":"<div class=\"pvc_clear\"><\/div>\n<p id=\"pvc_stats_53623\" class=\"pvc_stats total_only  \" data-element-id=\"53623\" style=\"\"><i class=\"pvc-stats-icon large\" aria-hidden=\"true\"><svg aria-hidden=\"true\" focusable=\"false\" data-prefix=\"far\" data-icon=\"chart-bar\" role=\"img\" xmlns=\"http:\/\/www.w3.org\/2000\/svg\" viewBox=\"0 0 512 512\" class=\"svg-inline--fa fa-chart-bar fa-w-16 fa-2x\"><path fill=\"currentColor\" d=\"M396.8 352h22.4c6.4 0 12.8-6.4 12.8-12.8V108.8c0-6.4-6.4-12.8-12.8-12.8h-22.4c-6.4 0-12.8 6.4-12.8 12.8v230.4c0 6.4 6.4 12.8 12.8 12.8zm-192 0h22.4c6.4 0 12.8-6.4 12.8-12.8V140.8c0-6.4-6.4-12.8-12.8-12.8h-22.4c-6.4 0-12.8 6.4-12.8 12.8v198.4c0 6.4 6.4 12.8 12.8 12.8zm96 0h22.4c6.4 0 12.8-6.4 12.8-12.8V204.8c0-6.4-6.4-12.8-12.8-12.8h-22.4c-6.4 0-12.8 6.4-12.8 12.8v134.4c0 6.4 6.4 12.8 12.8 12.8zM496 400H48V80c0-8.84-7.16-16-16-16H16C7.16 64 0 71.16 0 80v336c0 17.67 14.33 32 32 32h464c8.84 0 16-7.16 16-16v-16c0-8.84-7.16-16-16-16zm-387.2-48h22.4c6.4 0 12.8-6.4 12.8-12.8v-70.4c0-6.4-6.4-12.8-12.8-12.8h-22.4c-6.4 0-12.8 6.4-12.8 12.8v70.4c0 6.4 6.4 12.8 12.8 12.8z\" class=\"\"><\/path><\/svg><\/i> <img loading=\"lazy\" decoding=\"async\" width=\"16\" height=\"16\" alt=\"Loading\" src=\"https:\/\/temucotelevision.cl\/web\/wp-content\/plugins\/page-views-count\/ajax-loader-2x.gif\" border=0 \/><\/p>\n<div class=\"pvc_clear\"><\/div>\n<p>La obra cinematogr\u00e1fica \u201cDetr\u00e1s de la lluvia\u201d ser\u00e1 filmada entre el 16 de noviembre al 12 de diciembre, contando con<\/p>\n","protected":false},"author":1,"featured_media":53624,"comment_status":"open","ping_status":"open","sticky":false,"template":"","format":"standard","meta":{"colormag_page_container_layout":"default_layout","colormag_page_sidebar_layout":"default_layout","footnotes":""},"categories":[101,18],"tags":[626],"class_list":["post-53623","post","type-post","status-publish","format-standard","has-post-thumbnail","hentry","category-actualidad","category-nacional","tag-cine"],"a3_pvc":{"activated":true,"total_views":1063,"today_views":0},"_links":{"self":[{"href":"https:\/\/temucotelevision.cl\/web\/wp-json\/wp\/v2\/posts\/53623","targetHints":{"allow":["GET"]}}],"collection":[{"href":"https:\/\/temucotelevision.cl\/web\/wp-json\/wp\/v2\/posts"}],"about":[{"href":"https:\/\/temucotelevision.cl\/web\/wp-json\/wp\/v2\/types\/post"}],"author":[{"embeddable":true,"href":"https:\/\/temucotelevision.cl\/web\/wp-json\/wp\/v2\/users\/1"}],"replies":[{"embeddable":true,"href":"https:\/\/temucotelevision.cl\/web\/wp-json\/wp\/v2\/comments?post=53623"}],"version-history":[{"count":1,"href":"https:\/\/temucotelevision.cl\/web\/wp-json\/wp\/v2\/posts\/53623\/revisions"}],"predecessor-version":[{"id":53625,"href":"https:\/\/temucotelevision.cl\/web\/wp-json\/wp\/v2\/posts\/53623\/revisions\/53625"}],"wp:featuredmedia":[{"embeddable":true,"href":"https:\/\/temucotelevision.cl\/web\/wp-json\/wp\/v2\/media\/53624"}],"wp:attachment":[{"href":"https:\/\/temucotelevision.cl\/web\/wp-json\/wp\/v2\/media?parent=53623"}],"wp:term":[{"taxonomy":"category","embeddable":true,"href":"https:\/\/temucotelevision.cl\/web\/wp-json\/wp\/v2\/categories?post=53623"},{"taxonomy":"post_tag","embeddable":true,"href":"https:\/\/temucotelevision.cl\/web\/wp-json\/wp\/v2\/tags?post=53623"}],"curies":[{"name":"wp","href":"https:\/\/api.w.org\/{rel}","templated":true}]}}