{"id":53620,"date":"2024-11-14T12:01:22","date_gmt":"2024-11-14T15:01:22","guid":{"rendered":"https:\/\/temucotelevision.cl\/web\/?p=53620"},"modified":"2024-11-14T12:01:23","modified_gmt":"2024-11-14T15:01:23","slug":"la-iniciativa-que-fomenta-el-uso-de-la-medicina-ancestral-mapuche","status":"publish","type":"post","link":"https:\/\/temucotelevision.cl\/web\/2024\/11\/14\/la-iniciativa-que-fomenta-el-uso-de-la-medicina-ancestral-mapuche\/","title":{"rendered":"La iniciativa que fomenta el uso de la medicina ancestral mapuche"},"content":{"rendered":"<div class=\"pvc_clear\"><\/div><p id=\"pvc_stats_53620\" class=\"pvc_stats total_only  \" data-element-id=\"53620\" style=\"\"><i class=\"pvc-stats-icon large\" aria-hidden=\"true\"><svg aria-hidden=\"true\" focusable=\"false\" data-prefix=\"far\" data-icon=\"chart-bar\" role=\"img\" xmlns=\"http:\/\/www.w3.org\/2000\/svg\" viewBox=\"0 0 512 512\" class=\"svg-inline--fa fa-chart-bar fa-w-16 fa-2x\"><path fill=\"currentColor\" d=\"M396.8 352h22.4c6.4 0 12.8-6.4 12.8-12.8V108.8c0-6.4-6.4-12.8-12.8-12.8h-22.4c-6.4 0-12.8 6.4-12.8 12.8v230.4c0 6.4 6.4 12.8 12.8 12.8zm-192 0h22.4c6.4 0 12.8-6.4 12.8-12.8V140.8c0-6.4-6.4-12.8-12.8-12.8h-22.4c-6.4 0-12.8 6.4-12.8 12.8v198.4c0 6.4 6.4 12.8 12.8 12.8zm96 0h22.4c6.4 0 12.8-6.4 12.8-12.8V204.8c0-6.4-6.4-12.8-12.8-12.8h-22.4c-6.4 0-12.8 6.4-12.8 12.8v134.4c0 6.4 6.4 12.8 12.8 12.8zM496 400H48V80c0-8.84-7.16-16-16-16H16C7.16 64 0 71.16 0 80v336c0 17.67 14.33 32 32 32h464c8.84 0 16-7.16 16-16v-16c0-8.84-7.16-16-16-16zm-387.2-48h22.4c6.4 0 12.8-6.4 12.8-12.8v-70.4c0-6.4-6.4-12.8-12.8-12.8h-22.4c-6.4 0-12.8 6.4-12.8 12.8v70.4c0 6.4 6.4 12.8 12.8 12.8z\" class=\"\"><\/path><\/svg><\/i> <img loading=\"lazy\" decoding=\"async\" width=\"16\" height=\"16\" alt=\"Loading\" src=\"https:\/\/temucotelevision.cl\/web\/wp-content\/plugins\/page-views-count\/ajax-loader-2x.gif\" border=0 \/><\/p><div class=\"pvc_clear\"><\/div>\n<p><em>Personas pertenecientes a comunidades vecinas recolectan plantas y hierbas de predios forestales para elaborar sus tradicionales p\u00f3cimas. CMPC, adem\u00e1s de abrir sus terrenos para la recolecci\u00f3n, dispuso de m\u00f3dulos en sus domicilios para la conservaci\u00f3n y manipulaci\u00f3n de las especies.&nbsp;<\/em><\/p>\n\n\n\n<p><a><\/a><a><\/a>Con una pol\u00edtica de puertas abiertas y con t\u00e9cnicas de manejo sostenible, CMPC abri\u00f3 sus predios en forma coordinada para que las&nbsp;<em>lawentuchefe<\/em>&nbsp;(personas recolectores y conocedores de las hierbas medicinales) y vecinos puedan recolectar distintas hierbas, frutos y fibras, en una actividad que est\u00e1 muy arraigada en la cultura mapuche.&nbsp;<\/p>\n\n\n\n<p>Cecilia Campos Painequeo, es una&nbsp;<em>lawentuchefe<\/em>&nbsp;de la comunidad Hueichahue Kuel, del sector Quetrahue en la comuna de Lumaco. Todo el conocimiento del manejo de las hierbas medicinales y la atenci\u00f3n a las personas aquejadas de males, lo aprendi\u00f3 a temprana edad de su suegra Juana Reiman Cheuque, conocida machi de la zona. Como Cecilia quien recolecta plantas en fundos cercanos a su hogar.&nbsp;<\/p>\n\n\n\n<p>La empresa quiso profundizar en su pol\u00edtica y cre\u00f3 el proyecto \u201cM\u00f3dulos Medicinales\u201d, infraestructuras de 40 m2 con sombra, mesones y provistos de sistemas de riego, los cuales son instalados en los terrenos de las familias para que ellas adem\u00e1s de recolectar las hierbas, puedan propagarlas.&nbsp;<\/p>\n\n\n\n<p>\u201cEstoy muy contenta de poder ayudar a la gente que viene de distintos lugares para aliviar sus males. Yo arreglo huesos, santiguo y ayudo a curar problemas, sobre todo cuando se llega a tiempo, del h\u00edgado, colon, de todo. Estoy muy orgullosa tambi\u00e9n de tener este m\u00f3dulo grande y con mesones, aqu\u00ed podr\u00e9 tener todo tipo de plantas, poleo, paico, natre, salvia, matico, porque tambi\u00e9n el m\u00f3dulo permite secar a la sombra las plantitas\u201d, destac\u00f3 Cecilia.<\/p>\n\n\n\n<p>En los \u00faltimos a\u00f1os, tal como \u00e9sta&nbsp;<em>lawentuchefe<\/em>, son 20 los grupos familiares y organizaciones que trabajan con este tipo de m\u00f3dulos de plantas medicinales, instalados en diversas comunas principalmente en Malleco y Caut\u00edn, gracias al programa impulsado por CMPC.<\/p>\n\n\n\n<p>Desde CMPC, Juan Carlos Navia, jefe de \u00c1rea de Cultura y Formaci\u00f3n, explic\u00f3: \u201cEste programa se enmarca en el trabajo m\u00e1s amplio de la empresa en torno a los productos forestales no madereros, que incluyen la apicultura, frutos silvestres, fibras naturales para artesan\u00edas y hongos, todos ellos productos y servicios que proveen los bosques y plantaciones productivas, y que forman parte de las actividades tradicionales de las comunidades mapuche\u201d.<\/p>\n\n\n\n<p>Sobre los m\u00f3dulos, Navia explica que \u201cpor un lado, se genera un beneficio econ\u00f3mico para los recolectores, quienes pueden obtener ingresos a partir de la venta de frutos silvestres y hierbas medicinales. Por otro lado, hay un profundo impacto cultural, ya que estas plantas son esenciales en la medicina tradicional mapuche, ligada no solo a la salud f\u00edsica, sino tambi\u00e9n a la espiritualidad de las personas\u201d.&nbsp;<\/p>\n\n\n\n<p>Existen 369 recolectores pertenecientes a 15 comunas de las regiones del Biob\u00edo y La Araucan\u00eda que participan en la recolecci\u00f3n de frutos, hierbas y fibras en predios forestales de la compa\u00f1\u00eda. Entre los 15 productos principales, destacan los hongos (nativos y de plantaciones de pino), mosqueta, avellana, mora, flor amarilla, fibra natural (\u00f1ocha), dig\u00fce\u00f1e, murtilla, changle, pi\u00f1ones, miel, y sauco. Entre las hierbas medicinales m\u00e1s relevantes se destacan el boldo, maqui, poleo, paico, natre, canelo y el matico.<\/p>\n","protected":false},"excerpt":{"rendered":"<div class=\"pvc_clear\"><\/div>\n<p id=\"pvc_stats_53620\" class=\"pvc_stats total_only  \" data-element-id=\"53620\" style=\"\"><i class=\"pvc-stats-icon large\" aria-hidden=\"true\"><svg aria-hidden=\"true\" focusable=\"false\" data-prefix=\"far\" data-icon=\"chart-bar\" role=\"img\" xmlns=\"http:\/\/www.w3.org\/2000\/svg\" viewBox=\"0 0 512 512\" class=\"svg-inline--fa fa-chart-bar fa-w-16 fa-2x\"><path fill=\"currentColor\" d=\"M396.8 352h22.4c6.4 0 12.8-6.4 12.8-12.8V108.8c0-6.4-6.4-12.8-12.8-12.8h-22.4c-6.4 0-12.8 6.4-12.8 12.8v230.4c0 6.4 6.4 12.8 12.8 12.8zm-192 0h22.4c6.4 0 12.8-6.4 12.8-12.8V140.8c0-6.4-6.4-12.8-12.8-12.8h-22.4c-6.4 0-12.8 6.4-12.8 12.8v198.4c0 6.4 6.4 12.8 12.8 12.8zm96 0h22.4c6.4 0 12.8-6.4 12.8-12.8V204.8c0-6.4-6.4-12.8-12.8-12.8h-22.4c-6.4 0-12.8 6.4-12.8 12.8v134.4c0 6.4 6.4 12.8 12.8 12.8zM496 400H48V80c0-8.84-7.16-16-16-16H16C7.16 64 0 71.16 0 80v336c0 17.67 14.33 32 32 32h464c8.84 0 16-7.16 16-16v-16c0-8.84-7.16-16-16-16zm-387.2-48h22.4c6.4 0 12.8-6.4 12.8-12.8v-70.4c0-6.4-6.4-12.8-12.8-12.8h-22.4c-6.4 0-12.8 6.4-12.8 12.8v70.4c0 6.4 6.4 12.8 12.8 12.8z\" class=\"\"><\/path><\/svg><\/i> <img loading=\"lazy\" decoding=\"async\" width=\"16\" height=\"16\" alt=\"Loading\" src=\"https:\/\/temucotelevision.cl\/web\/wp-content\/plugins\/page-views-count\/ajax-loader-2x.gif\" border=0 \/><\/p>\n<div class=\"pvc_clear\"><\/div>\n<p>Personas pertenecientes a comunidades vecinas recolectan plantas y hierbas de predios forestales para elaborar sus tradicionales p\u00f3cimas. CMPC, adem\u00e1s de<\/p>\n","protected":false},"author":1,"featured_media":53621,"comment_status":"open","ping_status":"open","sticky":false,"template":"","format":"standard","meta":{"colormag_page_container_layout":"default_layout","colormag_page_sidebar_layout":"default_layout","footnotes":""},"categories":[101],"tags":[3055],"class_list":["post-53620","post","type-post","status-publish","format-standard","has-post-thumbnail","hentry","category-actualidad","tag-medicina"],"a3_pvc":{"activated":true,"total_views":1023,"today_views":0},"_links":{"self":[{"href":"https:\/\/temucotelevision.cl\/web\/wp-json\/wp\/v2\/posts\/53620","targetHints":{"allow":["GET"]}}],"collection":[{"href":"https:\/\/temucotelevision.cl\/web\/wp-json\/wp\/v2\/posts"}],"about":[{"href":"https:\/\/temucotelevision.cl\/web\/wp-json\/wp\/v2\/types\/post"}],"author":[{"embeddable":true,"href":"https:\/\/temucotelevision.cl\/web\/wp-json\/wp\/v2\/users\/1"}],"replies":[{"embeddable":true,"href":"https:\/\/temucotelevision.cl\/web\/wp-json\/wp\/v2\/comments?post=53620"}],"version-history":[{"count":1,"href":"https:\/\/temucotelevision.cl\/web\/wp-json\/wp\/v2\/posts\/53620\/revisions"}],"predecessor-version":[{"id":53622,"href":"https:\/\/temucotelevision.cl\/web\/wp-json\/wp\/v2\/posts\/53620\/revisions\/53622"}],"wp:featuredmedia":[{"embeddable":true,"href":"https:\/\/temucotelevision.cl\/web\/wp-json\/wp\/v2\/media\/53621"}],"wp:attachment":[{"href":"https:\/\/temucotelevision.cl\/web\/wp-json\/wp\/v2\/media?parent=53620"}],"wp:term":[{"taxonomy":"category","embeddable":true,"href":"https:\/\/temucotelevision.cl\/web\/wp-json\/wp\/v2\/categories?post=53620"},{"taxonomy":"post_tag","embeddable":true,"href":"https:\/\/temucotelevision.cl\/web\/wp-json\/wp\/v2\/tags?post=53620"}],"curies":[{"name":"wp","href":"https:\/\/api.w.org\/{rel}","templated":true}]}}