{"id":53613,"date":"2024-11-13T19:09:57","date_gmt":"2024-11-13T22:09:57","guid":{"rendered":"https:\/\/temucotelevision.cl\/web\/?p=53613"},"modified":"2024-11-14T10:09:07","modified_gmt":"2024-11-14T13:09:07","slug":"senadora-aravena-llama-a-promulgar-ley-antiterrorista-para-frenar-grupos-radicalizados","status":"publish","type":"post","link":"https:\/\/temucotelevision.cl\/web\/2024\/11\/13\/senadora-aravena-llama-a-promulgar-ley-antiterrorista-para-frenar-grupos-radicalizados\/","title":{"rendered":"Senadora Aravena llama a promulgar Ley Antiterrorista para frenar grupos radicalizados"},"content":{"rendered":"<div class=\"pvc_clear\"><\/div><p id=\"pvc_stats_53613\" class=\"pvc_stats total_only  \" data-element-id=\"53613\" style=\"\"><i class=\"pvc-stats-icon large\" aria-hidden=\"true\"><svg aria-hidden=\"true\" focusable=\"false\" data-prefix=\"far\" data-icon=\"chart-bar\" role=\"img\" xmlns=\"http:\/\/www.w3.org\/2000\/svg\" viewBox=\"0 0 512 512\" class=\"svg-inline--fa fa-chart-bar fa-w-16 fa-2x\"><path fill=\"currentColor\" d=\"M396.8 352h22.4c6.4 0 12.8-6.4 12.8-12.8V108.8c0-6.4-6.4-12.8-12.8-12.8h-22.4c-6.4 0-12.8 6.4-12.8 12.8v230.4c0 6.4 6.4 12.8 12.8 12.8zm-192 0h22.4c6.4 0 12.8-6.4 12.8-12.8V140.8c0-6.4-6.4-12.8-12.8-12.8h-22.4c-6.4 0-12.8 6.4-12.8 12.8v198.4c0 6.4 6.4 12.8 12.8 12.8zm96 0h22.4c6.4 0 12.8-6.4 12.8-12.8V204.8c0-6.4-6.4-12.8-12.8-12.8h-22.4c-6.4 0-12.8 6.4-12.8 12.8v134.4c0 6.4 6.4 12.8 12.8 12.8zM496 400H48V80c0-8.84-7.16-16-16-16H16C7.16 64 0 71.16 0 80v336c0 17.67 14.33 32 32 32h464c8.84 0 16-7.16 16-16v-16c0-8.84-7.16-16-16-16zm-387.2-48h22.4c6.4 0 12.8-6.4 12.8-12.8v-70.4c0-6.4-6.4-12.8-12.8-12.8h-22.4c-6.4 0-12.8 6.4-12.8 12.8v70.4c0 6.4 6.4 12.8 12.8 12.8z\" class=\"\"><\/path><\/svg><\/i> <img loading=\"lazy\" decoding=\"async\" width=\"16\" height=\"16\" alt=\"Loading\" src=\"https:\/\/temucotelevision.cl\/web\/wp-content\/plugins\/page-views-count\/ajax-loader-2x.gif\" border=0 \/><\/p><div class=\"pvc_clear\"><\/div>\n<p><br>\u200b<strong>Tras serie de atentados adjudicados por org\u00e1nicas radicalizadas<\/strong><\/p>\n\n\n\n<p><strong>SENADORA ARAVENA&nbsp;<\/strong><strong>PIDE A GOBIERNO Y CONGRESO AVANZAR COR URGENCIA EN LEYES QUE PERMITAN DESARTICULAR A GRUPOS ARMADOS<\/strong><\/p>\n\n\n\n<p>\u200bDos viviendas siniestradas y nueve m\u00e1quinas incendiadas por la Resistencia Mapuche Malleco y la Coordinadora Arauco Malleco, adem\u00e1s de amenazas al alcaide de&nbsp;la c\u00e1rcel de&nbsp;Angol, y a guardias de seguridad al interior de un predio forestal en Curanilahue,&nbsp;fue el saldo de una serie de ataques registrados durante los \u00faltimos diez d\u00edas en la macrozona sur, a los que se sum\u00f3 el atentado incendiario a un parque e\u00f3lico en Lebu y el que protagoniz\u00f3 un grupo de encapuchados armados que siniestr\u00f3 una camioneta y dos maquinarias forestales, al interior de una faena, en Lautaro, y que fue reivindicado por la org\u00e1nica Liberaci\u00f3n Nacional Mapuche.<\/p>\n\n\n\n<p>Tras ello, la senadora por La Araucan\u00eda, Carmen Gloria Aravena, lament\u00f3 que \u201cvolvemos a retomar las experiencias que tanto da\u00f1o le han hecho a la Regi\u00f3n\u201d. Por ello, la legisladora solicit\u00f3,&nbsp;\u201csinceramente, no solo al Gobierno, sino tambi\u00e9n a las Comisiones de Seguridad y Defensa (del Congreso) que se hagan cargo de avanzar, con dos proyectos principales: uno, la Ley Antiterrorista que est\u00e1 ad-portas de ser promulgada y las Reglas de Uso de la Fuerza, de manera que podamos, con militares en un Estado de Excepci\u00f3n, hacer lo que hay que hacer\u201d,&nbsp;puntualiz\u00f3.<\/p>\n\n\n\n<p>Ante la serie de ataques armados en el Bio b\u00edo y La Araucan\u00eda, la senadora Aravena advirti\u00f3 que&nbsp;\u201cestamos muy complicados y hoy d\u00eda todo es urgente\u201d, para desarticular las org\u00e1nicas radicalizadas y prevenir nuevos hechos de violencia.<\/p>\n","protected":false},"excerpt":{"rendered":"<div class=\"pvc_clear\"><\/div>\n<p id=\"pvc_stats_53613\" class=\"pvc_stats total_only  \" data-element-id=\"53613\" style=\"\"><i class=\"pvc-stats-icon large\" aria-hidden=\"true\"><svg aria-hidden=\"true\" focusable=\"false\" data-prefix=\"far\" data-icon=\"chart-bar\" role=\"img\" xmlns=\"http:\/\/www.w3.org\/2000\/svg\" viewBox=\"0 0 512 512\" class=\"svg-inline--fa fa-chart-bar fa-w-16 fa-2x\"><path fill=\"currentColor\" d=\"M396.8 352h22.4c6.4 0 12.8-6.4 12.8-12.8V108.8c0-6.4-6.4-12.8-12.8-12.8h-22.4c-6.4 0-12.8 6.4-12.8 12.8v230.4c0 6.4 6.4 12.8 12.8 12.8zm-192 0h22.4c6.4 0 12.8-6.4 12.8-12.8V140.8c0-6.4-6.4-12.8-12.8-12.8h-22.4c-6.4 0-12.8 6.4-12.8 12.8v198.4c0 6.4 6.4 12.8 12.8 12.8zm96 0h22.4c6.4 0 12.8-6.4 12.8-12.8V204.8c0-6.4-6.4-12.8-12.8-12.8h-22.4c-6.4 0-12.8 6.4-12.8 12.8v134.4c0 6.4 6.4 12.8 12.8 12.8zM496 400H48V80c0-8.84-7.16-16-16-16H16C7.16 64 0 71.16 0 80v336c0 17.67 14.33 32 32 32h464c8.84 0 16-7.16 16-16v-16c0-8.84-7.16-16-16-16zm-387.2-48h22.4c6.4 0 12.8-6.4 12.8-12.8v-70.4c0-6.4-6.4-12.8-12.8-12.8h-22.4c-6.4 0-12.8 6.4-12.8 12.8v70.4c0 6.4 6.4 12.8 12.8 12.8z\" class=\"\"><\/path><\/svg><\/i> <img loading=\"lazy\" decoding=\"async\" width=\"16\" height=\"16\" alt=\"Loading\" src=\"https:\/\/temucotelevision.cl\/web\/wp-content\/plugins\/page-views-count\/ajax-loader-2x.gif\" border=0 \/><\/p>\n<div class=\"pvc_clear\"><\/div>\n<p>\u200bTras serie de atentados adjudicados por org\u00e1nicas radicalizadas SENADORA ARAVENA&nbsp;PIDE A GOBIERNO Y CONGRESO AVANZAR COR URGENCIA EN LEYES QUE<\/p>\n","protected":false},"author":1,"featured_media":53614,"comment_status":"open","ping_status":"open","sticky":false,"template":"","format":"standard","meta":{"colormag_page_container_layout":"default_layout","colormag_page_sidebar_layout":"default_layout","footnotes":""},"categories":[84],"tags":[2065],"class_list":["post-53613","post","type-post","status-publish","format-standard","has-post-thumbnail","hentry","category-politica","tag-senadora"],"a3_pvc":{"activated":true,"total_views":461,"today_views":0},"_links":{"self":[{"href":"https:\/\/temucotelevision.cl\/web\/wp-json\/wp\/v2\/posts\/53613","targetHints":{"allow":["GET"]}}],"collection":[{"href":"https:\/\/temucotelevision.cl\/web\/wp-json\/wp\/v2\/posts"}],"about":[{"href":"https:\/\/temucotelevision.cl\/web\/wp-json\/wp\/v2\/types\/post"}],"author":[{"embeddable":true,"href":"https:\/\/temucotelevision.cl\/web\/wp-json\/wp\/v2\/users\/1"}],"replies":[{"embeddable":true,"href":"https:\/\/temucotelevision.cl\/web\/wp-json\/wp\/v2\/comments?post=53613"}],"version-history":[{"count":1,"href":"https:\/\/temucotelevision.cl\/web\/wp-json\/wp\/v2\/posts\/53613\/revisions"}],"predecessor-version":[{"id":53615,"href":"https:\/\/temucotelevision.cl\/web\/wp-json\/wp\/v2\/posts\/53613\/revisions\/53615"}],"wp:featuredmedia":[{"embeddable":true,"href":"https:\/\/temucotelevision.cl\/web\/wp-json\/wp\/v2\/media\/53614"}],"wp:attachment":[{"href":"https:\/\/temucotelevision.cl\/web\/wp-json\/wp\/v2\/media?parent=53613"}],"wp:term":[{"taxonomy":"category","embeddable":true,"href":"https:\/\/temucotelevision.cl\/web\/wp-json\/wp\/v2\/categories?post=53613"},{"taxonomy":"post_tag","embeddable":true,"href":"https:\/\/temucotelevision.cl\/web\/wp-json\/wp\/v2\/tags?post=53613"}],"curies":[{"name":"wp","href":"https:\/\/api.w.org\/{rel}","templated":true}]}}