{"id":53601,"date":"2024-11-13T16:44:19","date_gmt":"2024-11-13T19:44:19","guid":{"rendered":"https:\/\/temucotelevision.cl\/web\/?p=53601"},"modified":"2024-11-13T16:44:19","modified_gmt":"2024-11-13T19:44:19","slug":"cunco-reune-a-mas-de-130-emprendedores-en-encuentro-de-innovacion-y-colaboracion","status":"publish","type":"post","link":"https:\/\/temucotelevision.cl\/web\/2024\/11\/13\/cunco-reune-a-mas-de-130-emprendedores-en-encuentro-de-innovacion-y-colaboracion\/","title":{"rendered":"Cunco re\u00fane a m\u00e1s de 130 emprendedores en encuentro de innovaci\u00f3n y colaboraci\u00f3n"},"content":{"rendered":"<div class=\"pvc_clear\"><\/div><p id=\"pvc_stats_53601\" class=\"pvc_stats total_only  \" data-element-id=\"53601\" style=\"\"><i class=\"pvc-stats-icon large\" aria-hidden=\"true\"><svg aria-hidden=\"true\" focusable=\"false\" data-prefix=\"far\" data-icon=\"chart-bar\" role=\"img\" xmlns=\"http:\/\/www.w3.org\/2000\/svg\" viewBox=\"0 0 512 512\" class=\"svg-inline--fa fa-chart-bar fa-w-16 fa-2x\"><path fill=\"currentColor\" d=\"M396.8 352h22.4c6.4 0 12.8-6.4 12.8-12.8V108.8c0-6.4-6.4-12.8-12.8-12.8h-22.4c-6.4 0-12.8 6.4-12.8 12.8v230.4c0 6.4 6.4 12.8 12.8 12.8zm-192 0h22.4c6.4 0 12.8-6.4 12.8-12.8V140.8c0-6.4-6.4-12.8-12.8-12.8h-22.4c-6.4 0-12.8 6.4-12.8 12.8v198.4c0 6.4 6.4 12.8 12.8 12.8zm96 0h22.4c6.4 0 12.8-6.4 12.8-12.8V204.8c0-6.4-6.4-12.8-12.8-12.8h-22.4c-6.4 0-12.8 6.4-12.8 12.8v134.4c0 6.4 6.4 12.8 12.8 12.8zM496 400H48V80c0-8.84-7.16-16-16-16H16C7.16 64 0 71.16 0 80v336c0 17.67 14.33 32 32 32h464c8.84 0 16-7.16 16-16v-16c0-8.84-7.16-16-16-16zm-387.2-48h22.4c6.4 0 12.8-6.4 12.8-12.8v-70.4c0-6.4-6.4-12.8-12.8-12.8h-22.4c-6.4 0-12.8 6.4-12.8 12.8v70.4c0 6.4 6.4 12.8 12.8 12.8z\" class=\"\"><\/path><\/svg><\/i> <img loading=\"lazy\" decoding=\"async\" width=\"16\" height=\"16\" alt=\"Loading\" src=\"https:\/\/temucotelevision.cl\/web\/wp-content\/plugins\/page-views-count\/ajax-loader-2x.gif\" border=0 \/><\/p><div class=\"pvc_clear\"><\/div>\n<p>M\u00e1s de 130 emprendedores de la comunidad, agentes y autoridades se reunieron ayer en la Medialuna del Club de Huasos de Cunco para participar en la Ronda de Negocios Locales 2024, un evento que busc\u00f3 fortalecer la vinculaci\u00f3n comercial y fomentar el crecimiento sostenible del ecosistema emprendedor en la regi\u00f3n. Este encuentro fue organizado en el marco del proyecto &#8220;<em>Trafkintunkim\u00fcn<\/em>: Intercambio de Saberes&#8221; de Balloon Latam en conjunto con Fundaci\u00f3n MC.<\/p>\n\n\n\n<p>La Ronda de Negocios en su versi\u00f3n 2024 se enfoc\u00f3 en fomentar la colaboraci\u00f3n entre actores clave, con un enfoque en la inteligencia territorial y el uso de tecnolog\u00eda avanzada para crear v\u00ednculos estrat\u00e9gicos entre los asistentes. Las actividades principales incluyeron un panel de conversaci\u00f3n titulado &#8220;Alianzas para el futuro&#8221;, un espacio libre de networking y seis rondas de reuniones individuales para promover oportunidades de colaboraci\u00f3n y nuevos acuerdos comerciales.<\/p>\n\n\n\n<p>Durante el evento, los participantes tambi\u00e9n tuvieron acceso a stands informativos de instituciones como Araucan\u00eda Coop, BancoEstado Microempresas, Fosis La Araucan\u00eda, y otros centros de apoyo y asesoramiento para emprendedores locales.<\/p>\n\n\n\n<p>Vicente Poblete, director de proyectos de Fundaci\u00f3n MC, destac\u00f3: \u201cEstamos muy contentos de volver a la Ronda de Negocios en Cunco y ver el progreso de los emprendedores tras su participaci\u00f3n en distintas iniciativas. Han generado redes y valor para sus negocios y la comunidad, lo que impulsa su autonom\u00eda para decidir su futuro y desarrollar proyectos exitosos\u201d.<\/p>\n\n\n\n<p>Isabel Cartes, jefa territorial de Balloon Latam en Araucan\u00eda, resalt\u00f3 el impacto del evento: \u201cEste encuentro es un hito que demuestra la disposici\u00f3n de la comunidad emprendedora para compartir, conectar y crecer. Para Balloon Latam, es un orgullo apoyar el desarrollo de las comunidades rurales y ver a los emprendedores liderar su propio progreso\u201d.<\/p>\n\n\n\n<p>Jos\u00e9 Vega Bello, en representaci\u00f3n de la Municipalidad de Cunco, destac\u00f3 la importancia de estas iniciativas: \u201cEl trabajo de Balloon Latam en Cunco y otras comunas es clave para fortalecer la colaboraci\u00f3n entre emprendedores e instituciones. Como municipalidad, creemos en apoyar a los emprendedores, ya que son un motor econ\u00f3mico vital para el bienestar de sus familias\u201d.<\/p>\n\n\n\n<p>El evento marc\u00f3 el quinto aniversario de la primera ronda de negocios que por primera vez se realizaba en Cunco en el a\u00f1o&nbsp;2019, consolid\u00e1ndose como una instancia clave para el desarrollo de la cultura emprendedora en la regi\u00f3n, brindando a los participantes herramientas y redes para hacer crecer sus proyectos y fomentar un ecosistema empresarial colaborativo en la Araucan\u00eda.<\/p>\n","protected":false},"excerpt":{"rendered":"<div class=\"pvc_clear\"><\/div>\n<p id=\"pvc_stats_53601\" class=\"pvc_stats total_only  \" data-element-id=\"53601\" style=\"\"><i class=\"pvc-stats-icon large\" aria-hidden=\"true\"><svg aria-hidden=\"true\" focusable=\"false\" data-prefix=\"far\" data-icon=\"chart-bar\" role=\"img\" xmlns=\"http:\/\/www.w3.org\/2000\/svg\" viewBox=\"0 0 512 512\" class=\"svg-inline--fa fa-chart-bar fa-w-16 fa-2x\"><path fill=\"currentColor\" d=\"M396.8 352h22.4c6.4 0 12.8-6.4 12.8-12.8V108.8c0-6.4-6.4-12.8-12.8-12.8h-22.4c-6.4 0-12.8 6.4-12.8 12.8v230.4c0 6.4 6.4 12.8 12.8 12.8zm-192 0h22.4c6.4 0 12.8-6.4 12.8-12.8V140.8c0-6.4-6.4-12.8-12.8-12.8h-22.4c-6.4 0-12.8 6.4-12.8 12.8v198.4c0 6.4 6.4 12.8 12.8 12.8zm96 0h22.4c6.4 0 12.8-6.4 12.8-12.8V204.8c0-6.4-6.4-12.8-12.8-12.8h-22.4c-6.4 0-12.8 6.4-12.8 12.8v134.4c0 6.4 6.4 12.8 12.8 12.8zM496 400H48V80c0-8.84-7.16-16-16-16H16C7.16 64 0 71.16 0 80v336c0 17.67 14.33 32 32 32h464c8.84 0 16-7.16 16-16v-16c0-8.84-7.16-16-16-16zm-387.2-48h22.4c6.4 0 12.8-6.4 12.8-12.8v-70.4c0-6.4-6.4-12.8-12.8-12.8h-22.4c-6.4 0-12.8 6.4-12.8 12.8v70.4c0 6.4 6.4 12.8 12.8 12.8z\" class=\"\"><\/path><\/svg><\/i> <img loading=\"lazy\" decoding=\"async\" width=\"16\" height=\"16\" alt=\"Loading\" src=\"https:\/\/temucotelevision.cl\/web\/wp-content\/plugins\/page-views-count\/ajax-loader-2x.gif\" border=0 \/><\/p>\n<div class=\"pvc_clear\"><\/div>\n<p>M\u00e1s de 130 emprendedores de la comunidad, agentes y autoridades se reunieron ayer en la Medialuna del Club de Huasos<\/p>\n","protected":false},"author":1,"featured_media":53606,"comment_status":"open","ping_status":"open","sticky":false,"template":"","format":"standard","meta":{"colormag_page_container_layout":"default_layout","colormag_page_sidebar_layout":"default_layout","footnotes":""},"categories":[101],"tags":[384],"class_list":["post-53601","post","type-post","status-publish","format-standard","has-post-thumbnail","hentry","category-actualidad","tag-emprendedores"],"a3_pvc":{"activated":true,"total_views":430,"today_views":0},"_links":{"self":[{"href":"https:\/\/temucotelevision.cl\/web\/wp-json\/wp\/v2\/posts\/53601","targetHints":{"allow":["GET"]}}],"collection":[{"href":"https:\/\/temucotelevision.cl\/web\/wp-json\/wp\/v2\/posts"}],"about":[{"href":"https:\/\/temucotelevision.cl\/web\/wp-json\/wp\/v2\/types\/post"}],"author":[{"embeddable":true,"href":"https:\/\/temucotelevision.cl\/web\/wp-json\/wp\/v2\/users\/1"}],"replies":[{"embeddable":true,"href":"https:\/\/temucotelevision.cl\/web\/wp-json\/wp\/v2\/comments?post=53601"}],"version-history":[{"count":1,"href":"https:\/\/temucotelevision.cl\/web\/wp-json\/wp\/v2\/posts\/53601\/revisions"}],"predecessor-version":[{"id":53603,"href":"https:\/\/temucotelevision.cl\/web\/wp-json\/wp\/v2\/posts\/53601\/revisions\/53603"}],"wp:featuredmedia":[{"embeddable":true,"href":"https:\/\/temucotelevision.cl\/web\/wp-json\/wp\/v2\/media\/53606"}],"wp:attachment":[{"href":"https:\/\/temucotelevision.cl\/web\/wp-json\/wp\/v2\/media?parent=53601"}],"wp:term":[{"taxonomy":"category","embeddable":true,"href":"https:\/\/temucotelevision.cl\/web\/wp-json\/wp\/v2\/categories?post=53601"},{"taxonomy":"post_tag","embeddable":true,"href":"https:\/\/temucotelevision.cl\/web\/wp-json\/wp\/v2\/tags?post=53601"}],"curies":[{"name":"wp","href":"https:\/\/api.w.org\/{rel}","templated":true}]}}