{"id":53585,"date":"2024-11-13T13:55:00","date_gmt":"2024-11-13T16:55:00","guid":{"rendered":"https:\/\/temucotelevision.cl\/web\/?p=53585"},"modified":"2024-11-13T13:55:01","modified_gmt":"2024-11-13T16:55:01","slug":"caburgua-impulsa-el-turismo-con-mejoras-en-playa-negra","status":"publish","type":"post","link":"https:\/\/temucotelevision.cl\/web\/2024\/11\/13\/caburgua-impulsa-el-turismo-con-mejoras-en-playa-negra\/","title":{"rendered":"Caburgua impulsa el turismo con mejoras en Playa Negra"},"content":{"rendered":"<div class=\"pvc_clear\"><\/div><p id=\"pvc_stats_53585\" class=\"pvc_stats total_only  \" data-element-id=\"53585\" style=\"\"><i class=\"pvc-stats-icon large\" aria-hidden=\"true\"><svg aria-hidden=\"true\" focusable=\"false\" data-prefix=\"far\" data-icon=\"chart-bar\" role=\"img\" xmlns=\"http:\/\/www.w3.org\/2000\/svg\" viewBox=\"0 0 512 512\" class=\"svg-inline--fa fa-chart-bar fa-w-16 fa-2x\"><path fill=\"currentColor\" d=\"M396.8 352h22.4c6.4 0 12.8-6.4 12.8-12.8V108.8c0-6.4-6.4-12.8-12.8-12.8h-22.4c-6.4 0-12.8 6.4-12.8 12.8v230.4c0 6.4 6.4 12.8 12.8 12.8zm-192 0h22.4c6.4 0 12.8-6.4 12.8-12.8V140.8c0-6.4-6.4-12.8-12.8-12.8h-22.4c-6.4 0-12.8 6.4-12.8 12.8v198.4c0 6.4 6.4 12.8 12.8 12.8zm96 0h22.4c6.4 0 12.8-6.4 12.8-12.8V204.8c0-6.4-6.4-12.8-12.8-12.8h-22.4c-6.4 0-12.8 6.4-12.8 12.8v134.4c0 6.4 6.4 12.8 12.8 12.8zM496 400H48V80c0-8.84-7.16-16-16-16H16C7.16 64 0 71.16 0 80v336c0 17.67 14.33 32 32 32h464c8.84 0 16-7.16 16-16v-16c0-8.84-7.16-16-16-16zm-387.2-48h22.4c6.4 0 12.8-6.4 12.8-12.8v-70.4c0-6.4-6.4-12.8-12.8-12.8h-22.4c-6.4 0-12.8 6.4-12.8 12.8v70.4c0 6.4 6.4 12.8 12.8 12.8z\" class=\"\"><\/path><\/svg><\/i> <img loading=\"lazy\" decoding=\"async\" width=\"16\" height=\"16\" alt=\"Loading\" src=\"https:\/\/temucotelevision.cl\/web\/wp-content\/plugins\/page-views-count\/ajax-loader-2x.gif\" border=0 \/><\/p><div class=\"pvc_clear\"><\/div>\n<p>Este martes se inaugur\u00f3 el importante mejoramiento del acceso al sector Playa Negra en la localidad de Caburgua, Puc\u00f3n, en una ceremonia que marc\u00f3 la conclusi\u00f3n de una obra clave para el turismo local y el bienestar de la comunidad.<\/p>\n\n\n\n<p>Este proyecto, financiado \u00edntegramente por la Municipalidad de Puc\u00f3n con una inversi\u00f3n de 103 millones de pesos, ha pavimentado 220 metros de calzada en adocreto, otorgando una&nbsp;<a><\/a>renovada imagen a este destacado balneario que cada a\u00f1o recibe miles de turistas nacionales e internacionales.<\/p>\n\n\n\n<p>El alcalde de Puc\u00f3n, Carlos Barra, en sus \u00faltimas actividades como l\u00edder de la comuna, celebr\u00f3 el cumplimiento de este compromiso municipal adquirido bajo su gesti\u00f3n: \u201cEste era nuestro compromiso, hoy vemos que es realidad y es lo que ten\u00edamos que hacer con recursos propios del municipio, por lo que estoy contento de palmar el orgullo que sienten los vecinos y lo que va a generar en el turismo local&#8221;.<\/p>\n\n\n\n<p>Marisol Sep\u00falveda, presidenta de la Junta de Vecinas de Caburgua Bajo, expres\u00f3 su agradecimiento al alcalde Barra: \u201cEsto nos cambia la vida, tanto a locatarios como residentes, nos permite impulsar el turismo y es un gran proyecto para toda nuestra gente por lo que hay que agradecer al alcalde por impulsar esta gesti\u00f3n\u201d.<\/p>\n\n\n\n<p>Iv\u00e1n Vega, representante de la C\u00e1mara de Comercio y Turismo de Caburgua, tambi\u00e9n valor\u00f3 la obra, subrayando el crecimiento que ha tenido Caburgua en los \u00faltimos a\u00f1os: \u201cEs una obra valiosa para nuestra comunidad, mejora la presentaci\u00f3n del ingreso a esta linda zona que ha crecido much\u00edsimo despu\u00e9s de la pandemia y el estallido social, este mejoramiento era muy necesario y nos permite seguir creciendo como sector\u201d.<\/p>\n\n\n\n<p>La ceremonia cont\u00f3 con la participaci\u00f3n de los concejales Cristian Hern\u00e1ndez y Claudio Cort\u00e9z, representantes de organizaciones locales, adultos mayores, clubes deportivos, juntas de vecinos e invitados especiales. La actividad estuvo amenizada por presentaciones art\u00edsticas, entre las que destacaron las interpretaciones de cueca a cargo de estudiantes de la Escuela Carileufu, la Agrupaci\u00f3n Entre Huasos y Consentidas, y el grupo de Gimnasia R\u00edtmica de Carileufu.<\/p>\n\n\n\n<figure class=\"wp-block-image size-full\"><img loading=\"lazy\" decoding=\"async\" width=\"960\" height=\"720\" src=\"https:\/\/temucotelevision.cl\/web\/wp-content\/uploads\/2024\/11\/466673752_959444142882284_8209751856448856720_n.jpg\" alt=\"\" class=\"wp-image-53587\" srcset=\"https:\/\/temucotelevision.cl\/web\/wp-content\/uploads\/2024\/11\/466673752_959444142882284_8209751856448856720_n.jpg 960w, https:\/\/temucotelevision.cl\/web\/wp-content\/uploads\/2024\/11\/466673752_959444142882284_8209751856448856720_n-768x576.jpg 768w\" sizes=\"auto, (max-width: 960px) 100vw, 960px\" \/><\/figure>\n","protected":false},"excerpt":{"rendered":"<div class=\"pvc_clear\"><\/div>\n<p id=\"pvc_stats_53585\" class=\"pvc_stats total_only  \" data-element-id=\"53585\" style=\"\"><i class=\"pvc-stats-icon large\" aria-hidden=\"true\"><svg aria-hidden=\"true\" focusable=\"false\" data-prefix=\"far\" data-icon=\"chart-bar\" role=\"img\" xmlns=\"http:\/\/www.w3.org\/2000\/svg\" viewBox=\"0 0 512 512\" class=\"svg-inline--fa fa-chart-bar fa-w-16 fa-2x\"><path fill=\"currentColor\" d=\"M396.8 352h22.4c6.4 0 12.8-6.4 12.8-12.8V108.8c0-6.4-6.4-12.8-12.8-12.8h-22.4c-6.4 0-12.8 6.4-12.8 12.8v230.4c0 6.4 6.4 12.8 12.8 12.8zm-192 0h22.4c6.4 0 12.8-6.4 12.8-12.8V140.8c0-6.4-6.4-12.8-12.8-12.8h-22.4c-6.4 0-12.8 6.4-12.8 12.8v198.4c0 6.4 6.4 12.8 12.8 12.8zm96 0h22.4c6.4 0 12.8-6.4 12.8-12.8V204.8c0-6.4-6.4-12.8-12.8-12.8h-22.4c-6.4 0-12.8 6.4-12.8 12.8v134.4c0 6.4 6.4 12.8 12.8 12.8zM496 400H48V80c0-8.84-7.16-16-16-16H16C7.16 64 0 71.16 0 80v336c0 17.67 14.33 32 32 32h464c8.84 0 16-7.16 16-16v-16c0-8.84-7.16-16-16-16zm-387.2-48h22.4c6.4 0 12.8-6.4 12.8-12.8v-70.4c0-6.4-6.4-12.8-12.8-12.8h-22.4c-6.4 0-12.8 6.4-12.8 12.8v70.4c0 6.4 6.4 12.8 12.8 12.8z\" class=\"\"><\/path><\/svg><\/i> <img loading=\"lazy\" decoding=\"async\" width=\"16\" height=\"16\" alt=\"Loading\" src=\"https:\/\/temucotelevision.cl\/web\/wp-content\/plugins\/page-views-count\/ajax-loader-2x.gif\" border=0 \/><\/p>\n<div class=\"pvc_clear\"><\/div>\n<p>Este martes se inaugur\u00f3 el importante mejoramiento del acceso al sector Playa Negra en la localidad de Caburgua, Puc\u00f3n, en<\/p>\n","protected":false},"author":1,"featured_media":53586,"comment_status":"open","ping_status":"open","sticky":false,"template":"","format":"standard","meta":{"colormag_page_container_layout":"default_layout","colormag_page_sidebar_layout":"default_layout","footnotes":""},"categories":[15],"tags":[502],"class_list":["post-53585","post","type-post","status-publish","format-standard","has-post-thumbnail","hentry","category-la-araucania","tag-lago"],"a3_pvc":{"activated":true,"total_views":3274,"today_views":0},"_links":{"self":[{"href":"https:\/\/temucotelevision.cl\/web\/wp-json\/wp\/v2\/posts\/53585","targetHints":{"allow":["GET"]}}],"collection":[{"href":"https:\/\/temucotelevision.cl\/web\/wp-json\/wp\/v2\/posts"}],"about":[{"href":"https:\/\/temucotelevision.cl\/web\/wp-json\/wp\/v2\/types\/post"}],"author":[{"embeddable":true,"href":"https:\/\/temucotelevision.cl\/web\/wp-json\/wp\/v2\/users\/1"}],"replies":[{"embeddable":true,"href":"https:\/\/temucotelevision.cl\/web\/wp-json\/wp\/v2\/comments?post=53585"}],"version-history":[{"count":1,"href":"https:\/\/temucotelevision.cl\/web\/wp-json\/wp\/v2\/posts\/53585\/revisions"}],"predecessor-version":[{"id":53588,"href":"https:\/\/temucotelevision.cl\/web\/wp-json\/wp\/v2\/posts\/53585\/revisions\/53588"}],"wp:featuredmedia":[{"embeddable":true,"href":"https:\/\/temucotelevision.cl\/web\/wp-json\/wp\/v2\/media\/53586"}],"wp:attachment":[{"href":"https:\/\/temucotelevision.cl\/web\/wp-json\/wp\/v2\/media?parent=53585"}],"wp:term":[{"taxonomy":"category","embeddable":true,"href":"https:\/\/temucotelevision.cl\/web\/wp-json\/wp\/v2\/categories?post=53585"},{"taxonomy":"post_tag","embeddable":true,"href":"https:\/\/temucotelevision.cl\/web\/wp-json\/wp\/v2\/tags?post=53585"}],"curies":[{"name":"wp","href":"https:\/\/api.w.org\/{rel}","templated":true}]}}