{"id":53581,"date":"2024-11-13T13:31:33","date_gmt":"2024-11-13T16:31:33","guid":{"rendered":"https:\/\/temucotelevision.cl\/web\/?p=53581"},"modified":"2024-11-13T13:31:33","modified_gmt":"2024-11-13T16:31:33","slug":"denuncian-mala-administracion-10-mil-millones-del-royalty-sin-ejecutar","status":"publish","type":"post","link":"https:\/\/temucotelevision.cl\/web\/2024\/11\/13\/denuncian-mala-administracion-10-mil-millones-del-royalty-sin-ejecutar\/","title":{"rendered":"Denuncian mala administraci\u00f3n: $10 Mil Millones del Royalty sin ejecutar"},"content":{"rendered":"<div class=\"pvc_clear\"><\/div><p id=\"pvc_stats_53581\" class=\"pvc_stats total_only  \" data-element-id=\"53581\" style=\"\"><i class=\"pvc-stats-icon large\" aria-hidden=\"true\"><svg aria-hidden=\"true\" focusable=\"false\" data-prefix=\"far\" data-icon=\"chart-bar\" role=\"img\" xmlns=\"http:\/\/www.w3.org\/2000\/svg\" viewBox=\"0 0 512 512\" class=\"svg-inline--fa fa-chart-bar fa-w-16 fa-2x\"><path fill=\"currentColor\" d=\"M396.8 352h22.4c6.4 0 12.8-6.4 12.8-12.8V108.8c0-6.4-6.4-12.8-12.8-12.8h-22.4c-6.4 0-12.8 6.4-12.8 12.8v230.4c0 6.4 6.4 12.8 12.8 12.8zm-192 0h22.4c6.4 0 12.8-6.4 12.8-12.8V140.8c0-6.4-6.4-12.8-12.8-12.8h-22.4c-6.4 0-12.8 6.4-12.8 12.8v198.4c0 6.4 6.4 12.8 12.8 12.8zm96 0h22.4c6.4 0 12.8-6.4 12.8-12.8V204.8c0-6.4-6.4-12.8-12.8-12.8h-22.4c-6.4 0-12.8 6.4-12.8 12.8v134.4c0 6.4 6.4 12.8 12.8 12.8zM496 400H48V80c0-8.84-7.16-16-16-16H16C7.16 64 0 71.16 0 80v336c0 17.67 14.33 32 32 32h464c8.84 0 16-7.16 16-16v-16c0-8.84-7.16-16-16-16zm-387.2-48h22.4c6.4 0 12.8-6.4 12.8-12.8v-70.4c0-6.4-6.4-12.8-12.8-12.8h-22.4c-6.4 0-12.8 6.4-12.8 12.8v70.4c0 6.4 6.4 12.8 12.8 12.8z\" class=\"\"><\/path><\/svg><\/i> <img loading=\"lazy\" decoding=\"async\" width=\"16\" height=\"16\" alt=\"Loading\" src=\"https:\/\/temucotelevision.cl\/web\/wp-content\/plugins\/page-views-count\/ajax-loader-2x.gif\" border=0 \/><\/p><div class=\"pvc_clear\"><\/div>\n<p><strong><em>Ex-Core Daniel Sandoval adem\u00e1s inform\u00f3 que al 30 de septiembre la ejecuci\u00f3n del FNDR en La Araucan\u00eda alcanza s\u00f3lo un 44%, esto seg\u00fan lo reportado por la Subdere en su plataforma digital.<\/em><\/strong><\/p>\n\n\n\n<p>El ex \u2013 Consejero Regional Daniel Sandoval junto a la Concejala de Cholchol Alejandra Mellico denunciaron esta ma\u00f1ana la no ejecuci\u00f3n de m\u00e1s de 10 mil millones de pesos asignados a la regi\u00f3n gracias a la ley del royalty minero y la baja ejecuci\u00f3n presupuestaria del FNDR en la regi\u00f3n que alcanza al 30 de septiembre solo un 44% a un mes y medio del cierre de a\u00f1o 2024.<\/p>\n\n\n\n<p>El periodista y militante regionalista verde, sostuvo que toda esta informaci\u00f3n est\u00e1 en las plataformas digitales de la Subdere, Dipres y Chileindica. \u201cEstas cifras vienen a mostrar un grave problema de administraci\u00f3n y ejecuci\u00f3n de los recursos p\u00fablicos asignados al Gobierno Regional, en una de las regiones m\u00e1s rezagadas del pa\u00eds, afectando con ello a municipios, territorios y sus entidad p\u00fablicas y privadas que tienen grandes ideas y que buscan emprender en materias de innovaci\u00f3n, emprendimiento y fomento productivo\u201d, coment\u00f3 el ex core.<\/p>\n\n\n\n<p>Daniel Sandoval y Alejandra Mellico detallaron que \u201ceste fondo del royalty minero ley N\u00b0 21.591, se denomina, Ley Fondo Regional para La Productividad y el Desarrollo, el cual debi\u00f3 contar con una convocatoria abierta para concursar estos fondos, as\u00ed como lo ha hecho la gran mayor\u00eda de los gobiernos regionales del pa\u00eds, que han financiado proyectos, planes y programas en investigaci\u00f3n, tecnolog\u00eda, emprendimiento, innovaci\u00f3n y actividades productivas en los territorios.<\/p>\n\n\n\n<p>En tanto, la concejala Mellico de Cholchol, recrimina esta lamentable situaci\u00f3n. \u201cNuestra comuna es la m\u00e1s pobre, tenemos muchas cooperativas y emprendedores de la peque\u00f1a agricultura familiar campesina que esperan por un apoyo del Estado para avanzar en sus iniciativas, pero ac\u00e1 vemos que una vez m\u00e1s una mala administraci\u00f3n en la inversi\u00f3n afecta directamente en los indicadores de la regi\u00f3n y de nuestra comuna que tanto necesita\u201d.<\/p>\n\n\n\n<p>Por \u00faltimo, denunciaron que existe adem\u00e1s el incumplimiento aun de la implementaci\u00f3n de lo que exige la ley de gobiernos regionales y descentralizaci\u00f3n respecto al&nbsp;<strong>art\u00edculo 68 que establece que el Gore contar\u00e1 con una unidad de control<\/strong>, la que realizar\u00e1 la auditor\u00eda operativa interna del gobierno regional, con el objeto de fiscalizar la legalidad de sus actuaciones y controlar su ejecuci\u00f3n financiera y presupuestaria. Esta unidad depender\u00e1 del gobernador regional y colaborar\u00e1 directamente con el consejo regional en su funci\u00f3n de fiscalizaci\u00f3n.<\/p>\n\n\n\n<figure class=\"wp-block-image size-large\"><img loading=\"lazy\" decoding=\"async\" width=\"1000\" height=\"683\" src=\"https:\/\/temucotelevision.cl\/web\/wp-content\/uploads\/2024\/11\/fondo-productividad-y-desarrollo-gore-araucania-1000x683.png\" alt=\"\" class=\"wp-image-53583\" srcset=\"https:\/\/temucotelevision.cl\/web\/wp-content\/uploads\/2024\/11\/fondo-productividad-y-desarrollo-gore-araucania-1000x683.png 1000w, https:\/\/temucotelevision.cl\/web\/wp-content\/uploads\/2024\/11\/fondo-productividad-y-desarrollo-gore-araucania-768x524.png 768w, https:\/\/temucotelevision.cl\/web\/wp-content\/uploads\/2024\/11\/fondo-productividad-y-desarrollo-gore-araucania-130x90.png 130w, https:\/\/temucotelevision.cl\/web\/wp-content\/uploads\/2024\/11\/fondo-productividad-y-desarrollo-gore-araucania.png 1043w\" sizes=\"auto, (max-width: 1000px) 100vw, 1000px\" \/><\/figure>\n","protected":false},"excerpt":{"rendered":"<div class=\"pvc_clear\"><\/div>\n<p id=\"pvc_stats_53581\" class=\"pvc_stats total_only  \" data-element-id=\"53581\" style=\"\"><i class=\"pvc-stats-icon large\" aria-hidden=\"true\"><svg aria-hidden=\"true\" focusable=\"false\" data-prefix=\"far\" data-icon=\"chart-bar\" role=\"img\" xmlns=\"http:\/\/www.w3.org\/2000\/svg\" viewBox=\"0 0 512 512\" class=\"svg-inline--fa fa-chart-bar fa-w-16 fa-2x\"><path fill=\"currentColor\" d=\"M396.8 352h22.4c6.4 0 12.8-6.4 12.8-12.8V108.8c0-6.4-6.4-12.8-12.8-12.8h-22.4c-6.4 0-12.8 6.4-12.8 12.8v230.4c0 6.4 6.4 12.8 12.8 12.8zm-192 0h22.4c6.4 0 12.8-6.4 12.8-12.8V140.8c0-6.4-6.4-12.8-12.8-12.8h-22.4c-6.4 0-12.8 6.4-12.8 12.8v198.4c0 6.4 6.4 12.8 12.8 12.8zm96 0h22.4c6.4 0 12.8-6.4 12.8-12.8V204.8c0-6.4-6.4-12.8-12.8-12.8h-22.4c-6.4 0-12.8 6.4-12.8 12.8v134.4c0 6.4 6.4 12.8 12.8 12.8zM496 400H48V80c0-8.84-7.16-16-16-16H16C7.16 64 0 71.16 0 80v336c0 17.67 14.33 32 32 32h464c8.84 0 16-7.16 16-16v-16c0-8.84-7.16-16-16-16zm-387.2-48h22.4c6.4 0 12.8-6.4 12.8-12.8v-70.4c0-6.4-6.4-12.8-12.8-12.8h-22.4c-6.4 0-12.8 6.4-12.8 12.8v70.4c0 6.4 6.4 12.8 12.8 12.8z\" class=\"\"><\/path><\/svg><\/i> <img loading=\"lazy\" decoding=\"async\" width=\"16\" height=\"16\" alt=\"Loading\" src=\"https:\/\/temucotelevision.cl\/web\/wp-content\/plugins\/page-views-count\/ajax-loader-2x.gif\" border=0 \/><\/p>\n<div class=\"pvc_clear\"><\/div>\n<p>Ex-Core Daniel Sandoval adem\u00e1s inform\u00f3 que al 30 de septiembre la ejecuci\u00f3n del FNDR en La Araucan\u00eda alcanza s\u00f3lo un<\/p>\n","protected":false},"author":1,"featured_media":53582,"comment_status":"open","ping_status":"open","sticky":false,"template":"","format":"standard","meta":{"colormag_page_container_layout":"default_layout","colormag_page_sidebar_layout":"default_layout","footnotes":""},"categories":[84],"tags":[1620],"class_list":["post-53581","post","type-post","status-publish","format-standard","has-post-thumbnail","hentry","category-politica","tag-fondos"],"a3_pvc":{"activated":true,"total_views":2847,"today_views":0},"_links":{"self":[{"href":"https:\/\/temucotelevision.cl\/web\/wp-json\/wp\/v2\/posts\/53581","targetHints":{"allow":["GET"]}}],"collection":[{"href":"https:\/\/temucotelevision.cl\/web\/wp-json\/wp\/v2\/posts"}],"about":[{"href":"https:\/\/temucotelevision.cl\/web\/wp-json\/wp\/v2\/types\/post"}],"author":[{"embeddable":true,"href":"https:\/\/temucotelevision.cl\/web\/wp-json\/wp\/v2\/users\/1"}],"replies":[{"embeddable":true,"href":"https:\/\/temucotelevision.cl\/web\/wp-json\/wp\/v2\/comments?post=53581"}],"version-history":[{"count":1,"href":"https:\/\/temucotelevision.cl\/web\/wp-json\/wp\/v2\/posts\/53581\/revisions"}],"predecessor-version":[{"id":53584,"href":"https:\/\/temucotelevision.cl\/web\/wp-json\/wp\/v2\/posts\/53581\/revisions\/53584"}],"wp:featuredmedia":[{"embeddable":true,"href":"https:\/\/temucotelevision.cl\/web\/wp-json\/wp\/v2\/media\/53582"}],"wp:attachment":[{"href":"https:\/\/temucotelevision.cl\/web\/wp-json\/wp\/v2\/media?parent=53581"}],"wp:term":[{"taxonomy":"category","embeddable":true,"href":"https:\/\/temucotelevision.cl\/web\/wp-json\/wp\/v2\/categories?post=53581"},{"taxonomy":"post_tag","embeddable":true,"href":"https:\/\/temucotelevision.cl\/web\/wp-json\/wp\/v2\/tags?post=53581"}],"curies":[{"name":"wp","href":"https:\/\/api.w.org\/{rel}","templated":true}]}}