{"id":53579,"date":"2024-11-13T13:26:34","date_gmt":"2024-11-13T16:26:34","guid":{"rendered":"https:\/\/temucotelevision.cl\/web\/?p=53579"},"modified":"2024-11-13T13:26:35","modified_gmt":"2024-11-13T16:26:35","slug":"bancada-democratas-pidio-reducir-los-gastos-reservados-de-la-subsecretaria-del-interior-a-mil-pesos","status":"publish","type":"post","link":"https:\/\/temucotelevision.cl\/web\/2024\/11\/13\/bancada-democratas-pidio-reducir-los-gastos-reservados-de-la-subsecretaria-del-interior-a-mil-pesos\/","title":{"rendered":"Bancada Dem\u00f3cratas pidi\u00f3 reducir los gastos reservados de la Subsecretar\u00eda del Interior a mil pesos"},"content":{"rendered":"<div class=\"pvc_clear\"><\/div><p id=\"pvc_stats_53579\" class=\"pvc_stats total_only  \" data-element-id=\"53579\" style=\"\"><i class=\"pvc-stats-icon large\" aria-hidden=\"true\"><svg aria-hidden=\"true\" focusable=\"false\" data-prefix=\"far\" data-icon=\"chart-bar\" role=\"img\" xmlns=\"http:\/\/www.w3.org\/2000\/svg\" viewBox=\"0 0 512 512\" class=\"svg-inline--fa fa-chart-bar fa-w-16 fa-2x\"><path fill=\"currentColor\" d=\"M396.8 352h22.4c6.4 0 12.8-6.4 12.8-12.8V108.8c0-6.4-6.4-12.8-12.8-12.8h-22.4c-6.4 0-12.8 6.4-12.8 12.8v230.4c0 6.4 6.4 12.8 12.8 12.8zm-192 0h22.4c6.4 0 12.8-6.4 12.8-12.8V140.8c0-6.4-6.4-12.8-12.8-12.8h-22.4c-6.4 0-12.8 6.4-12.8 12.8v198.4c0 6.4 6.4 12.8 12.8 12.8zm96 0h22.4c6.4 0 12.8-6.4 12.8-12.8V204.8c0-6.4-6.4-12.8-12.8-12.8h-22.4c-6.4 0-12.8 6.4-12.8 12.8v134.4c0 6.4 6.4 12.8 12.8 12.8zM496 400H48V80c0-8.84-7.16-16-16-16H16C7.16 64 0 71.16 0 80v336c0 17.67 14.33 32 32 32h464c8.84 0 16-7.16 16-16v-16c0-8.84-7.16-16-16-16zm-387.2-48h22.4c6.4 0 12.8-6.4 12.8-12.8v-70.4c0-6.4-6.4-12.8-12.8-12.8h-22.4c-6.4 0-12.8 6.4-12.8 12.8v70.4c0 6.4 6.4 12.8 12.8 12.8z\" class=\"\"><\/path><\/svg><\/i> <img loading=\"lazy\" decoding=\"async\" width=\"16\" height=\"16\" alt=\"Loading\" src=\"https:\/\/temucotelevision.cl\/web\/wp-content\/plugins\/page-views-count\/ajax-loader-2x.gif\" border=0 \/><\/p><div class=\"pvc_clear\"><\/div>\n<p><em>Los parlamentarios buscan que el gobierno transparente el uso de los gastos reservados de dicha subsecretar\u00eda, en el marco de la investigaci\u00f3n en curso por el caso Monsalve.<\/em><\/p>\n\n\n\n<p>A ra\u00edz de la investigaci\u00f3n que lleva a cabo el gobierno sobre el caso Monsalve, en la que se indaga el posible mal uso de los gastos reservados por parte del ex subsecretario del Interior, los parlamentarios de la bancada Dem\u00f3cratas han solicitado en el proyecto de ley de presupuesto para 2025 una dr\u00e1stica reducci\u00f3n de dichos gastos a mil pesos. Esta medida busca que el Ejecutivo justifique ante la C\u00e1mara de Diputados el uso de una asignaci\u00f3n que supera los 500 millones de pesos.<\/p>\n\n\n\n<p>\u201cLo sucedido con el ex subsecretario Monsalve es realmente preocupante y vergonzoso. Por eso, hemos decidido solicitar la reducci\u00f3n del presupuesto destinado a los gastos reservados de esta cartera. Si se comprueba que estos recursos fueron utilizados para obstruir la justicia o mal uso de ellos, no lo vamos a aceptar. Exigimos al Ejecutivo que investigue este hecho y, adem\u00e1s, nos explique la justificaci\u00f3n de un gasto de tal magnitud\u201d, afirm\u00f3 la diputada y jefa de la bancada Dem\u00f3cratas, Joanna P\u00e9rez.<\/p>\n\n\n\n<p>Por su parte, la diputada Erika Olivera agreg\u00f3: \u201cNo podemos permitir el mal uso de los recursos p\u00fablicos en actividades contrarias a la ley o ajenas a las funciones propias de los subsecretarios. Por eso, como bancada Dem\u00f3cratas, hemos decidido reducir los gastos reservados de esta subsecretar\u00eda a mil pesos. No toleraremos que la falta de transparencia en el manejo de estos recursos avale posibles actos inmorales por parte de una autoridad\u201d.<\/p>\n\n\n\n<p>Finalmente, el diputado Miguel \u00c1ngel Calisto sentenci\u00f3: \u201cSi el Congreso Nacional aprueba la asignaci\u00f3n de recursos para los diferentes poderes del Estado, su uso debe ser lo m\u00e1s transparente posible. Si se confirma que hubo un mal uso de los gastos reservados por parte del ex subsecretario Monsalve, estos deben ser reducidos, porque es urgente transparentar para qu\u00e9 se destinan estos recursos p\u00fablicos, que son dineros de todos los chilenos y chilenas\u201d.<\/p>\n","protected":false},"excerpt":{"rendered":"<div class=\"pvc_clear\"><\/div>\n<p id=\"pvc_stats_53579\" class=\"pvc_stats total_only  \" data-element-id=\"53579\" style=\"\"><i class=\"pvc-stats-icon large\" aria-hidden=\"true\"><svg aria-hidden=\"true\" focusable=\"false\" data-prefix=\"far\" data-icon=\"chart-bar\" role=\"img\" xmlns=\"http:\/\/www.w3.org\/2000\/svg\" viewBox=\"0 0 512 512\" class=\"svg-inline--fa fa-chart-bar fa-w-16 fa-2x\"><path fill=\"currentColor\" d=\"M396.8 352h22.4c6.4 0 12.8-6.4 12.8-12.8V108.8c0-6.4-6.4-12.8-12.8-12.8h-22.4c-6.4 0-12.8 6.4-12.8 12.8v230.4c0 6.4 6.4 12.8 12.8 12.8zm-192 0h22.4c6.4 0 12.8-6.4 12.8-12.8V140.8c0-6.4-6.4-12.8-12.8-12.8h-22.4c-6.4 0-12.8 6.4-12.8 12.8v198.4c0 6.4 6.4 12.8 12.8 12.8zm96 0h22.4c6.4 0 12.8-6.4 12.8-12.8V204.8c0-6.4-6.4-12.8-12.8-12.8h-22.4c-6.4 0-12.8 6.4-12.8 12.8v134.4c0 6.4 6.4 12.8 12.8 12.8zM496 400H48V80c0-8.84-7.16-16-16-16H16C7.16 64 0 71.16 0 80v336c0 17.67 14.33 32 32 32h464c8.84 0 16-7.16 16-16v-16c0-8.84-7.16-16-16-16zm-387.2-48h22.4c6.4 0 12.8-6.4 12.8-12.8v-70.4c0-6.4-6.4-12.8-12.8-12.8h-22.4c-6.4 0-12.8 6.4-12.8 12.8v70.4c0 6.4 6.4 12.8 12.8 12.8z\" class=\"\"><\/path><\/svg><\/i> <img loading=\"lazy\" decoding=\"async\" width=\"16\" height=\"16\" alt=\"Loading\" src=\"https:\/\/temucotelevision.cl\/web\/wp-content\/plugins\/page-views-count\/ajax-loader-2x.gif\" border=0 \/><\/p>\n<div class=\"pvc_clear\"><\/div>\n<p>Los parlamentarios buscan que el gobierno transparente el uso de los gastos reservados de dicha subsecretar\u00eda, en el marco de<\/p>\n","protected":false},"author":1,"featured_media":53068,"comment_status":"open","ping_status":"open","sticky":false,"template":"","format":"standard","meta":{"colormag_page_container_layout":"default_layout","colormag_page_sidebar_layout":"default_layout","footnotes":""},"categories":[84],"tags":[1277],"class_list":["post-53579","post","type-post","status-publish","format-standard","has-post-thumbnail","hentry","category-politica","tag-bancada"],"a3_pvc":{"activated":true,"total_views":844,"today_views":0},"_links":{"self":[{"href":"https:\/\/temucotelevision.cl\/web\/wp-json\/wp\/v2\/posts\/53579","targetHints":{"allow":["GET"]}}],"collection":[{"href":"https:\/\/temucotelevision.cl\/web\/wp-json\/wp\/v2\/posts"}],"about":[{"href":"https:\/\/temucotelevision.cl\/web\/wp-json\/wp\/v2\/types\/post"}],"author":[{"embeddable":true,"href":"https:\/\/temucotelevision.cl\/web\/wp-json\/wp\/v2\/users\/1"}],"replies":[{"embeddable":true,"href":"https:\/\/temucotelevision.cl\/web\/wp-json\/wp\/v2\/comments?post=53579"}],"version-history":[{"count":1,"href":"https:\/\/temucotelevision.cl\/web\/wp-json\/wp\/v2\/posts\/53579\/revisions"}],"predecessor-version":[{"id":53580,"href":"https:\/\/temucotelevision.cl\/web\/wp-json\/wp\/v2\/posts\/53579\/revisions\/53580"}],"wp:featuredmedia":[{"embeddable":true,"href":"https:\/\/temucotelevision.cl\/web\/wp-json\/wp\/v2\/media\/53068"}],"wp:attachment":[{"href":"https:\/\/temucotelevision.cl\/web\/wp-json\/wp\/v2\/media?parent=53579"}],"wp:term":[{"taxonomy":"category","embeddable":true,"href":"https:\/\/temucotelevision.cl\/web\/wp-json\/wp\/v2\/categories?post=53579"},{"taxonomy":"post_tag","embeddable":true,"href":"https:\/\/temucotelevision.cl\/web\/wp-json\/wp\/v2\/tags?post=53579"}],"curies":[{"name":"wp","href":"https:\/\/api.w.org\/{rel}","templated":true}]}}