{"id":53568,"date":"2024-11-12T14:28:31","date_gmt":"2024-11-12T17:28:31","guid":{"rendered":"https:\/\/temucotelevision.cl\/web\/?p=53568"},"modified":"2024-11-12T14:28:32","modified_gmt":"2024-11-12T17:28:32","slug":"periodistas-y-guias-internacionales-descubren-los-tesoros-de-la-region-en-araucania-travel-fest","status":"publish","type":"post","link":"https:\/\/temucotelevision.cl\/web\/2024\/11\/12\/periodistas-y-guias-internacionales-descubren-los-tesoros-de-la-region-en-araucania-travel-fest\/","title":{"rendered":"Periodistas y gu\u00edas internacionales descubren los tesoros de la regi\u00f3n en Araucan\u00eda Travel Fest"},"content":{"rendered":"<div class=\"pvc_clear\"><\/div><p id=\"pvc_stats_53568\" class=\"pvc_stats total_only  \" data-element-id=\"53568\" style=\"\"><i class=\"pvc-stats-icon large\" aria-hidden=\"true\"><svg aria-hidden=\"true\" focusable=\"false\" data-prefix=\"far\" data-icon=\"chart-bar\" role=\"img\" xmlns=\"http:\/\/www.w3.org\/2000\/svg\" viewBox=\"0 0 512 512\" class=\"svg-inline--fa fa-chart-bar fa-w-16 fa-2x\"><path fill=\"currentColor\" d=\"M396.8 352h22.4c6.4 0 12.8-6.4 12.8-12.8V108.8c0-6.4-6.4-12.8-12.8-12.8h-22.4c-6.4 0-12.8 6.4-12.8 12.8v230.4c0 6.4 6.4 12.8 12.8 12.8zm-192 0h22.4c6.4 0 12.8-6.4 12.8-12.8V140.8c0-6.4-6.4-12.8-12.8-12.8h-22.4c-6.4 0-12.8 6.4-12.8 12.8v198.4c0 6.4 6.4 12.8 12.8 12.8zm96 0h22.4c6.4 0 12.8-6.4 12.8-12.8V204.8c0-6.4-6.4-12.8-12.8-12.8h-22.4c-6.4 0-12.8 6.4-12.8 12.8v134.4c0 6.4 6.4 12.8 12.8 12.8zM496 400H48V80c0-8.84-7.16-16-16-16H16C7.16 64 0 71.16 0 80v336c0 17.67 14.33 32 32 32h464c8.84 0 16-7.16 16-16v-16c0-8.84-7.16-16-16-16zm-387.2-48h22.4c6.4 0 12.8-6.4 12.8-12.8v-70.4c0-6.4-6.4-12.8-12.8-12.8h-22.4c-6.4 0-12.8 6.4-12.8 12.8v70.4c0 6.4 6.4 12.8 12.8 12.8z\" class=\"\"><\/path><\/svg><\/i> <img loading=\"lazy\" decoding=\"async\" width=\"16\" height=\"16\" alt=\"Loading\" src=\"https:\/\/temucotelevision.cl\/web\/wp-content\/plugins\/page-views-count\/ajax-loader-2x.gif\" border=0 \/><\/p><div class=\"pvc_clear\"><\/div>\n<p><em>Delegaci\u00f3n internacional ya est\u00e1 recorriendo la zona costera y cordillerana de la Regi\u00f3n.<\/em><\/p>\n\n\n\n<p>Operadores tur\u00edsticos de distintos pa\u00edses del mundo y periodistas internacionales especializados en viajes ya est\u00e1n recorriendo la Regi\u00f3n de La Araucan\u00eda, en el contexto de la primera &#8220;Cumbre Internacional de Turismo de Aventura y Naturaleza&#8221;.<\/p>\n\n\n\n<p>Se trata de una delegaci\u00f3n de numerosos gu\u00edas tur\u00edsticos, tour operadores y prensa especializada de viajes que lleg\u00f3 a la regi\u00f3n para participar del &#8220;Araucan\u00eda Travel Fest&#8221;, un proyecto viraliza de Corfo, ejecutado por Touristed Chile y que cuenta con el apoyo del Gobierno Regional a trav\u00e9s de la Corporaci\u00f3n Desarrolla Araucan\u00eda, Sernatur, Conadi, ProChile y los programas PER Costa-Nahuelbuta y PEM Ruta Lagos y Volcanes.<\/p>\n\n\n\n<p>La iniciativa que busca posicionar a La Araucan\u00eda en el mapa tur\u00edstico global comenz\u00f3 este jueves, con la llegada del grupo internacional, y se extender\u00e1 durante cinco d\u00edas, culminando con un masivo evento de cierre en la ciudad de Puc\u00f3n, los d\u00edas 12, 13 y 14 de noviembre, actividad abierta al p\u00fablico que incluir\u00e1 stands con oferta de destinos y productos locales, as\u00ed como tambi\u00e9n charlas, ruedas de negocios y zonas de networking para que emprendedores locales puedan impulsar sus negocios.<\/p>\n\n\n\n<p>El gobernador regional de La Araucan\u00eda y presidente de la Corporaci\u00f3n Desarrolla Araucan\u00eda, Luciano Rivas, destac\u00f3 que&nbsp;<em>&#8220;para este Gobierno Regional y su Corporaci\u00f3n Desarrolla Araucan\u00eda, siempre el turismo ha sido un eje preponderante cuando tenemos que buscar una estrategia de desarrolla para nuestra regi\u00f3n y en ese sentido, esta primera cumbre de turismo aventura y naturaleza que estamos desarrollando en la regi\u00f3n, lo que hace es traer a los mejores periodistas internacionales, tour operadores y prensa especializada para que muestren la belleza de nuestra Araucan\u00eda&#8221;.<\/em><\/p>\n\n\n\n<p><em>&#8220;Cuando vendemos turismo, no solamente vendemos los paisajes maravillosos que Dios nos entreg\u00f3, sino lo que la experiencia que entregamos como Araucan\u00eda. Estos tours operadores han venido a vivir la experiencia en la Regi\u00f3n de La Araucan\u00eda, y as\u00ed poder replicarla en los diferentes pa\u00edses en el mundo, porque queremos que lleguen m\u00e1s turistas extranjeros&#8221;, complement\u00f3 el gobernador Rivas.<\/em><\/p>\n\n\n\n<p>Por su parte, Eduardo Figueroa, director de Corfo Araucan\u00eda, dijo que,&nbsp;<em>\u201csin duda este tipo de proyectos financiados con fondos Corfo a trav\u00e9s de los Programas Viraliza, son de alto impacto, ya que el Araucan\u00eda Travel Fest, permitir\u00e1 unir a emprendedores, prensa, acad\u00e9micos y expertos globales en turismo, quienes podr\u00e1n recorrer nuestra regi\u00f3n y conocer la gran oferta tur\u00edstica que ofrece La Araucan\u00eda. El objetivo es consolidar a la regi\u00f3n en el mapa tur\u00edstico mundial, atrayendo visitantes e inversionistas y resaltando su riqueza natural y cultural, impulsando la colaboraci\u00f3n internacional y posicionando la regi\u00f3n como un centro de innovaci\u00f3n en turismo&nbsp;sostenible\u201d.<\/em><\/p>\n\n\n\n<p><em><u><strong>VISITANTES<\/strong><\/u><\/em><\/p>\n\n\n\n<p>Los recorridos de la delegaci\u00f3n internacional contemplan experiencias tur\u00edsticas transformadoras, tanto en la zona costera de la regi\u00f3n, como por ejemplo en el lago Budi y Puerto Saavedra, as\u00ed como tambi\u00e9n en la zona andina, donde podr\u00e1n explorar el volc\u00e1n Sollipulli y visitar Icalma.&nbsp;<\/p>\n\n\n\n<p><em>C\u00e9sar D\u00e1vila, de Intrepid Travel, de Per\u00fa, comenta que conoc\u00eda Torres del Paine y Puyehue, pero que es primera vez que est\u00e1 en La Araucan\u00eda. &#8220;Me parece un destino bastante interesante, lleno de mucha naturaleza, hermosos paisajes, tiene un potencial bastante fuerte para turistas que buscan hacer contacto con el medio ambiente, las caminatas&#8221;, coment\u00f3.&nbsp;<\/em><\/p>\n\n\n\n<p><em>&#8220;Este evento de seguro traer\u00e1 grandes frutos, porque como agentes de viajes podremos conocer el producto. Por internet podemos leer o ver im\u00e1genes, pero nunca es la misma experiencia que estar ac\u00e1 y conversar o vivir la experiencia con operadores o gu\u00edas locales&#8221;, agreg\u00f3 D\u00e1vila.<\/em><\/p>\n\n\n\n<p><em>En tanto, Roy Ortiz, de Touristed Chile, destac\u00f3 que los visitantes son &#8220;operadores y periodistas que quieren conocer destinos que est\u00e1n fuera de circuitos tradicionales&#8221;.<\/em><\/p>\n\n\n\n<p><em>&#8220;La mayor\u00eda de los viajeros internacionales buscan tres destinos t\u00edpicos: San Pedro de Atacama, Torres del Paine y Rapa Nui. Pero hay mucho m\u00e1s que ofrecer. Entonces, hay turistas que llegan buscando otro tipo de destinos, m\u00e1s aut\u00e9nticos, con las comunidades. La Araucan\u00eda tiene ese potencial, hay cultura viva y eso a los turistas extranjeros les encanta. Para que un tour operador venda un destino, es importante que lo conozca y por eso es relevante que lo puedan vivir para que despu\u00e9s lo puedan comercializar&#8221;,&nbsp;destac\u00f3&nbsp;Ortiz.<\/em><\/p>\n","protected":false},"excerpt":{"rendered":"<div class=\"pvc_clear\"><\/div>\n<p id=\"pvc_stats_53568\" class=\"pvc_stats total_only  \" data-element-id=\"53568\" style=\"\"><i class=\"pvc-stats-icon large\" aria-hidden=\"true\"><svg aria-hidden=\"true\" focusable=\"false\" data-prefix=\"far\" data-icon=\"chart-bar\" role=\"img\" xmlns=\"http:\/\/www.w3.org\/2000\/svg\" viewBox=\"0 0 512 512\" class=\"svg-inline--fa fa-chart-bar fa-w-16 fa-2x\"><path fill=\"currentColor\" d=\"M396.8 352h22.4c6.4 0 12.8-6.4 12.8-12.8V108.8c0-6.4-6.4-12.8-12.8-12.8h-22.4c-6.4 0-12.8 6.4-12.8 12.8v230.4c0 6.4 6.4 12.8 12.8 12.8zm-192 0h22.4c6.4 0 12.8-6.4 12.8-12.8V140.8c0-6.4-6.4-12.8-12.8-12.8h-22.4c-6.4 0-12.8 6.4-12.8 12.8v198.4c0 6.4 6.4 12.8 12.8 12.8zm96 0h22.4c6.4 0 12.8-6.4 12.8-12.8V204.8c0-6.4-6.4-12.8-12.8-12.8h-22.4c-6.4 0-12.8 6.4-12.8 12.8v134.4c0 6.4 6.4 12.8 12.8 12.8zM496 400H48V80c0-8.84-7.16-16-16-16H16C7.16 64 0 71.16 0 80v336c0 17.67 14.33 32 32 32h464c8.84 0 16-7.16 16-16v-16c0-8.84-7.16-16-16-16zm-387.2-48h22.4c6.4 0 12.8-6.4 12.8-12.8v-70.4c0-6.4-6.4-12.8-12.8-12.8h-22.4c-6.4 0-12.8 6.4-12.8 12.8v70.4c0 6.4 6.4 12.8 12.8 12.8z\" class=\"\"><\/path><\/svg><\/i> <img loading=\"lazy\" decoding=\"async\" width=\"16\" height=\"16\" alt=\"Loading\" src=\"https:\/\/temucotelevision.cl\/web\/wp-content\/plugins\/page-views-count\/ajax-loader-2x.gif\" border=0 \/><\/p>\n<div class=\"pvc_clear\"><\/div>\n<p>Delegaci\u00f3n internacional ya est\u00e1 recorriendo la zona costera y cordillerana de la Regi\u00f3n. Operadores tur\u00edsticos de distintos pa\u00edses del mundo<\/p>\n","protected":false},"author":1,"featured_media":53569,"comment_status":"open","ping_status":"open","sticky":false,"template":"","format":"standard","meta":{"colormag_page_container_layout":"default_layout","colormag_page_sidebar_layout":"default_layout","footnotes":""},"categories":[15],"tags":[1877,7165],"class_list":["post-53568","post","type-post","status-publish","format-standard","has-post-thumbnail","hentry","category-la-araucania","tag-araucania-2","tag-travel-fest"],"a3_pvc":{"activated":true,"total_views":1432,"today_views":0},"_links":{"self":[{"href":"https:\/\/temucotelevision.cl\/web\/wp-json\/wp\/v2\/posts\/53568","targetHints":{"allow":["GET"]}}],"collection":[{"href":"https:\/\/temucotelevision.cl\/web\/wp-json\/wp\/v2\/posts"}],"about":[{"href":"https:\/\/temucotelevision.cl\/web\/wp-json\/wp\/v2\/types\/post"}],"author":[{"embeddable":true,"href":"https:\/\/temucotelevision.cl\/web\/wp-json\/wp\/v2\/users\/1"}],"replies":[{"embeddable":true,"href":"https:\/\/temucotelevision.cl\/web\/wp-json\/wp\/v2\/comments?post=53568"}],"version-history":[{"count":1,"href":"https:\/\/temucotelevision.cl\/web\/wp-json\/wp\/v2\/posts\/53568\/revisions"}],"predecessor-version":[{"id":53570,"href":"https:\/\/temucotelevision.cl\/web\/wp-json\/wp\/v2\/posts\/53568\/revisions\/53570"}],"wp:featuredmedia":[{"embeddable":true,"href":"https:\/\/temucotelevision.cl\/web\/wp-json\/wp\/v2\/media\/53569"}],"wp:attachment":[{"href":"https:\/\/temucotelevision.cl\/web\/wp-json\/wp\/v2\/media?parent=53568"}],"wp:term":[{"taxonomy":"category","embeddable":true,"href":"https:\/\/temucotelevision.cl\/web\/wp-json\/wp\/v2\/categories?post=53568"},{"taxonomy":"post_tag","embeddable":true,"href":"https:\/\/temucotelevision.cl\/web\/wp-json\/wp\/v2\/tags?post=53568"}],"curies":[{"name":"wp","href":"https:\/\/api.w.org\/{rel}","templated":true}]}}