{"id":53565,"date":"2024-11-12T14:13:59","date_gmt":"2024-11-12T17:13:59","guid":{"rendered":"https:\/\/temucotelevision.cl\/web\/?p=53565"},"modified":"2024-11-12T14:14:01","modified_gmt":"2024-11-12T17:14:01","slug":"equipos-perderan-conectividad-atencion-en-noviembre-comienza-el-apagado-gradual-de-la-red-2g-en-la-region-de-la-araucania","status":"publish","type":"post","link":"https:\/\/temucotelevision.cl\/web\/2024\/11\/12\/equipos-perderan-conectividad-atencion-en-noviembre-comienza-el-apagado-gradual-de-la-red-2g-en-la-region-de-la-araucania\/","title":{"rendered":"Equipos perder\u00e1n conectividad: \u00a1Atenci\u00f3n! En noviembre comienza el apagado gradual de la\u00a0red 2G en la regi\u00f3n de La Araucan\u00eda"},"content":{"rendered":"<div class=\"pvc_clear\"><\/div><p id=\"pvc_stats_53565\" class=\"pvc_stats total_only  \" data-element-id=\"53565\" style=\"\"><i class=\"pvc-stats-icon large\" aria-hidden=\"true\"><svg aria-hidden=\"true\" focusable=\"false\" data-prefix=\"far\" data-icon=\"chart-bar\" role=\"img\" xmlns=\"http:\/\/www.w3.org\/2000\/svg\" viewBox=\"0 0 512 512\" class=\"svg-inline--fa fa-chart-bar fa-w-16 fa-2x\"><path fill=\"currentColor\" d=\"M396.8 352h22.4c6.4 0 12.8-6.4 12.8-12.8V108.8c0-6.4-6.4-12.8-12.8-12.8h-22.4c-6.4 0-12.8 6.4-12.8 12.8v230.4c0 6.4 6.4 12.8 12.8 12.8zm-192 0h22.4c6.4 0 12.8-6.4 12.8-12.8V140.8c0-6.4-6.4-12.8-12.8-12.8h-22.4c-6.4 0-12.8 6.4-12.8 12.8v198.4c0 6.4 6.4 12.8 12.8 12.8zm96 0h22.4c6.4 0 12.8-6.4 12.8-12.8V204.8c0-6.4-6.4-12.8-12.8-12.8h-22.4c-6.4 0-12.8 6.4-12.8 12.8v134.4c0 6.4 6.4 12.8 12.8 12.8zM496 400H48V80c0-8.84-7.16-16-16-16H16C7.16 64 0 71.16 0 80v336c0 17.67 14.33 32 32 32h464c8.84 0 16-7.16 16-16v-16c0-8.84-7.16-16-16-16zm-387.2-48h22.4c6.4 0 12.8-6.4 12.8-12.8v-70.4c0-6.4-6.4-12.8-12.8-12.8h-22.4c-6.4 0-12.8 6.4-12.8 12.8v70.4c0 6.4 6.4 12.8 12.8 12.8z\" class=\"\"><\/path><\/svg><\/i> <img loading=\"lazy\" decoding=\"async\" width=\"16\" height=\"16\" alt=\"Loading\" src=\"https:\/\/temucotelevision.cl\/web\/wp-content\/plugins\/page-views-count\/ajax-loader-2x.gif\" border=0 \/><\/p><div class=\"pvc_clear\"><\/div>\n<p><strong>&#8211; A la fecha, todav\u00eda se registran 1.926 conexiones activas de la red 2G en la regi\u00f3n. La compa\u00f1\u00eda reiter\u00f3 el llamado a sus clientes m\u00f3vil y hogar a realizar el recambio de sus dispositivos 2G. \u00bfC\u00f3mo saber si debo cambiar mi equipo? Muy f\u00e1cil, debe ingresar a&nbsp;<\/strong><a href=\"http:\/\/www.entel.cl\/2G\"><u><strong>www.entel.cl\/2G<\/strong><\/u><\/a><strong>, o llamar al 103.<\/strong><\/p>\n\n\n\n<p><strong>&#8211; Actualmente, todas las sucursales Entel en la regi\u00f3n est\u00e1n disponibles para apoyar el recambio de equipos y orientar a los clientes respecto del proceso.<\/strong><\/p>\n\n\n\n<p><a><\/a>Comenz\u00f3 la cuenta regresiva del recambio gradual de la red de segunda generaci\u00f3n de Entel. El pr\u00f3ximo lunes 18 de noviembre, la compa\u00f1\u00eda de tecnolog\u00eda y telecomunicaciones comenzar\u00e1 a efectuar el recambio de su red 2G en la regi\u00f3n de La Araucan\u00eda, donde todav\u00eda se registran 1.926 conexiones activas que comenzar\u00e1n a perder conectividad.<\/p>\n\n\n\n<p><a><\/a>Respecto al avance del proceso en la regi\u00f3n, a la fecha, se contabilizan 535 recambios efectivos de equipos, lo que corresponde al 21,7% del avance en la zona.<\/p>\n\n\n\n<p><a><\/a>\u00bfQui\u00e9nes tienen aparatos m\u00f3viles 2G? principalmente los adultos mayores, por eso el llamado de la empresa es a hacer la revisi\u00f3n de los equipos propios, pero tambi\u00e9n a chequear los dispositivos de las personas mayores cercanas, ya sean familia o amigos.&nbsp;<\/p>\n\n\n\n<p><a><\/a>Hacer la revisi\u00f3n es muy sencillo. Desde Entel explican que se puede realizar en cualquier sucursal de la RM, a trav\u00e9s del sitio web&nbsp;<a href=\"http:\/\/www.entel.cl\/2G\"><u>www.entel.cl\/2G<\/u><\/a>, ingresando el n\u00famero telef\u00f3nico, o llamando al 103. En ambos canales, se entregar\u00e1n las indicaciones para obtener alguno de los beneficios disponibles. Entre ellos, el recambio gratuito de equipos, dirigido a los mayores de 70 a\u00f1os o la obtenci\u00f3n de un descuento de $20.000 en la compra de un nuevo celular para los otros grupos de clientes que tengan equipos conectados a 2G. En este \u00faltimo caso, es requisito esencial disponer el equipo anterior en los buzones ubicados en cualquier tienda del pa\u00eds.<\/p>\n\n\n\n<p><a><\/a>Adem\u00e1s, actualmente, todas las sucursales Entel en la zona est\u00e1n disponibles para apoyar el recambio de equipos 2G y orientar a los clientes respecto del proceso.<\/p>\n\n\n\n<p><a><\/a>\u201cDefinimos un plan especial para abordar el recambio de equipos sin costo de los mayores de 70 a\u00f1os en zonas rurales y urbanas de segmentos vulnerables, con la finalidad de que nadie se quede atr\u00e1s en este recambio tecnol\u00f3gico y tengan la posibilidad de optar a un equipo de similares caracter\u00edsticas, pero con acceso a redes m\u00e1s modernas, explica la gerenta de Sostenibilidad y Comunicaciones de Entel, Francisca Florenzano.<\/p>\n\n\n\n<p><a><\/a>El proceso de apagado de la red 2G forma parte de Conciencia en Todas, la estrategia de Sostenibilidad de la empresa, que se organiza en cuatro pilares fundamentales: transformaci\u00f3n: Cultural, Inclusiva, Sustentable y Responsable. Esta iniciativa aborda las tres \u00faltimas haci\u00e9ndose cargo, principalmente, de la inclusi\u00f3n digital de personas mayores como grupo objetivo de inter\u00e9s y responsabilidad medioambiental, ya que el apagado de la red tiene un importante impacto en la disminuci\u00f3n de la huella de carbono.<\/p>\n\n\n\n<p>\u201cEl recambio de la red 2G permite mejorar la calidad y rapidez del servicio, as\u00ed como liberar espacio f\u00edsico en nuestras torres, reducir el consumo de energ\u00eda y disminuir nuestra huella de carbono para dar paso al desarrollo de las redes m\u00e1s modernas\u201d, se\u00f1ala la gerenta de Sostenibilidad y Comunicaciones de Entel, Francisca Florenzano.<\/p>\n\n\n\n<p><a><\/a>La compa\u00f1\u00eda se\u00f1ala adem\u00e1s, que este proceso es una tendencia global en la industria de las telecomunicaciones, que ya se ha concretado en pa\u00edses como Estados Unidos, Europa y Asia.<\/p>\n\n\n\n<p><\/p>\n","protected":false},"excerpt":{"rendered":"<div class=\"pvc_clear\"><\/div>\n<p id=\"pvc_stats_53565\" class=\"pvc_stats total_only  \" data-element-id=\"53565\" style=\"\"><i class=\"pvc-stats-icon large\" aria-hidden=\"true\"><svg aria-hidden=\"true\" focusable=\"false\" data-prefix=\"far\" data-icon=\"chart-bar\" role=\"img\" xmlns=\"http:\/\/www.w3.org\/2000\/svg\" viewBox=\"0 0 512 512\" class=\"svg-inline--fa fa-chart-bar fa-w-16 fa-2x\"><path fill=\"currentColor\" d=\"M396.8 352h22.4c6.4 0 12.8-6.4 12.8-12.8V108.8c0-6.4-6.4-12.8-12.8-12.8h-22.4c-6.4 0-12.8 6.4-12.8 12.8v230.4c0 6.4 6.4 12.8 12.8 12.8zm-192 0h22.4c6.4 0 12.8-6.4 12.8-12.8V140.8c0-6.4-6.4-12.8-12.8-12.8h-22.4c-6.4 0-12.8 6.4-12.8 12.8v198.4c0 6.4 6.4 12.8 12.8 12.8zm96 0h22.4c6.4 0 12.8-6.4 12.8-12.8V204.8c0-6.4-6.4-12.8-12.8-12.8h-22.4c-6.4 0-12.8 6.4-12.8 12.8v134.4c0 6.4 6.4 12.8 12.8 12.8zM496 400H48V80c0-8.84-7.16-16-16-16H16C7.16 64 0 71.16 0 80v336c0 17.67 14.33 32 32 32h464c8.84 0 16-7.16 16-16v-16c0-8.84-7.16-16-16-16zm-387.2-48h22.4c6.4 0 12.8-6.4 12.8-12.8v-70.4c0-6.4-6.4-12.8-12.8-12.8h-22.4c-6.4 0-12.8 6.4-12.8 12.8v70.4c0 6.4 6.4 12.8 12.8 12.8z\" class=\"\"><\/path><\/svg><\/i> <img loading=\"lazy\" decoding=\"async\" width=\"16\" height=\"16\" alt=\"Loading\" src=\"https:\/\/temucotelevision.cl\/web\/wp-content\/plugins\/page-views-count\/ajax-loader-2x.gif\" border=0 \/><\/p>\n<div class=\"pvc_clear\"><\/div>\n<p>&#8211; A la fecha, todav\u00eda se registran 1.926 conexiones activas de la red 2G en la regi\u00f3n. La compa\u00f1\u00eda reiter\u00f3<\/p>\n","protected":false},"author":1,"featured_media":53566,"comment_status":"open","ping_status":"open","sticky":false,"template":"","format":"standard","meta":{"colormag_page_container_layout":"default_layout","colormag_page_sidebar_layout":"default_layout","footnotes":""},"categories":[6973],"tags":[1064],"class_list":["post-53565","post","type-post","status-publish","format-standard","has-post-thumbnail","hentry","category-tecnologia","tag-red"],"a3_pvc":{"activated":true,"total_views":4266,"today_views":0},"_links":{"self":[{"href":"https:\/\/temucotelevision.cl\/web\/wp-json\/wp\/v2\/posts\/53565","targetHints":{"allow":["GET"]}}],"collection":[{"href":"https:\/\/temucotelevision.cl\/web\/wp-json\/wp\/v2\/posts"}],"about":[{"href":"https:\/\/temucotelevision.cl\/web\/wp-json\/wp\/v2\/types\/post"}],"author":[{"embeddable":true,"href":"https:\/\/temucotelevision.cl\/web\/wp-json\/wp\/v2\/users\/1"}],"replies":[{"embeddable":true,"href":"https:\/\/temucotelevision.cl\/web\/wp-json\/wp\/v2\/comments?post=53565"}],"version-history":[{"count":1,"href":"https:\/\/temucotelevision.cl\/web\/wp-json\/wp\/v2\/posts\/53565\/revisions"}],"predecessor-version":[{"id":53567,"href":"https:\/\/temucotelevision.cl\/web\/wp-json\/wp\/v2\/posts\/53565\/revisions\/53567"}],"wp:featuredmedia":[{"embeddable":true,"href":"https:\/\/temucotelevision.cl\/web\/wp-json\/wp\/v2\/media\/53566"}],"wp:attachment":[{"href":"https:\/\/temucotelevision.cl\/web\/wp-json\/wp\/v2\/media?parent=53565"}],"wp:term":[{"taxonomy":"category","embeddable":true,"href":"https:\/\/temucotelevision.cl\/web\/wp-json\/wp\/v2\/categories?post=53565"},{"taxonomy":"post_tag","embeddable":true,"href":"https:\/\/temucotelevision.cl\/web\/wp-json\/wp\/v2\/tags?post=53565"}],"curies":[{"name":"wp","href":"https:\/\/api.w.org\/{rel}","templated":true}]}}