{"id":53555,"date":"2024-11-12T11:51:05","date_gmt":"2024-11-12T14:51:05","guid":{"rendered":"https:\/\/temucotelevision.cl\/web\/?p=53555"},"modified":"2024-11-12T11:51:06","modified_gmt":"2024-11-12T14:51:06","slug":"temuco-sera-sede-del-primer-campeonato-internacional-de-precision-en-parapente-copa-vuelo-sur","status":"publish","type":"post","link":"https:\/\/temucotelevision.cl\/web\/2024\/11\/12\/temuco-sera-sede-del-primer-campeonato-internacional-de-precision-en-parapente-copa-vuelo-sur\/","title":{"rendered":"Temuco ser\u00e1 sede del primer Campeonato Internacional de Precisi\u00f3n en Parapente \u201cCopa Vuelo Sur\u201d"},"content":{"rendered":"<div class=\"pvc_clear\"><\/div><p id=\"pvc_stats_53555\" class=\"pvc_stats total_only  \" data-element-id=\"53555\" style=\"\"><i class=\"pvc-stats-icon large\" aria-hidden=\"true\"><svg aria-hidden=\"true\" focusable=\"false\" data-prefix=\"far\" data-icon=\"chart-bar\" role=\"img\" xmlns=\"http:\/\/www.w3.org\/2000\/svg\" viewBox=\"0 0 512 512\" class=\"svg-inline--fa fa-chart-bar fa-w-16 fa-2x\"><path fill=\"currentColor\" d=\"M396.8 352h22.4c6.4 0 12.8-6.4 12.8-12.8V108.8c0-6.4-6.4-12.8-12.8-12.8h-22.4c-6.4 0-12.8 6.4-12.8 12.8v230.4c0 6.4 6.4 12.8 12.8 12.8zm-192 0h22.4c6.4 0 12.8-6.4 12.8-12.8V140.8c0-6.4-6.4-12.8-12.8-12.8h-22.4c-6.4 0-12.8 6.4-12.8 12.8v198.4c0 6.4 6.4 12.8 12.8 12.8zm96 0h22.4c6.4 0 12.8-6.4 12.8-12.8V204.8c0-6.4-6.4-12.8-12.8-12.8h-22.4c-6.4 0-12.8 6.4-12.8 12.8v134.4c0 6.4 6.4 12.8 12.8 12.8zM496 400H48V80c0-8.84-7.16-16-16-16H16C7.16 64 0 71.16 0 80v336c0 17.67 14.33 32 32 32h464c8.84 0 16-7.16 16-16v-16c0-8.84-7.16-16-16-16zm-387.2-48h22.4c6.4 0 12.8-6.4 12.8-12.8v-70.4c0-6.4-6.4-12.8-12.8-12.8h-22.4c-6.4 0-12.8 6.4-12.8 12.8v70.4c0 6.4 6.4 12.8 12.8 12.8z\" class=\"\"><\/path><\/svg><\/i> <img loading=\"lazy\" decoding=\"async\" width=\"16\" height=\"16\" alt=\"Loading\" src=\"https:\/\/temucotelevision.cl\/web\/wp-content\/plugins\/page-views-count\/ajax-loader-2x.gif\" border=0 \/><\/p><div class=\"pvc_clear\"><\/div>\n<p>El Club de Parapente Vuelo Sur de Temuco se prepara para recibir a los mejores pilotos nacionales e internacionales en el <strong>Primer Campeonato Internacional de Precisi\u00f3n en Parapente \u201cCopa Vuelo Sur\u201d<\/strong>, los d\u00edas <strong>16 y 17 de noviembre de 2024<\/strong>. Este evento, que se realizar\u00e1 en el camino a Monte Verde, ha sido reconocido por la <strong>F\u00e9d\u00e9ration A\u00e9ronautique Internationale (FAI)<\/strong> con la categor\u00eda <strong>FAI 2<\/strong>, lo que lo convierte en un torneo puntuable para el ranking mundial y panamericano de la categor\u00eda Precisi\u00f3n.<\/p>\n\n\n\n<h3 class=\"wp-block-heading\">M\u00e1s de 25 Pilotos Competir\u00e1n<\/h3>\n\n\n\n<p>El campeonato reunir\u00e1 a m\u00e1s de <strong>25 pilotos<\/strong> de Chile y el extranjero, quienes buscar\u00e1n demostrar su habilidad para aterrizar con la mayor precisi\u00f3n posible. La categor\u00eda Precisi\u00f3n eval\u00faa a los competidores en su capacidad para alcanzar un objetivo espec\u00edfico, en un entorno que combina t\u00e9cnica y destreza.<\/p>\n\n\n\n<h3 class=\"wp-block-heading\">Evento Abierto a la Comunidad<\/h3>\n\n\n\n<p>La \u201cCopa Vuelo Sur\u201d no solo ser\u00e1 un espect\u00e1culo deportivo de alto nivel, sino tambi\u00e9n una jornada para toda la familia. Desde las <strong>10:00 hasta las 19:00 horas<\/strong>, el p\u00fablico podr\u00e1 disfrutar de una variedad de actividades:<\/p>\n\n\n\n<ul class=\"wp-block-list\">\n<li><strong>Campeonato de Precisi\u00f3n en Parapente<\/strong><\/li>\n\n\n\n<li><strong>Acrobacias a\u00e9reas<\/strong><\/li>\n\n\n\n<li><strong>Demostraciones en tierra<\/strong><\/li>\n\n\n\n<li><strong>M\u00fasica en vivo<\/strong><\/li>\n\n\n\n<li><strong>Food trucks<\/strong><\/li>\n\n\n\n<li><strong>Vuelos populares<\/strong><\/li>\n<\/ul>\n\n\n\n<p>La ubicaci\u00f3n del evento ser\u00e1 en el <strong>km 1,2 del camino a Monte Verde<\/strong>, con acceso a 500 metros del cruce de Prieto Norte.<\/p>\n\n\n\n<h3 class=\"wp-block-heading\">Una Experiencia \u00danica<\/h3>\n\n\n\n<p>La organizaci\u00f3n promete una experiencia \u00fanica para los asistentes, con la posibilidad de acercarse al mundo del parapente y disfrutar de una jornada llena de adrenalina, diversi\u00f3n y buena m\u00fasica. Adem\u00e1s, el evento busca posicionar a Temuco como un destino destacado en la pr\u00e1ctica del parapente a nivel internacional.<\/p>\n\n\n\n<h3 class=\"wp-block-heading\">Entrada y Participaci\u00f3n<\/h3>\n\n\n\n<p>La actividad ser\u00e1 <strong>gratuita y abierta al p\u00fablico<\/strong>. Quienes deseen experimentar la emoci\u00f3n de volar podr\u00e1n participar en vuelos populares, guiados por pilotos experimentados.<\/p>\n\n\n\n<p>\u00a1No te pierdas este evento \u00fanico en la regi\u00f3n, donde el cielo de Temuco ser\u00e1 el escenario de una competencia internacional de primer nivel!<\/p>\n\n\n\n<figure class=\"wp-block-image size-large\"><img loading=\"lazy\" decoding=\"async\" width=\"1000\" height=\"1000\" src=\"https:\/\/temucotelevision.cl\/web\/wp-content\/uploads\/2024\/11\/Parapente-1-1000x1000.jpeg\" alt=\"\" class=\"wp-image-53557\" srcset=\"https:\/\/temucotelevision.cl\/web\/wp-content\/uploads\/2024\/11\/Parapente-1-1000x1000.jpeg 1000w, https:\/\/temucotelevision.cl\/web\/wp-content\/uploads\/2024\/11\/Parapente-1-768x768.jpeg 768w, https:\/\/temucotelevision.cl\/web\/wp-content\/uploads\/2024\/11\/Parapente-1-150x150.jpeg 150w, https:\/\/temucotelevision.cl\/web\/wp-content\/uploads\/2024\/11\/Parapente-1.jpeg 1080w\" sizes=\"auto, (max-width: 1000px) 100vw, 1000px\" \/><\/figure>\n","protected":false},"excerpt":{"rendered":"<div class=\"pvc_clear\"><\/div>\n<p id=\"pvc_stats_53555\" class=\"pvc_stats total_only  \" data-element-id=\"53555\" style=\"\"><i class=\"pvc-stats-icon large\" aria-hidden=\"true\"><svg aria-hidden=\"true\" focusable=\"false\" data-prefix=\"far\" data-icon=\"chart-bar\" role=\"img\" xmlns=\"http:\/\/www.w3.org\/2000\/svg\" viewBox=\"0 0 512 512\" class=\"svg-inline--fa fa-chart-bar fa-w-16 fa-2x\"><path fill=\"currentColor\" d=\"M396.8 352h22.4c6.4 0 12.8-6.4 12.8-12.8V108.8c0-6.4-6.4-12.8-12.8-12.8h-22.4c-6.4 0-12.8 6.4-12.8 12.8v230.4c0 6.4 6.4 12.8 12.8 12.8zm-192 0h22.4c6.4 0 12.8-6.4 12.8-12.8V140.8c0-6.4-6.4-12.8-12.8-12.8h-22.4c-6.4 0-12.8 6.4-12.8 12.8v198.4c0 6.4 6.4 12.8 12.8 12.8zm96 0h22.4c6.4 0 12.8-6.4 12.8-12.8V204.8c0-6.4-6.4-12.8-12.8-12.8h-22.4c-6.4 0-12.8 6.4-12.8 12.8v134.4c0 6.4 6.4 12.8 12.8 12.8zM496 400H48V80c0-8.84-7.16-16-16-16H16C7.16 64 0 71.16 0 80v336c0 17.67 14.33 32 32 32h464c8.84 0 16-7.16 16-16v-16c0-8.84-7.16-16-16-16zm-387.2-48h22.4c6.4 0 12.8-6.4 12.8-12.8v-70.4c0-6.4-6.4-12.8-12.8-12.8h-22.4c-6.4 0-12.8 6.4-12.8 12.8v70.4c0 6.4 6.4 12.8 12.8 12.8z\" class=\"\"><\/path><\/svg><\/i> <img loading=\"lazy\" decoding=\"async\" width=\"16\" height=\"16\" alt=\"Loading\" src=\"https:\/\/temucotelevision.cl\/web\/wp-content\/plugins\/page-views-count\/ajax-loader-2x.gif\" border=0 \/><\/p>\n<div class=\"pvc_clear\"><\/div>\n<p>El Club de Parapente Vuelo Sur de Temuco se prepara para recibir a los mejores pilotos nacionales e internacionales en<\/p>\n","protected":false},"author":1,"featured_media":53556,"comment_status":"open","ping_status":"open","sticky":false,"template":"","format":"standard","meta":{"colormag_page_container_layout":"default_layout","colormag_page_sidebar_layout":"default_layout","footnotes":""},"categories":[86,14],"tags":[7164],"class_list":["post-53555","post","type-post","status-publish","format-standard","has-post-thumbnail","hentry","category-panoramas","category-temuco","tag-parapente"],"a3_pvc":{"activated":true,"total_views":2134,"today_views":0},"_links":{"self":[{"href":"https:\/\/temucotelevision.cl\/web\/wp-json\/wp\/v2\/posts\/53555","targetHints":{"allow":["GET"]}}],"collection":[{"href":"https:\/\/temucotelevision.cl\/web\/wp-json\/wp\/v2\/posts"}],"about":[{"href":"https:\/\/temucotelevision.cl\/web\/wp-json\/wp\/v2\/types\/post"}],"author":[{"embeddable":true,"href":"https:\/\/temucotelevision.cl\/web\/wp-json\/wp\/v2\/users\/1"}],"replies":[{"embeddable":true,"href":"https:\/\/temucotelevision.cl\/web\/wp-json\/wp\/v2\/comments?post=53555"}],"version-history":[{"count":1,"href":"https:\/\/temucotelevision.cl\/web\/wp-json\/wp\/v2\/posts\/53555\/revisions"}],"predecessor-version":[{"id":53558,"href":"https:\/\/temucotelevision.cl\/web\/wp-json\/wp\/v2\/posts\/53555\/revisions\/53558"}],"wp:featuredmedia":[{"embeddable":true,"href":"https:\/\/temucotelevision.cl\/web\/wp-json\/wp\/v2\/media\/53556"}],"wp:attachment":[{"href":"https:\/\/temucotelevision.cl\/web\/wp-json\/wp\/v2\/media?parent=53555"}],"wp:term":[{"taxonomy":"category","embeddable":true,"href":"https:\/\/temucotelevision.cl\/web\/wp-json\/wp\/v2\/categories?post=53555"},{"taxonomy":"post_tag","embeddable":true,"href":"https:\/\/temucotelevision.cl\/web\/wp-json\/wp\/v2\/tags?post=53555"}],"curies":[{"name":"wp","href":"https:\/\/api.w.org\/{rel}","templated":true}]}}