{"id":53537,"date":"2024-11-11T16:45:49","date_gmt":"2024-11-11T19:45:49","guid":{"rendered":"https:\/\/temucotelevision.cl\/web\/?p=53537"},"modified":"2024-11-11T16:45:49","modified_gmt":"2024-11-11T19:45:49","slug":"fallo-de-la-corte-de-apelaciones-inhabilita-a-jueza-en-proceso-penal-contra-alcalde-de-victoria","status":"publish","type":"post","link":"https:\/\/temucotelevision.cl\/web\/2024\/11\/11\/fallo-de-la-corte-de-apelaciones-inhabilita-a-jueza-en-proceso-penal-contra-alcalde-de-victoria\/","title":{"rendered":"Fallo de la Corte de Apelaciones inhabilita a Jueza en proceso penal contra Alcalde de Victoria"},"content":{"rendered":"<div class=\"pvc_clear\"><\/div><p id=\"pvc_stats_53537\" class=\"pvc_stats total_only  \" data-element-id=\"53537\" style=\"\"><i class=\"pvc-stats-icon large\" aria-hidden=\"true\"><svg aria-hidden=\"true\" focusable=\"false\" data-prefix=\"far\" data-icon=\"chart-bar\" role=\"img\" xmlns=\"http:\/\/www.w3.org\/2000\/svg\" viewBox=\"0 0 512 512\" class=\"svg-inline--fa fa-chart-bar fa-w-16 fa-2x\"><path fill=\"currentColor\" d=\"M396.8 352h22.4c6.4 0 12.8-6.4 12.8-12.8V108.8c0-6.4-6.4-12.8-12.8-12.8h-22.4c-6.4 0-12.8 6.4-12.8 12.8v230.4c0 6.4 6.4 12.8 12.8 12.8zm-192 0h22.4c6.4 0 12.8-6.4 12.8-12.8V140.8c0-6.4-6.4-12.8-12.8-12.8h-22.4c-6.4 0-12.8 6.4-12.8 12.8v198.4c0 6.4 6.4 12.8 12.8 12.8zm96 0h22.4c6.4 0 12.8-6.4 12.8-12.8V204.8c0-6.4-6.4-12.8-12.8-12.8h-22.4c-6.4 0-12.8 6.4-12.8 12.8v134.4c0 6.4 6.4 12.8 12.8 12.8zM496 400H48V80c0-8.84-7.16-16-16-16H16C7.16 64 0 71.16 0 80v336c0 17.67 14.33 32 32 32h464c8.84 0 16-7.16 16-16v-16c0-8.84-7.16-16-16-16zm-387.2-48h22.4c6.4 0 12.8-6.4 12.8-12.8v-70.4c0-6.4-6.4-12.8-12.8-12.8h-22.4c-6.4 0-12.8 6.4-12.8 12.8v70.4c0 6.4 6.4 12.8 12.8 12.8z\" class=\"\"><\/path><\/svg><\/i> <img loading=\"lazy\" decoding=\"async\" width=\"16\" height=\"16\" alt=\"Loading\" src=\"https:\/\/temucotelevision.cl\/web\/wp-content\/plugins\/page-views-count\/ajax-loader-2x.gif\" border=0 \/><\/p><div class=\"pvc_clear\"><\/div>\n<p>En un fallo un\u00e1nime, la Corte de Apelaciones de Temuco acogi\u00f3 la recusaci\u00f3n presentada por el Ministerio P\u00fablico contra la jueza Evelyn Zelaya Latham, titular del Juzgado de Garant\u00eda de Victoria, inhabilit\u00e1ndola de continuar conociendo la causa penal abierta contra el alcalde de esa comuna, Javier Jaramillo Soto. El edil enfrenta imputaciones como autor de delitos sexuales de car\u00e1cter reiterado.<\/p>\n\n\n\n<h3 class=\"wp-block-heading\"><strong>Pronunciamiento de Fondo y Causal de Recusaci\u00f3n<\/strong><\/h3>\n\n\n\n<p>El tribunal de alzada, en la causa rol 120-2023, concluy\u00f3 que la magistrada Zelaya realiz\u00f3 un pronunciamiento de fondo al decretar el sobreseimiento de algunos de los hechos imputados por la Fiscal\u00eda. Seg\u00fan el fallo, para adoptar esta decisi\u00f3n, la jueza analiz\u00f3 aspectos sustantivos como la prescripci\u00f3n de la acci\u00f3n penal, la validez de las pruebas y la situaci\u00f3n procesal del imputado, lo que excede un mero an\u00e1lisis formal o procedimental.<\/p>\n\n\n\n<p>\u201cLa resoluci\u00f3n de sobreseimiento no se limita a aspectos formales, sino que examina detenidamente el fondo de la solicitud y los elementos probatorios, incluyendo criterios de interpretaci\u00f3n y principios como la presunci\u00f3n de inocencia y la seguridad jur\u00eddica\u201d, detalla el fallo.<\/p>\n\n\n\n<h3 class=\"wp-block-heading\"><strong>Causal Invocada<\/strong><\/h3>\n\n\n\n<p>El Ministerio P\u00fablico fundament\u00f3 la recusaci\u00f3n en el art\u00edculo 196 N\u00b010 del C\u00f3digo Org\u00e1nico de Tribunales, que establece como causal de inhabilitaci\u00f3n \u201chaber el juez manifestado de cualquier modo su dictamen sobre la cuesti\u00f3n pendiente, siempre que lo hubiere hecho con conocimiento de ella\u201d.<\/p>\n\n\n\n<p>Para la Corte, esta causal se configur\u00f3, ya que la jueza expres\u00f3 un dictamen sobre una cuesti\u00f3n a\u00fan pendiente de resoluci\u00f3n jurisdiccional.<\/p>\n\n\n\n<h3 class=\"wp-block-heading\"><strong>Decisi\u00f3n y Pr\u00f3ximos Pasos<\/strong><\/h3>\n\n\n\n<p>Ante la admisibilidad de la recusaci\u00f3n, la Corte resolvi\u00f3:<\/p>\n\n\n\n<blockquote class=\"wp-block-quote is-layout-flow wp-block-quote-is-layout-flow\">\n<p>\u201cSe acoge la solicitud de recusaci\u00f3n deducida por el fiscal adjunto del Ministerio P\u00fablico, Alberto Chiffelle M\u00e1rquez, declar\u00e1ndose inhabilitada a la jueza titular del Juzgado de Garant\u00eda de Victoria, Evelyn Zelaya Latham. En consecuencia, estos antecedentes deber\u00e1n seguir siendo conocidos por un juez no inhabilitado\u201d.<\/p>\n<\/blockquote>\n\n\n\n<p>Con esta resoluci\u00f3n, el caso del alcalde Jaramillo Soto pasar\u00e1 a manos de un nuevo magistrado habilitado, quien deber\u00e1 continuar con el proceso penal en curso.<\/p>\n\n\n\n<h3 class=\"wp-block-heading\"><strong>Contexto del Caso<\/strong><\/h3>\n\n\n\n<p>Javier Jaramillo Soto enfrenta graves acusaciones por delitos sexuales de car\u00e1cter reiterado. La Fiscal\u00eda y las partes involucradas han destacado la importancia de un proceso imparcial y riguroso, especialmente dada la relevancia p\u00fablica del caso.<\/p>\n\n\n\n<p>La decisi\u00f3n de la Corte refuerza el principio de imparcialidad judicial y subraya la importancia de una justicia que respalde tanto la legalidad del proceso como los derechos de todas las partes.<\/p>\n","protected":false},"excerpt":{"rendered":"<div class=\"pvc_clear\"><\/div>\n<p id=\"pvc_stats_53537\" class=\"pvc_stats total_only  \" data-element-id=\"53537\" style=\"\"><i class=\"pvc-stats-icon large\" aria-hidden=\"true\"><svg aria-hidden=\"true\" focusable=\"false\" data-prefix=\"far\" data-icon=\"chart-bar\" role=\"img\" xmlns=\"http:\/\/www.w3.org\/2000\/svg\" viewBox=\"0 0 512 512\" class=\"svg-inline--fa fa-chart-bar fa-w-16 fa-2x\"><path fill=\"currentColor\" d=\"M396.8 352h22.4c6.4 0 12.8-6.4 12.8-12.8V108.8c0-6.4-6.4-12.8-12.8-12.8h-22.4c-6.4 0-12.8 6.4-12.8 12.8v230.4c0 6.4 6.4 12.8 12.8 12.8zm-192 0h22.4c6.4 0 12.8-6.4 12.8-12.8V140.8c0-6.4-6.4-12.8-12.8-12.8h-22.4c-6.4 0-12.8 6.4-12.8 12.8v198.4c0 6.4 6.4 12.8 12.8 12.8zm96 0h22.4c6.4 0 12.8-6.4 12.8-12.8V204.8c0-6.4-6.4-12.8-12.8-12.8h-22.4c-6.4 0-12.8 6.4-12.8 12.8v134.4c0 6.4 6.4 12.8 12.8 12.8zM496 400H48V80c0-8.84-7.16-16-16-16H16C7.16 64 0 71.16 0 80v336c0 17.67 14.33 32 32 32h464c8.84 0 16-7.16 16-16v-16c0-8.84-7.16-16-16-16zm-387.2-48h22.4c6.4 0 12.8-6.4 12.8-12.8v-70.4c0-6.4-6.4-12.8-12.8-12.8h-22.4c-6.4 0-12.8 6.4-12.8 12.8v70.4c0 6.4 6.4 12.8 12.8 12.8z\" class=\"\"><\/path><\/svg><\/i> <img loading=\"lazy\" decoding=\"async\" width=\"16\" height=\"16\" alt=\"Loading\" src=\"https:\/\/temucotelevision.cl\/web\/wp-content\/plugins\/page-views-count\/ajax-loader-2x.gif\" border=0 \/><\/p>\n<div class=\"pvc_clear\"><\/div>\n<p>En un fallo un\u00e1nime, la Corte de Apelaciones de Temuco acogi\u00f3 la recusaci\u00f3n presentada por el Ministerio P\u00fablico contra la<\/p>\n","protected":false},"author":1,"featured_media":37704,"comment_status":"open","ping_status":"open","sticky":false,"template":"","format":"standard","meta":{"colormag_page_container_layout":"default_layout","colormag_page_sidebar_layout":"default_layout","footnotes":""},"categories":[15],"tags":[2526],"class_list":["post-53537","post","type-post","status-publish","format-standard","has-post-thumbnail","hentry","category-la-araucania","tag-jueza"],"a3_pvc":{"activated":true,"total_views":4224,"today_views":0},"_links":{"self":[{"href":"https:\/\/temucotelevision.cl\/web\/wp-json\/wp\/v2\/posts\/53537","targetHints":{"allow":["GET"]}}],"collection":[{"href":"https:\/\/temucotelevision.cl\/web\/wp-json\/wp\/v2\/posts"}],"about":[{"href":"https:\/\/temucotelevision.cl\/web\/wp-json\/wp\/v2\/types\/post"}],"author":[{"embeddable":true,"href":"https:\/\/temucotelevision.cl\/web\/wp-json\/wp\/v2\/users\/1"}],"replies":[{"embeddable":true,"href":"https:\/\/temucotelevision.cl\/web\/wp-json\/wp\/v2\/comments?post=53537"}],"version-history":[{"count":1,"href":"https:\/\/temucotelevision.cl\/web\/wp-json\/wp\/v2\/posts\/53537\/revisions"}],"predecessor-version":[{"id":53538,"href":"https:\/\/temucotelevision.cl\/web\/wp-json\/wp\/v2\/posts\/53537\/revisions\/53538"}],"wp:featuredmedia":[{"embeddable":true,"href":"https:\/\/temucotelevision.cl\/web\/wp-json\/wp\/v2\/media\/37704"}],"wp:attachment":[{"href":"https:\/\/temucotelevision.cl\/web\/wp-json\/wp\/v2\/media?parent=53537"}],"wp:term":[{"taxonomy":"category","embeddable":true,"href":"https:\/\/temucotelevision.cl\/web\/wp-json\/wp\/v2\/categories?post=53537"},{"taxonomy":"post_tag","embeddable":true,"href":"https:\/\/temucotelevision.cl\/web\/wp-json\/wp\/v2\/tags?post=53537"}],"curies":[{"name":"wp","href":"https:\/\/api.w.org\/{rel}","templated":true}]}}