{"id":53479,"date":"2024-11-09T12:50:53","date_gmt":"2024-11-09T15:50:53","guid":{"rendered":"https:\/\/temucotelevision.cl\/web\/?p=53479"},"modified":"2024-11-09T12:59:55","modified_gmt":"2024-11-09T15:59:55","slug":"power-trio-la-jugada-musical-de-sergio-lagos-rayen-araya-y-jean-philippe","status":"publish","type":"post","link":"https:\/\/temucotelevision.cl\/web\/2024\/11\/09\/power-trio-la-jugada-musical-de-sergio-lagos-rayen-araya-y-jean-philippe\/","title":{"rendered":"Power Tr\u00edo, la jugada musical de Sergio Lagos,\u00a0Ray\u00e9n Araya y Jean Philippe"},"content":{"rendered":"<div class=\"pvc_clear\"><\/div><p id=\"pvc_stats_53479\" class=\"pvc_stats total_only  \" data-element-id=\"53479\" style=\"\"><i class=\"pvc-stats-icon large\" aria-hidden=\"true\"><svg aria-hidden=\"true\" focusable=\"false\" data-prefix=\"far\" data-icon=\"chart-bar\" role=\"img\" xmlns=\"http:\/\/www.w3.org\/2000\/svg\" viewBox=\"0 0 512 512\" class=\"svg-inline--fa fa-chart-bar fa-w-16 fa-2x\"><path fill=\"currentColor\" d=\"M396.8 352h22.4c6.4 0 12.8-6.4 12.8-12.8V108.8c0-6.4-6.4-12.8-12.8-12.8h-22.4c-6.4 0-12.8 6.4-12.8 12.8v230.4c0 6.4 6.4 12.8 12.8 12.8zm-192 0h22.4c6.4 0 12.8-6.4 12.8-12.8V140.8c0-6.4-6.4-12.8-12.8-12.8h-22.4c-6.4 0-12.8 6.4-12.8 12.8v198.4c0 6.4 6.4 12.8 12.8 12.8zm96 0h22.4c6.4 0 12.8-6.4 12.8-12.8V204.8c0-6.4-6.4-12.8-12.8-12.8h-22.4c-6.4 0-12.8 6.4-12.8 12.8v134.4c0 6.4 6.4 12.8 12.8 12.8zM496 400H48V80c0-8.84-7.16-16-16-16H16C7.16 64 0 71.16 0 80v336c0 17.67 14.33 32 32 32h464c8.84 0 16-7.16 16-16v-16c0-8.84-7.16-16-16-16zm-387.2-48h22.4c6.4 0 12.8-6.4 12.8-12.8v-70.4c0-6.4-6.4-12.8-12.8-12.8h-22.4c-6.4 0-12.8 6.4-12.8 12.8v70.4c0 6.4 6.4 12.8 12.8 12.8z\" class=\"\"><\/path><\/svg><\/i> <img loading=\"lazy\" decoding=\"async\" width=\"16\" height=\"16\" alt=\"Loading\" src=\"https:\/\/temucotelevision.cl\/web\/wp-content\/plugins\/page-views-count\/ajax-loader-2x.gif\" border=0 \/><\/p><div class=\"pvc_clear\"><\/div>\n<p><em>Este domingo 10 de noviembre debuta Power Tr\u00edo, un nuevo programa de entrevistas y conversaci\u00f3n sobre m\u00fasica, cultura y entretenci\u00f3n, que llegar\u00e1 a la audiencia a trav\u00e9s de las pantallas de Zapping&nbsp;<\/em><\/p>\n\n\n\n<p>Podr\u00edan ser una banda, pero, los periodistas Sergio Lagos, Ray\u00e9n Araya y Jean Phillippe Crett\u00f3n, comparten la misma pasi\u00f3n por la m\u00fasica, desde otra vereda: el gusto por la\u00a0 conversaci\u00f3n. Esa coincidencia es lo que hace varios meses, los llev\u00f3 a reunirse y crear\u00a0<em>Power Tr\u00edo<\/em>, el proyecto en que se unieron definitivamente y que llegar\u00e1 a las pantallas de Zapping, Youtube y Spotify, a partir del 10 de noviembre\u00a0a las 21:30 horas.<\/p>\n\n\n\n<p>En cada cap\u00edtulo de una hora, la audiencia podr\u00e1 disfrutar de una conversaci\u00f3n distendida y profunda a la vez, con m\u00fasicos de distintos g\u00e9neros, quienes conversar\u00e1n sobre sus propios trabajos, sobre otros artistas que los inspiran y sobre las nuevas voces. Uno de los puntos centrales ser\u00e1 llevar a cada m\u00fasico a la actualidad, hablar de los sonidos que hoy representan a nuevas generaciones y como esto convive con el legado de los anteriores. Un cruce permanente en el tiempo que permite dar amplitud a esta \u00e1rea tan relevante de la cultura local.<\/p>\n\n\n\n<p>Power Tr\u00edo es un espacio para el encuentro, la m\u00fasica y la entretenci\u00f3n, donde la bohemia -que por a\u00f1os ha sido fiel compa\u00f1era de los m\u00fasicos- cobra un lugar relevante. Los conductores decidieron establecer su base en Black Bar, del cr\u00edtico gastron\u00f3mico Daniel Greve, ubicado en Monticello.<\/p>\n\n\n\n<p><strong>Sonidos que inspiran&nbsp;<\/strong><\/p>\n\n\n\n<p>&#8220;<em>Estamos haciendo un espacio en el que la m\u00fasica no solo se escuche, sino que se entienda como un fen\u00f3meno cultural que nos conecta a todos, que nos re\u00fane en eventos masivos y llena nuestras vidas\u201d,&nbsp;<\/em>comenta Sergio Lagos.&nbsp;<em><br><\/em><em><br><\/em><em>\u201cJunto a Jean Philippe y Sergio, creemos que la m\u00fasica es uno de los elementos m\u00e1s poderosos de comunicaci\u00f3n, nos gusta, nos apasiona. Vibramos con cada entrevista. Mis compa\u00f1eros de conducci\u00f3n son m\u00fasicos pero adem\u00e1s somos todos fans de nuestros entrevistados, y eso nos conecta con ellos desde el cari\u00f1o\u201d,<\/em>&nbsp;agrega Ray\u00e9n quien ha liderado el desarrollo del proyecto.<br><em><br><\/em><em>\u201cEn Black Bar, recibiremos a nuestros invitados, compartiremos un momento entretenido, con espacio para las risas y los brindis que naturalmente surgen cuando nos juntamos. Y tal vez, algo de m\u00fasica en vivo, nos pueda sorprender. \u00a1Estamos listos!\u201d,&nbsp;<\/em>agrega Jean Phillippe Crett\u00f3n<em>.<\/em><em><br><\/em><\/p>\n\n\n\n<p>Power Tr\u00edo,&nbsp;se realiza gracias al apoyo de Entel, Skechers, Jack Daniel\u2019s, Marley Coffee, Coors Original, y Marco Polo. Junto a estos partners comerciales que han cre\u00eddo en la propuesta de Sergio, Ray\u00e9n y Jean Phillippe,&nbsp;fue celebrado el comienzo de Power Tr\u00edo, en una exclusiva fiesta en Club Amanda, donde se dieron cita figuras de la m\u00fasica y el espect\u00e1culo nacional, como Denise Malebr\u00e1n, Gonzalo Y\u00e1\u00f1ez, Don Rorro de Sinergia, Fran Sfeir, Eugenia Lemos y Mariela Sotomayor, entre otros. Los animadores se robaron la atenci\u00f3n al ofrecer un adelanto de lo que se ver\u00e1 en pantalla, dejando claro que el rock, el pop, la electr\u00f3nica y los nuevos sonidos urbanos tendr\u00e1n un lugar protag\u00f3nico. Gonzalo Ya\u00f1ez, fue el encargado de hacer sonar las guitarras y poner a todos a cantar, como le gusta a Power Tr\u00edo.<\/p>\n\n\n\n<p>Los cap\u00edtulos del programa se estrenar\u00e1n cada semana por Zapping, los domingos a las 21.30, adem\u00e1s de estar disponibles en el canal de Youtube de Power Tr\u00edo y su cuenta en Spotify. Extractos del mismo, ser\u00e1n visibles en las pantallas del boulevard de Monticello y Gran Arena Monticello. Para m\u00e1s informaci\u00f3n sobre&nbsp;<em>Power Tr\u00edo<\/em>, visita su cuenta de Instagram&nbsp;<a href=\"https:\/\/www.instagram.com\/powertriomusic\/\" target=\"_blank\" rel=\"noreferrer noopener\">@powertriomusic<\/a>&nbsp;y en YouTube Power Tr\u00edo Music.<\/p>\n\n\n\n<figure class=\"wp-block-image size-large\"><img loading=\"lazy\" decoding=\"async\" width=\"1000\" height=\"667\" src=\"https:\/\/temucotelevision.cl\/web\/wp-content\/uploads\/2024\/11\/Ambiente-1000x667.jpg\" alt=\"\" class=\"wp-image-53481\" srcset=\"https:\/\/temucotelevision.cl\/web\/wp-content\/uploads\/2024\/11\/Ambiente-1000x667.jpg 1000w, https:\/\/temucotelevision.cl\/web\/wp-content\/uploads\/2024\/11\/Ambiente-768x512.jpg 768w, https:\/\/temucotelevision.cl\/web\/wp-content\/uploads\/2024\/11\/Ambiente-1536x1024.jpg 1536w, https:\/\/temucotelevision.cl\/web\/wp-content\/uploads\/2024\/11\/Ambiente-2048x1366.jpg 2048w\" sizes=\"auto, (max-width: 1000px) 100vw, 1000px\" \/><\/figure>\n","protected":false},"excerpt":{"rendered":"<div class=\"pvc_clear\"><\/div>\n<p id=\"pvc_stats_53479\" class=\"pvc_stats total_only  \" data-element-id=\"53479\" style=\"\"><i class=\"pvc-stats-icon large\" aria-hidden=\"true\"><svg aria-hidden=\"true\" focusable=\"false\" data-prefix=\"far\" data-icon=\"chart-bar\" role=\"img\" xmlns=\"http:\/\/www.w3.org\/2000\/svg\" viewBox=\"0 0 512 512\" class=\"svg-inline--fa fa-chart-bar fa-w-16 fa-2x\"><path fill=\"currentColor\" d=\"M396.8 352h22.4c6.4 0 12.8-6.4 12.8-12.8V108.8c0-6.4-6.4-12.8-12.8-12.8h-22.4c-6.4 0-12.8 6.4-12.8 12.8v230.4c0 6.4 6.4 12.8 12.8 12.8zm-192 0h22.4c6.4 0 12.8-6.4 12.8-12.8V140.8c0-6.4-6.4-12.8-12.8-12.8h-22.4c-6.4 0-12.8 6.4-12.8 12.8v198.4c0 6.4 6.4 12.8 12.8 12.8zm96 0h22.4c6.4 0 12.8-6.4 12.8-12.8V204.8c0-6.4-6.4-12.8-12.8-12.8h-22.4c-6.4 0-12.8 6.4-12.8 12.8v134.4c0 6.4 6.4 12.8 12.8 12.8zM496 400H48V80c0-8.84-7.16-16-16-16H16C7.16 64 0 71.16 0 80v336c0 17.67 14.33 32 32 32h464c8.84 0 16-7.16 16-16v-16c0-8.84-7.16-16-16-16zm-387.2-48h22.4c6.4 0 12.8-6.4 12.8-12.8v-70.4c0-6.4-6.4-12.8-12.8-12.8h-22.4c-6.4 0-12.8 6.4-12.8 12.8v70.4c0 6.4 6.4 12.8 12.8 12.8z\" class=\"\"><\/path><\/svg><\/i> <img loading=\"lazy\" decoding=\"async\" width=\"16\" height=\"16\" alt=\"Loading\" src=\"https:\/\/temucotelevision.cl\/web\/wp-content\/plugins\/page-views-count\/ajax-loader-2x.gif\" border=0 \/><\/p>\n<div class=\"pvc_clear\"><\/div>\n<p>Este domingo 10 de noviembre debuta Power Tr\u00edo, un nuevo programa de entrevistas y conversaci\u00f3n sobre m\u00fasica, cultura y entretenci\u00f3n,<\/p>\n","protected":false},"author":1,"featured_media":53480,"comment_status":"open","ping_status":"open","sticky":false,"template":"","format":"standard","meta":{"colormag_page_container_layout":"default_layout","colormag_page_sidebar_layout":"default_layout","footnotes":""},"categories":[369],"tags":[635],"class_list":["post-53479","post","type-post","status-publish","format-standard","has-post-thumbnail","hentry","category-musica","tag-banda"],"a3_pvc":{"activated":true,"total_views":1781,"today_views":0},"_links":{"self":[{"href":"https:\/\/temucotelevision.cl\/web\/wp-json\/wp\/v2\/posts\/53479","targetHints":{"allow":["GET"]}}],"collection":[{"href":"https:\/\/temucotelevision.cl\/web\/wp-json\/wp\/v2\/posts"}],"about":[{"href":"https:\/\/temucotelevision.cl\/web\/wp-json\/wp\/v2\/types\/post"}],"author":[{"embeddable":true,"href":"https:\/\/temucotelevision.cl\/web\/wp-json\/wp\/v2\/users\/1"}],"replies":[{"embeddable":true,"href":"https:\/\/temucotelevision.cl\/web\/wp-json\/wp\/v2\/comments?post=53479"}],"version-history":[{"count":1,"href":"https:\/\/temucotelevision.cl\/web\/wp-json\/wp\/v2\/posts\/53479\/revisions"}],"predecessor-version":[{"id":53482,"href":"https:\/\/temucotelevision.cl\/web\/wp-json\/wp\/v2\/posts\/53479\/revisions\/53482"}],"wp:featuredmedia":[{"embeddable":true,"href":"https:\/\/temucotelevision.cl\/web\/wp-json\/wp\/v2\/media\/53480"}],"wp:attachment":[{"href":"https:\/\/temucotelevision.cl\/web\/wp-json\/wp\/v2\/media?parent=53479"}],"wp:term":[{"taxonomy":"category","embeddable":true,"href":"https:\/\/temucotelevision.cl\/web\/wp-json\/wp\/v2\/categories?post=53479"},{"taxonomy":"post_tag","embeddable":true,"href":"https:\/\/temucotelevision.cl\/web\/wp-json\/wp\/v2\/tags?post=53479"}],"curies":[{"name":"wp","href":"https:\/\/api.w.org\/{rel}","templated":true}]}}