{"id":53475,"date":"2024-11-09T11:18:21","date_gmt":"2024-11-09T14:18:21","guid":{"rendered":"https:\/\/temucotelevision.cl\/web\/?p=53475"},"modified":"2024-11-09T12:45:24","modified_gmt":"2024-11-09T15:45:24","slug":"diputado-jorge-saffirio-se-requiere-con-urgencia-cambiar-el-sistema-de-nombramiento-de-jueces","status":"publish","type":"post","link":"https:\/\/temucotelevision.cl\/web\/2024\/11\/09\/diputado-jorge-saffirio-se-requiere-con-urgencia-cambiar-el-sistema-de-nombramiento-de-jueces\/","title":{"rendered":"Diputado Jorge Saffirio: \u201cSe requiere con urgencia cambiar el sistema de nombramiento de jueces\u201d"},"content":{"rendered":"<div class=\"pvc_clear\"><\/div><p id=\"pvc_stats_53475\" class=\"pvc_stats total_only  \" data-element-id=\"53475\" style=\"\"><i class=\"pvc-stats-icon large\" aria-hidden=\"true\"><svg aria-hidden=\"true\" focusable=\"false\" data-prefix=\"far\" data-icon=\"chart-bar\" role=\"img\" xmlns=\"http:\/\/www.w3.org\/2000\/svg\" viewBox=\"0 0 512 512\" class=\"svg-inline--fa fa-chart-bar fa-w-16 fa-2x\"><path fill=\"currentColor\" d=\"M396.8 352h22.4c6.4 0 12.8-6.4 12.8-12.8V108.8c0-6.4-6.4-12.8-12.8-12.8h-22.4c-6.4 0-12.8 6.4-12.8 12.8v230.4c0 6.4 6.4 12.8 12.8 12.8zm-192 0h22.4c6.4 0 12.8-6.4 12.8-12.8V140.8c0-6.4-6.4-12.8-12.8-12.8h-22.4c-6.4 0-12.8 6.4-12.8 12.8v198.4c0 6.4 6.4 12.8 12.8 12.8zm96 0h22.4c6.4 0 12.8-6.4 12.8-12.8V204.8c0-6.4-6.4-12.8-12.8-12.8h-22.4c-6.4 0-12.8 6.4-12.8 12.8v134.4c0 6.4 6.4 12.8 12.8 12.8zM496 400H48V80c0-8.84-7.16-16-16-16H16C7.16 64 0 71.16 0 80v336c0 17.67 14.33 32 32 32h464c8.84 0 16-7.16 16-16v-16c0-8.84-7.16-16-16-16zm-387.2-48h22.4c6.4 0 12.8-6.4 12.8-12.8v-70.4c0-6.4-6.4-12.8-12.8-12.8h-22.4c-6.4 0-12.8 6.4-12.8 12.8v70.4c0 6.4 6.4 12.8 12.8 12.8z\" class=\"\"><\/path><\/svg><\/i> <img loading=\"lazy\" decoding=\"async\" width=\"16\" height=\"16\" alt=\"Loading\" src=\"https:\/\/temucotelevision.cl\/web\/wp-content\/plugins\/page-views-count\/ajax-loader-2x.gif\" border=0 \/><\/p><div class=\"pvc_clear\"><\/div>\n<p><strong><em>El legislador suscribi\u00f3 un proyecto que establece la creaci\u00f3n de un Consejo Aut\u00f3nomo compuesto por 11 miembros, los que deber\u00e1n presentar una quina al Presidente de la Rep\u00fablica. La iniciativa adem\u00e1s modifica el sistema de nombramiento de jueces de la Corte de Apelaciones y Fiscales Judiciales.&nbsp;&nbsp;&nbsp;<\/em><\/strong><\/p>\n\n\n\n<p><strong>Valpara\u00edso.-<\/strong>&nbsp;Consciente de la urgente necesidad de modificar el sistema de nombramiento de Ministros de la Corte Suprema, el diputado Jorge Saffirio suscribi\u00f3 una reforma constitucional en esta materia, estableciendo la creaci\u00f3n de un Consejo Aut\u00f3nomo compuesto por 11 miembros que ser\u00e1n los encargados de designar una quina que ser\u00e1 presentada al Presidente de la Rep\u00fablica.&nbsp;&nbsp;<\/p>\n\n\n\n<p>En el documento, que fue presentado junto al diputado Miguel \u00c1ngel Calisto, se establece que \u201clos ministros y los fiscales judiciales de la Corte Suprema ser\u00e1n nombrados por el Presidente de la Rep\u00fablica, eligi\u00e9ndolos de una n\u00f3mina de cinco personas que, en cada caso, propondr\u00e1 un Consejo Aut\u00f3nomo de Justicia, y con acuerdo del Senado. Este adoptar\u00e1 los respectivos acuerdos por los dos tercios de sus miembros en ejercicio, en sesi\u00f3n especialmente convocada al efecto. Si el Senado no aprobare la proposici\u00f3n del Presidente de la Rep\u00fablica, el Consejo deber\u00e1 completar la quina proponiendo un nuevo nombre en sustituci\u00f3n del rechazado, repiti\u00e9ndose el procedimiento hasta que se apruebe un nombramiento\u201d.<\/p>\n\n\n\n<p>La iniciativa adem\u00e1s incluye modificaciones para el sistema de nombramiento de jueces y fiscales judiciales pertenecientes al Poder Judicial.&nbsp;<\/p>\n\n\n\n<p>Seg\u00fan el diputado Jorge Saffirio, \u201cdecid\u00ed suscribir este proyecto que modifica el sistema de nombramiento de jueces. Estamos frente a una crisis profunda, sin precedentes, que est\u00e1 horadando a uno de nuestros poderes del Estado. En este sentido, era fundamental que se presentaran iniciativas alternativas a la propuesta del gobierno para analizar la mayor cantidad de opciones\u201d.&nbsp;<\/p>\n\n\n\n<p>Finalmente, el legislador se\u00f1al\u00f3 \u201ces muy importante que avancemos de manera r\u00e1pida en este tema, pero que sea un buen proyecto. La reforma presentada por el gobierno ya se est\u00e1 discutiendo en la Comisi\u00f3n de Constituci\u00f3n. Por nuestra parte, vamos a apoyar la iniciativa de mayor consenso, que recoja las distintas inquietudes que tenemos en esta materia\u201d.&nbsp;<\/p>\n","protected":false},"excerpt":{"rendered":"<div class=\"pvc_clear\"><\/div>\n<p id=\"pvc_stats_53475\" class=\"pvc_stats total_only  \" data-element-id=\"53475\" style=\"\"><i class=\"pvc-stats-icon large\" aria-hidden=\"true\"><svg aria-hidden=\"true\" focusable=\"false\" data-prefix=\"far\" data-icon=\"chart-bar\" role=\"img\" xmlns=\"http:\/\/www.w3.org\/2000\/svg\" viewBox=\"0 0 512 512\" class=\"svg-inline--fa fa-chart-bar fa-w-16 fa-2x\"><path fill=\"currentColor\" d=\"M396.8 352h22.4c6.4 0 12.8-6.4 12.8-12.8V108.8c0-6.4-6.4-12.8-12.8-12.8h-22.4c-6.4 0-12.8 6.4-12.8 12.8v230.4c0 6.4 6.4 12.8 12.8 12.8zm-192 0h22.4c6.4 0 12.8-6.4 12.8-12.8V140.8c0-6.4-6.4-12.8-12.8-12.8h-22.4c-6.4 0-12.8 6.4-12.8 12.8v198.4c0 6.4 6.4 12.8 12.8 12.8zm96 0h22.4c6.4 0 12.8-6.4 12.8-12.8V204.8c0-6.4-6.4-12.8-12.8-12.8h-22.4c-6.4 0-12.8 6.4-12.8 12.8v134.4c0 6.4 6.4 12.8 12.8 12.8zM496 400H48V80c0-8.84-7.16-16-16-16H16C7.16 64 0 71.16 0 80v336c0 17.67 14.33 32 32 32h464c8.84 0 16-7.16 16-16v-16c0-8.84-7.16-16-16-16zm-387.2-48h22.4c6.4 0 12.8-6.4 12.8-12.8v-70.4c0-6.4-6.4-12.8-12.8-12.8h-22.4c-6.4 0-12.8 6.4-12.8 12.8v70.4c0 6.4 6.4 12.8 12.8 12.8z\" class=\"\"><\/path><\/svg><\/i> <img loading=\"lazy\" decoding=\"async\" width=\"16\" height=\"16\" alt=\"Loading\" src=\"https:\/\/temucotelevision.cl\/web\/wp-content\/plugins\/page-views-count\/ajax-loader-2x.gif\" border=0 \/><\/p>\n<div class=\"pvc_clear\"><\/div>\n<p>El legislador suscribi\u00f3 un proyecto que establece la creaci\u00f3n de un Consejo Aut\u00f3nomo compuesto por 11 miembros, los que deber\u00e1n<\/p>\n","protected":false},"author":1,"featured_media":53476,"comment_status":"open","ping_status":"open","sticky":false,"template":"","format":"standard","meta":{"colormag_page_container_layout":"default_layout","colormag_page_sidebar_layout":"default_layout","footnotes":""},"categories":[84],"tags":[154],"class_list":["post-53475","post","type-post","status-publish","format-standard","has-post-thumbnail","hentry","category-politica","tag-diputado"],"a3_pvc":{"activated":true,"total_views":1386,"today_views":0},"_links":{"self":[{"href":"https:\/\/temucotelevision.cl\/web\/wp-json\/wp\/v2\/posts\/53475","targetHints":{"allow":["GET"]}}],"collection":[{"href":"https:\/\/temucotelevision.cl\/web\/wp-json\/wp\/v2\/posts"}],"about":[{"href":"https:\/\/temucotelevision.cl\/web\/wp-json\/wp\/v2\/types\/post"}],"author":[{"embeddable":true,"href":"https:\/\/temucotelevision.cl\/web\/wp-json\/wp\/v2\/users\/1"}],"replies":[{"embeddable":true,"href":"https:\/\/temucotelevision.cl\/web\/wp-json\/wp\/v2\/comments?post=53475"}],"version-history":[{"count":1,"href":"https:\/\/temucotelevision.cl\/web\/wp-json\/wp\/v2\/posts\/53475\/revisions"}],"predecessor-version":[{"id":53477,"href":"https:\/\/temucotelevision.cl\/web\/wp-json\/wp\/v2\/posts\/53475\/revisions\/53477"}],"wp:featuredmedia":[{"embeddable":true,"href":"https:\/\/temucotelevision.cl\/web\/wp-json\/wp\/v2\/media\/53476"}],"wp:attachment":[{"href":"https:\/\/temucotelevision.cl\/web\/wp-json\/wp\/v2\/media?parent=53475"}],"wp:term":[{"taxonomy":"category","embeddable":true,"href":"https:\/\/temucotelevision.cl\/web\/wp-json\/wp\/v2\/categories?post=53475"},{"taxonomy":"post_tag","embeddable":true,"href":"https:\/\/temucotelevision.cl\/web\/wp-json\/wp\/v2\/tags?post=53475"}],"curies":[{"name":"wp","href":"https:\/\/api.w.org\/{rel}","templated":true}]}}