{"id":53470,"date":"2024-11-09T11:13:24","date_gmt":"2024-11-09T14:13:24","guid":{"rendered":"https:\/\/temucotelevision.cl\/web\/?p=53470"},"modified":"2024-11-09T11:13:25","modified_gmt":"2024-11-09T14:13:25","slug":"estreno-de-wirivilu-ser-de-agua-una-obra-que-fusiona-circo-teatro-naturaleza-y-cosmovision-mapuche","status":"publish","type":"post","link":"https:\/\/temucotelevision.cl\/web\/2024\/11\/09\/estreno-de-wirivilu-ser-de-agua-una-obra-que-fusiona-circo-teatro-naturaleza-y-cosmovision-mapuche\/","title":{"rendered":"Estreno de &#8220;Wirivil\u00fa ser de agua&#8221;: una obra que fusiona circo-teatro, naturaleza y cosmovisi\u00f3n mapuche"},"content":{"rendered":"<div class=\"pvc_clear\"><\/div><p id=\"pvc_stats_53470\" class=\"pvc_stats total_only  \" data-element-id=\"53470\" style=\"\"><i class=\"pvc-stats-icon large\" aria-hidden=\"true\"><svg aria-hidden=\"true\" focusable=\"false\" data-prefix=\"far\" data-icon=\"chart-bar\" role=\"img\" xmlns=\"http:\/\/www.w3.org\/2000\/svg\" viewBox=\"0 0 512 512\" class=\"svg-inline--fa fa-chart-bar fa-w-16 fa-2x\"><path fill=\"currentColor\" d=\"M396.8 352h22.4c6.4 0 12.8-6.4 12.8-12.8V108.8c0-6.4-6.4-12.8-12.8-12.8h-22.4c-6.4 0-12.8 6.4-12.8 12.8v230.4c0 6.4 6.4 12.8 12.8 12.8zm-192 0h22.4c6.4 0 12.8-6.4 12.8-12.8V140.8c0-6.4-6.4-12.8-12.8-12.8h-22.4c-6.4 0-12.8 6.4-12.8 12.8v198.4c0 6.4 6.4 12.8 12.8 12.8zm96 0h22.4c6.4 0 12.8-6.4 12.8-12.8V204.8c0-6.4-6.4-12.8-12.8-12.8h-22.4c-6.4 0-12.8 6.4-12.8 12.8v134.4c0 6.4 6.4 12.8 12.8 12.8zM496 400H48V80c0-8.84-7.16-16-16-16H16C7.16 64 0 71.16 0 80v336c0 17.67 14.33 32 32 32h464c8.84 0 16-7.16 16-16v-16c0-8.84-7.16-16-16-16zm-387.2-48h22.4c6.4 0 12.8-6.4 12.8-12.8v-70.4c0-6.4-6.4-12.8-12.8-12.8h-22.4c-6.4 0-12.8 6.4-12.8 12.8v70.4c0 6.4 6.4 12.8 12.8 12.8z\" class=\"\"><\/path><\/svg><\/i> <img loading=\"lazy\" decoding=\"async\" width=\"16\" height=\"16\" alt=\"Loading\" src=\"https:\/\/temucotelevision.cl\/web\/wp-content\/plugins\/page-views-count\/ajax-loader-2x.gif\" border=0 \/><\/p><div class=\"pvc_clear\"><\/div>\n<ul class=\"wp-block-list\">\n<li><strong>Este s\u00e1bado 16 de noviembre en teatro Liqu\u00e9n. La entrada es liberada y se puede reservar a trav\u00e9s de la plataforma Welcu:\u00a0<a href=\"https:\/\/welcu.com\/compania-saynata\/wirivilu-ser-de-agua\" target=\"_blank\" rel=\"noreferrer noopener\">https:\/\/welcu.com\/compania-saynata\/wirivilu-ser-de-agua<\/a><\/strong><\/li>\n<\/ul>\n\n\n\n<p>La Compa\u00f1\u00eda Saynata presenta el estreno de &#8220;Wirivil\u00fa Ser de Agua&#8221;, una innovadora propuesta de circo teatro que invita a reflexionar sobre la importancia de proteger nuestras aguas y la naturaleza. El estreno se realizar\u00e1 el s\u00e1bado 16 de noviembre a las 19:30 horas en el Centro Cultural Liquen de Villarrica.<\/p>\n\n\n\n<p>La obra se sumerge en la historia del Wirivil\u00fa, un ser sobrenatural de la cosmovisi\u00f3n mapuche con cabeza de zorro y cuerpo de serpiente, cuyo nombre proviene de la fusi\u00f3n de las palabras en mapuzugun &#8220;ngur\u00fc&#8221; (zorro) y &#8220;vil\u00fc&#8221; (serpiente). A trav\u00e9s del personaje de Cipriana, la obra teje un relato que conecta la memoria personal con la memoria ancestral del agua, en un viaje po\u00e9tico y visualmente cautivador.<\/p>\n\n\n\n<p>Esta producci\u00f3n, que cuenta con el respaldo del programa Iberescena y&nbsp; es financiada Fondo Nacional de Fomento y Desarrollo de Artes Esc\u00e9nicas del Ministerio de las Culturas, las Artes y el Patrimonio, propone un espect\u00e1culo apto para todas las edades, donde el lenguaje circense se fusiona con elementos teatrales para crear una experiencia \u00fanica que busca sensibilizar sobre los desaf\u00edos socioambientales actuales.<\/p>\n\n\n\n<p>El seremi de&nbsp;las Culturas Eric Iturriaga Guti\u00e9rrez resalta que&nbsp; &#8220;&#8216;Wirivil\u00fc &#8211; Ser de Agua&#8217; es un ejemplo inspirador de c\u00f3mo el arte puede convertirse en un veh\u00edculo para la conciencia ambiental. Celebramos esta producci\u00f3n colaborativa internacional que lleva el mensaje de la protecci\u00f3n del agua a nuestra regi\u00f3n, fortaleciendo nuestro compromiso con el cuidado de nuestros recursos naturales y la identidad cultural mapuche. Invitamos a toda la comunidad a ser parte de esta experiencia transformadora y estaremos presente en el estreno\u201d.<\/p>\n\n\n\n<p>El estreno de &#8220;Wirivil\u00fc &#8211; Ser de Agua&#8221; se produce tras el \u00e9xito y reconocimiento que tuvo la presentaci\u00f3n preliminar a p\u00fablico en Ko Panqui, donde los asistentes destacaron la profundidad del trabajo creativo que fusiona el arte, la naturaleza y la consciencia ambiental.<\/p>\n\n\n\n<p>\u201cLogra transmitir un esp\u00edritu muy profundo de un llamado de un lago finalmente y que trae un mensaje que lo re\u00fane todo y me llevo as\u00ed como mucha belleza, est\u00e1 muy bien lograda desde las palabras la m\u00fasica la escena siento que es un rezo vivo que abre corazones&#8221;, dice Sabrina Zaror.&nbsp; \u201cMe encant\u00f3 una puesta en escena muy sensible muy completa. Me gust\u00f3 mucho todos los conceptos conectados con la naturaleza y todo lo ancestral y al mismo tiempo lo que tenemos que tener en cuenta en el d\u00eda a d\u00eda. Creo que es muy l\u00fadica, deja una gran ense\u00f1anza y tiene bastantes t\u00e9cnicas y sabores muy atractivos\u201d, comenta la actriz Marcela Urzay.<\/p>\n\n\n\n<p>La directora peruana Ana Correa expres\u00f3 su entusiasmo por el trabajo del equipo creativo de mujeres, resaltando el crecimiento de la actriz Carola Sandoval y la sororidad que caracteriza esta producci\u00f3n. Agradecemos al Fondo Nacional de las Artes Esc\u00e9nicas e Iberescena por hacer posible esta experiencia \u00fanica.<\/p>\n\n\n\n<p>Para mayor informaci\u00f3n sobre este proyecto art\u00edstico, el p\u00fablico puede seguir la cuenta oficial de Instagram @wirivilu_serdeagua.<\/p>\n\n\n\n<p>Informaci\u00f3n del evento:<\/p>\n\n\n\n<p>Fecha: s\u00e1bado 16 de noviembre. Hora: 19:30 horas. Lugar: Centro Cultural Liquen, Villarrica. Entrada: Liberada (reserva previa en Welcu)<\/p>\n\n\n\n<figure class=\"wp-block-image size-large\"><img loading=\"lazy\" decoding=\"async\" width=\"1000\" height=\"1000\" src=\"https:\/\/temucotelevision.cl\/web\/wp-content\/uploads\/2024\/11\/WhatsApp-Image-2024-11-06-at-16.10.25-3-1000x1000.jpeg\" alt=\"\" class=\"wp-image-53472\" srcset=\"https:\/\/temucotelevision.cl\/web\/wp-content\/uploads\/2024\/11\/WhatsApp-Image-2024-11-06-at-16.10.25-3-1000x1000.jpeg 1000w, https:\/\/temucotelevision.cl\/web\/wp-content\/uploads\/2024\/11\/WhatsApp-Image-2024-11-06-at-16.10.25-3-768x768.jpeg 768w, https:\/\/temucotelevision.cl\/web\/wp-content\/uploads\/2024\/11\/WhatsApp-Image-2024-11-06-at-16.10.25-3-150x150.jpeg 150w, https:\/\/temucotelevision.cl\/web\/wp-content\/uploads\/2024\/11\/WhatsApp-Image-2024-11-06-at-16.10.25-3.jpeg 1080w\" sizes=\"auto, (max-width: 1000px) 100vw, 1000px\" \/><\/figure>\n","protected":false},"excerpt":{"rendered":"<div class=\"pvc_clear\"><\/div>\n<p id=\"pvc_stats_53470\" class=\"pvc_stats total_only  \" data-element-id=\"53470\" style=\"\"><i class=\"pvc-stats-icon large\" aria-hidden=\"true\"><svg aria-hidden=\"true\" focusable=\"false\" data-prefix=\"far\" data-icon=\"chart-bar\" role=\"img\" xmlns=\"http:\/\/www.w3.org\/2000\/svg\" viewBox=\"0 0 512 512\" class=\"svg-inline--fa fa-chart-bar fa-w-16 fa-2x\"><path fill=\"currentColor\" d=\"M396.8 352h22.4c6.4 0 12.8-6.4 12.8-12.8V108.8c0-6.4-6.4-12.8-12.8-12.8h-22.4c-6.4 0-12.8 6.4-12.8 12.8v230.4c0 6.4 6.4 12.8 12.8 12.8zm-192 0h22.4c6.4 0 12.8-6.4 12.8-12.8V140.8c0-6.4-6.4-12.8-12.8-12.8h-22.4c-6.4 0-12.8 6.4-12.8 12.8v198.4c0 6.4 6.4 12.8 12.8 12.8zm96 0h22.4c6.4 0 12.8-6.4 12.8-12.8V204.8c0-6.4-6.4-12.8-12.8-12.8h-22.4c-6.4 0-12.8 6.4-12.8 12.8v134.4c0 6.4 6.4 12.8 12.8 12.8zM496 400H48V80c0-8.84-7.16-16-16-16H16C7.16 64 0 71.16 0 80v336c0 17.67 14.33 32 32 32h464c8.84 0 16-7.16 16-16v-16c0-8.84-7.16-16-16-16zm-387.2-48h22.4c6.4 0 12.8-6.4 12.8-12.8v-70.4c0-6.4-6.4-12.8-12.8-12.8h-22.4c-6.4 0-12.8 6.4-12.8 12.8v70.4c0 6.4 6.4 12.8 12.8 12.8z\" class=\"\"><\/path><\/svg><\/i> <img loading=\"lazy\" decoding=\"async\" width=\"16\" height=\"16\" alt=\"Loading\" src=\"https:\/\/temucotelevision.cl\/web\/wp-content\/plugins\/page-views-count\/ajax-loader-2x.gif\" border=0 \/><\/p>\n<div class=\"pvc_clear\"><\/div>\n<p>La Compa\u00f1\u00eda Saynata presenta el estreno de &#8220;Wirivil\u00fa Ser de Agua&#8221;, una innovadora propuesta de circo teatro que invita a<\/p>\n","protected":false},"author":1,"featured_media":53471,"comment_status":"open","ping_status":"open","sticky":false,"template":"","format":"standard","meta":{"colormag_page_container_layout":"default_layout","colormag_page_sidebar_layout":"default_layout","footnotes":""},"categories":[86],"tags":[925],"class_list":["post-53470","post","type-post","status-publish","format-standard","has-post-thumbnail","hentry","category-panoramas","tag-obra"],"a3_pvc":{"activated":true,"total_views":859,"today_views":0},"_links":{"self":[{"href":"https:\/\/temucotelevision.cl\/web\/wp-json\/wp\/v2\/posts\/53470","targetHints":{"allow":["GET"]}}],"collection":[{"href":"https:\/\/temucotelevision.cl\/web\/wp-json\/wp\/v2\/posts"}],"about":[{"href":"https:\/\/temucotelevision.cl\/web\/wp-json\/wp\/v2\/types\/post"}],"author":[{"embeddable":true,"href":"https:\/\/temucotelevision.cl\/web\/wp-json\/wp\/v2\/users\/1"}],"replies":[{"embeddable":true,"href":"https:\/\/temucotelevision.cl\/web\/wp-json\/wp\/v2\/comments?post=53470"}],"version-history":[{"count":1,"href":"https:\/\/temucotelevision.cl\/web\/wp-json\/wp\/v2\/posts\/53470\/revisions"}],"predecessor-version":[{"id":53473,"href":"https:\/\/temucotelevision.cl\/web\/wp-json\/wp\/v2\/posts\/53470\/revisions\/53473"}],"wp:featuredmedia":[{"embeddable":true,"href":"https:\/\/temucotelevision.cl\/web\/wp-json\/wp\/v2\/media\/53471"}],"wp:attachment":[{"href":"https:\/\/temucotelevision.cl\/web\/wp-json\/wp\/v2\/media?parent=53470"}],"wp:term":[{"taxonomy":"category","embeddable":true,"href":"https:\/\/temucotelevision.cl\/web\/wp-json\/wp\/v2\/categories?post=53470"},{"taxonomy":"post_tag","embeddable":true,"href":"https:\/\/temucotelevision.cl\/web\/wp-json\/wp\/v2\/tags?post=53470"}],"curies":[{"name":"wp","href":"https:\/\/api.w.org\/{rel}","templated":true}]}}