{"id":53459,"date":"2024-11-07T22:29:45","date_gmt":"2024-11-08T01:29:45","guid":{"rendered":"https:\/\/temucotelevision.cl\/web\/?p=53459"},"modified":"2024-11-07T22:29:46","modified_gmt":"2024-11-08T01:29:46","slug":"solucion-limpia-para-la-araucania-campana-ciudadana-busca-enfrentar-la-crisis-de-la-basura-y-vertederos","status":"publish","type":"post","link":"https:\/\/temucotelevision.cl\/web\/2024\/11\/07\/solucion-limpia-para-la-araucania-campana-ciudadana-busca-enfrentar-la-crisis-de-la-basura-y-vertederos\/","title":{"rendered":"\u201cSoluci\u00f3n Limpia Para La Araucan\u00eda\u201d: Campa\u00f1a ciudadana busca enfrentar la crisis de la basura y vertederos"},"content":{"rendered":"<div class=\"pvc_clear\"><\/div><p id=\"pvc_stats_53459\" class=\"pvc_stats total_only  \" data-element-id=\"53459\" style=\"\"><i class=\"pvc-stats-icon large\" aria-hidden=\"true\"><svg aria-hidden=\"true\" focusable=\"false\" data-prefix=\"far\" data-icon=\"chart-bar\" role=\"img\" xmlns=\"http:\/\/www.w3.org\/2000\/svg\" viewBox=\"0 0 512 512\" class=\"svg-inline--fa fa-chart-bar fa-w-16 fa-2x\"><path fill=\"currentColor\" d=\"M396.8 352h22.4c6.4 0 12.8-6.4 12.8-12.8V108.8c0-6.4-6.4-12.8-12.8-12.8h-22.4c-6.4 0-12.8 6.4-12.8 12.8v230.4c0 6.4 6.4 12.8 12.8 12.8zm-192 0h22.4c6.4 0 12.8-6.4 12.8-12.8V140.8c0-6.4-6.4-12.8-12.8-12.8h-22.4c-6.4 0-12.8 6.4-12.8 12.8v198.4c0 6.4 6.4 12.8 12.8 12.8zm96 0h22.4c6.4 0 12.8-6.4 12.8-12.8V204.8c0-6.4-6.4-12.8-12.8-12.8h-22.4c-6.4 0-12.8 6.4-12.8 12.8v134.4c0 6.4 6.4 12.8 12.8 12.8zM496 400H48V80c0-8.84-7.16-16-16-16H16C7.16 64 0 71.16 0 80v336c0 17.67 14.33 32 32 32h464c8.84 0 16-7.16 16-16v-16c0-8.84-7.16-16-16-16zm-387.2-48h22.4c6.4 0 12.8-6.4 12.8-12.8v-70.4c0-6.4-6.4-12.8-12.8-12.8h-22.4c-6.4 0-12.8 6.4-12.8 12.8v70.4c0 6.4 6.4 12.8 12.8 12.8z\" class=\"\"><\/path><\/svg><\/i> <img loading=\"lazy\" decoding=\"async\" width=\"16\" height=\"16\" alt=\"Loading\" src=\"https:\/\/temucotelevision.cl\/web\/wp-content\/plugins\/page-views-count\/ajax-loader-2x.gif\" border=0 \/><\/p><div class=\"pvc_clear\"><\/div>\n<p>La Araucan\u00eda produce m\u00e1s de 330 mil toneladas de residuos al a\u00f1o,&nbsp; y los vertederos locales est\u00e1n al l\u00edmite de su capacidad.<\/p>\n\n\n\n<p><strong>&nbsp;<\/strong>La preocupaci\u00f3n de las personas por la crisis de la basura y &nbsp;el colapso de los vertederos en la regi\u00f3n de La Araucan\u00eda va en aumento, raz\u00f3n por la cual se lanz\u00f3 una campa\u00f1a ciudadana llamada, \u201cSoluci\u00f3n Limpia\u201d, que tiene como objetivo visibilizar la problem\u00e1tica y proponer una soluci\u00f3n integral y moderna.<\/p>\n\n\n\n<p>Cabe destacar que, la Araucan\u00eda produce m\u00e1s de 330 mil toneladas de residuos al a\u00f1o, y los vertederos locales est\u00e1n al l\u00edmite de su capacidad, lo que tiene como consecuencias el traslado de basura a otras regiones del pa\u00eds, como por ejemplo el Biob\u00edo y la ciudad de Los \u00c1ngeles.<strong><\/strong><\/p>\n\n\n\n<p><strong>\u201cLos vertederos no son una soluci\u00f3n sostenible en el tiempo, aumentan la contaminaci\u00f3n y su colapso a otras regiones implica destinar m\u00e1s recursos, los que podr\u00edan dirigirse hacia otros problemas que afectan a la zona. La soluci\u00f3n debe ser viable y sostenible\u201d,<\/strong>&nbsp;indic\u00f3 Patricio Santib\u00e1\u00f1ez, presidente de la Multigremial de La Araucan\u00eda.<\/p>\n\n\n\n<p><strong>Una crisis ambiental sin precedentes pero con soluci\u00f3n limpia<\/strong><\/p>\n\n\n\n<p>Una soluci\u00f3n limpia es la alternativa para enfrentar la crisis, se trata del proyecto Waste-To-Energy (WTE) Araucan\u00eda, una de las mayores inversiones proyectadas para la comuna de Lautaro en los \u00faltimos 25 a\u00f1os.<\/p>\n\n\n\n<p>Dicho proyecto, cuenta con tecnolog\u00eda que transforma los residuos no reciclables en energ\u00eda, eliminando la dependencia de vertederos y tecnolog\u00edas de incineraci\u00f3n obsoletas. No solo entrega una soluci\u00f3n efectiva respecto a los residuos s\u00f3lidos, sino que tambi\u00e9n cumple estrictamente con todos los est\u00e1ndares t\u00e9cnicos y ambientales, de acuerdo con el Servicio de Evaluaci\u00f3n de Impacto Ambiental (SEA).<\/p>\n\n\n\n<p>No obstante, WTE fue rechazado por el Comit\u00e9 de Ministros, que se bas\u00f3 en criterios pol\u00edticos y no t\u00e9cnicos.<\/p>\n\n\n\n<p><strong>\u201cInstamos al Tribunal Ambiental, que pr\u00f3ximamente deber\u00e1 resolver sobre la reclamaci\u00f3n presentada por este proyecto (WTE), a que eval\u00fae esta situaci\u00f3n con base en los hechos t\u00e9cnicos y ambientales, y no en motivaciones pol\u00edticas que solo buscan entorpecer el desarrollo de la regi\u00f3n<\/strong>\u201d, indic\u00f3 Jos\u00e9 \u00d1irripil, presidente de la ONG MADRE (Movimiento de Amigos en Defensa y Resguardo Ecol\u00f3gico).<\/p>\n\n\n\n<p>Seg\u00fan los movimientos sociales que impulsan la campa\u00f1a, entre ellos la multigremial Soluci\u00f3n Limpia y el grupo MADRE, WTE es la soluci\u00f3n limpia para enfrentar la crisis y su rechazo pone en peligro el futuro de la gesti\u00f3n de la basura en la regi\u00f3n.<\/p>\n\n\n\n<p>M\u00e1s informaci\u00f3n sobre la campa\u00f1a se puede encontrar en sus redes sociales:<\/p>\n\n\n\n<p>Instagram:&nbsp;<a href=\"https:\/\/www.instagram.com\/solucionlimpia_ahora\/\" target=\"_blank\" rel=\"noreferrer noopener\">https:\/\/www.instagram.com\/solucionlimpia_ahora\/<\/a><\/p>\n\n\n\n<p>Facebook:&nbsp;<a href=\"https:\/\/web.facebook.com\/profile.php?id=61568083476876\" target=\"_blank\" rel=\"noreferrer noopener\">https:\/\/web.facebook.com\/profile.php?id=61568083476876<\/a><\/p>\n\n\n\n<p>TikTok:&nbsp;<a href=\"https:\/\/www.tiktok.com\/@solucionlimpia_ahora?lang=es\" target=\"_blank\" rel=\"noreferrer noopener\">https:\/\/www.tiktok.com\/@solucionlimpia_ahora?lang=es<\/a><\/p>\n\n\n\n<p>X:&nbsp;<a href=\"https:\/\/x.com\/solucionlimpia\" target=\"_blank\" rel=\"noreferrer noopener\">https:\/\/x.com\/solucionlimpia<\/a><\/p>\n\n\n\n<p><\/p>\n","protected":false},"excerpt":{"rendered":"<div class=\"pvc_clear\"><\/div>\n<p id=\"pvc_stats_53459\" class=\"pvc_stats total_only  \" data-element-id=\"53459\" style=\"\"><i class=\"pvc-stats-icon large\" aria-hidden=\"true\"><svg aria-hidden=\"true\" focusable=\"false\" data-prefix=\"far\" data-icon=\"chart-bar\" role=\"img\" xmlns=\"http:\/\/www.w3.org\/2000\/svg\" viewBox=\"0 0 512 512\" class=\"svg-inline--fa fa-chart-bar fa-w-16 fa-2x\"><path fill=\"currentColor\" d=\"M396.8 352h22.4c6.4 0 12.8-6.4 12.8-12.8V108.8c0-6.4-6.4-12.8-12.8-12.8h-22.4c-6.4 0-12.8 6.4-12.8 12.8v230.4c0 6.4 6.4 12.8 12.8 12.8zm-192 0h22.4c6.4 0 12.8-6.4 12.8-12.8V140.8c0-6.4-6.4-12.8-12.8-12.8h-22.4c-6.4 0-12.8 6.4-12.8 12.8v198.4c0 6.4 6.4 12.8 12.8 12.8zm96 0h22.4c6.4 0 12.8-6.4 12.8-12.8V204.8c0-6.4-6.4-12.8-12.8-12.8h-22.4c-6.4 0-12.8 6.4-12.8 12.8v134.4c0 6.4 6.4 12.8 12.8 12.8zM496 400H48V80c0-8.84-7.16-16-16-16H16C7.16 64 0 71.16 0 80v336c0 17.67 14.33 32 32 32h464c8.84 0 16-7.16 16-16v-16c0-8.84-7.16-16-16-16zm-387.2-48h22.4c6.4 0 12.8-6.4 12.8-12.8v-70.4c0-6.4-6.4-12.8-12.8-12.8h-22.4c-6.4 0-12.8 6.4-12.8 12.8v70.4c0 6.4 6.4 12.8 12.8 12.8z\" class=\"\"><\/path><\/svg><\/i> <img loading=\"lazy\" decoding=\"async\" width=\"16\" height=\"16\" alt=\"Loading\" src=\"https:\/\/temucotelevision.cl\/web\/wp-content\/plugins\/page-views-count\/ajax-loader-2x.gif\" border=0 \/><\/p>\n<div class=\"pvc_clear\"><\/div>\n<p>La Araucan\u00eda produce m\u00e1s de 330 mil toneladas de residuos al a\u00f1o,&nbsp; y los vertederos locales est\u00e1n al l\u00edmite de<\/p>\n","protected":false},"author":1,"featured_media":53460,"comment_status":"open","ping_status":"open","sticky":false,"template":"","format":"standard","meta":{"colormag_page_container_layout":"default_layout","colormag_page_sidebar_layout":"default_layout","footnotes":""},"categories":[14],"tags":[532],"class_list":["post-53459","post","type-post","status-publish","format-standard","has-post-thumbnail","hentry","category-temuco","tag-campana"],"a3_pvc":{"activated":true,"total_views":1228,"today_views":0},"_links":{"self":[{"href":"https:\/\/temucotelevision.cl\/web\/wp-json\/wp\/v2\/posts\/53459","targetHints":{"allow":["GET"]}}],"collection":[{"href":"https:\/\/temucotelevision.cl\/web\/wp-json\/wp\/v2\/posts"}],"about":[{"href":"https:\/\/temucotelevision.cl\/web\/wp-json\/wp\/v2\/types\/post"}],"author":[{"embeddable":true,"href":"https:\/\/temucotelevision.cl\/web\/wp-json\/wp\/v2\/users\/1"}],"replies":[{"embeddable":true,"href":"https:\/\/temucotelevision.cl\/web\/wp-json\/wp\/v2\/comments?post=53459"}],"version-history":[{"count":1,"href":"https:\/\/temucotelevision.cl\/web\/wp-json\/wp\/v2\/posts\/53459\/revisions"}],"predecessor-version":[{"id":53461,"href":"https:\/\/temucotelevision.cl\/web\/wp-json\/wp\/v2\/posts\/53459\/revisions\/53461"}],"wp:featuredmedia":[{"embeddable":true,"href":"https:\/\/temucotelevision.cl\/web\/wp-json\/wp\/v2\/media\/53460"}],"wp:attachment":[{"href":"https:\/\/temucotelevision.cl\/web\/wp-json\/wp\/v2\/media?parent=53459"}],"wp:term":[{"taxonomy":"category","embeddable":true,"href":"https:\/\/temucotelevision.cl\/web\/wp-json\/wp\/v2\/categories?post=53459"},{"taxonomy":"post_tag","embeddable":true,"href":"https:\/\/temucotelevision.cl\/web\/wp-json\/wp\/v2\/tags?post=53459"}],"curies":[{"name":"wp","href":"https:\/\/api.w.org\/{rel}","templated":true}]}}