{"id":53454,"date":"2024-11-07T22:13:20","date_gmt":"2024-11-08T01:13:20","guid":{"rendered":"https:\/\/temucotelevision.cl\/web\/?p=53454"},"modified":"2024-11-07T22:13:21","modified_gmt":"2024-11-08T01:13:21","slug":"diputados-democratas-aseguran-que-al-gobierno-no-le-interesa-la-seguridad-del-pais","status":"publish","type":"post","link":"https:\/\/temucotelevision.cl\/web\/2024\/11\/07\/diputados-democratas-aseguran-que-al-gobierno-no-le-interesa-la-seguridad-del-pais\/","title":{"rendered":"Diputados Dem\u00f3cratas aseguran que al Gobierno no le interesa la seguridad del pa\u00eds"},"content":{"rendered":"<div class=\"pvc_clear\"><\/div><p id=\"pvc_stats_53454\" class=\"pvc_stats total_only  \" data-element-id=\"53454\" style=\"\"><i class=\"pvc-stats-icon large\" aria-hidden=\"true\"><svg aria-hidden=\"true\" focusable=\"false\" data-prefix=\"far\" data-icon=\"chart-bar\" role=\"img\" xmlns=\"http:\/\/www.w3.org\/2000\/svg\" viewBox=\"0 0 512 512\" class=\"svg-inline--fa fa-chart-bar fa-w-16 fa-2x\"><path fill=\"currentColor\" d=\"M396.8 352h22.4c6.4 0 12.8-6.4 12.8-12.8V108.8c0-6.4-6.4-12.8-12.8-12.8h-22.4c-6.4 0-12.8 6.4-12.8 12.8v230.4c0 6.4 6.4 12.8 12.8 12.8zm-192 0h22.4c6.4 0 12.8-6.4 12.8-12.8V140.8c0-6.4-6.4-12.8-12.8-12.8h-22.4c-6.4 0-12.8 6.4-12.8 12.8v198.4c0 6.4 6.4 12.8 12.8 12.8zm96 0h22.4c6.4 0 12.8-6.4 12.8-12.8V204.8c0-6.4-6.4-12.8-12.8-12.8h-22.4c-6.4 0-12.8 6.4-12.8 12.8v134.4c0 6.4 6.4 12.8 12.8 12.8zM496 400H48V80c0-8.84-7.16-16-16-16H16C7.16 64 0 71.16 0 80v336c0 17.67 14.33 32 32 32h464c8.84 0 16-7.16 16-16v-16c0-8.84-7.16-16-16-16zm-387.2-48h22.4c6.4 0 12.8-6.4 12.8-12.8v-70.4c0-6.4-6.4-12.8-12.8-12.8h-22.4c-6.4 0-12.8 6.4-12.8 12.8v70.4c0 6.4 6.4 12.8 12.8 12.8z\" class=\"\"><\/path><\/svg><\/i> <img loading=\"lazy\" decoding=\"async\" width=\"16\" height=\"16\" alt=\"Loading\" src=\"https:\/\/temucotelevision.cl\/web\/wp-content\/plugins\/page-views-count\/ajax-loader-2x.gif\" border=0 \/><\/p><div class=\"pvc_clear\"><\/div>\n<p><em>Los parlamentarios cuestionaron la renuncia del subsecretario de Prevenci\u00f3n del Delito, se\u00f1alando que esto refleja la falta de inter\u00e9s del Gobierno por la seguridad y su preocupaci\u00f3n por levantar una campa\u00f1a pol\u00edtica.<br><\/em><br>Los diputados y diputadas dem\u00f3cratas han solicitado en reiteradas ocasiones un cambio urgente de gabinete, especialmente pidiendo la salida de la ministra Carolina Toh\u00e1, por su responsabilidad pol\u00edtica en el caso Monsalve y en la crisis de seguridad que afecta al pa\u00eds. Hoy, al enterarse de la renuncia del ex subsecretario Vergara, han sido enf\u00e1ticos al se\u00f1alar que estos cambios son meramente cosm\u00e9ticos, no abordan la ra\u00edz de la crisis y sospechan que se est\u00e1n haciendo con miras a las pr\u00f3ximas elecciones parlamentarias.<\/p>\n\n\n\n<p>\u201cEstos cambios superficiales por parte del gobierno no reflejan la magnitud de la crisis que enfrenta el Ejecutivo en \u00e1reas como la econom\u00eda, la seguridad y la credibilidad. Por lo tanto, no tenemos muchas expectativas respecto a lo que pueda suceder ahora, porque creemos que las cabezas de los ministerios est\u00e1n flaqueando, no tienen autocr\u00edtica y no logran encontrar el camino correcto\u201d, se\u00f1al\u00f3 la jefa de bancada, Joanna P\u00e9rez.<\/p>\n\n\n\n<p>Por su parte, el diputado V\u00edctor Pino valor\u00f3 la salida del subsecretario, asegurando que \u201cesta salida debi\u00f3 haberse producido hace varios meses, ya que, en mi opini\u00f3n, el subsecretario Vergara jam\u00e1s tuvo las habilidades necesarias para el cargo. Espero que la nueva autoridad tenga en cuenta las necesidades de la ciudadan\u00eda y se haga cargo de manera efectiva de la prevenci\u00f3n del delito, no como lo ven\u00edamos viendo hasta ahora, donde m\u00e1s que una subsecretar\u00eda de prevenci\u00f3n, parec\u00eda una subsecretar\u00eda de reacci\u00f3n al delito\u201d.<\/p>\n\n\n\n<p>La diputada Erika Olivera fue a\u00fan m\u00e1s cr\u00edtica: \u201cLamentamos que esto est\u00e9 ocurriendo, porque, por una parte, la se\u00f1al que da el gobierno al decir que no habr\u00e1 cambio de gabinete le hace un da\u00f1o tremendo al pa\u00eds, considerando la crisis que estamos viviendo en materia de seguridad. Con ello, le dicen a la ciudadan\u00eda que les da lo mismo\u201d.<\/p>\n\n\n\n<p>Adem\u00e1s, sentenci\u00f3: \u201cVer que las autoridades empiezan a renunciar a sus cargos tambi\u00e9n es una muy mala se\u00f1al, porque indica que no les interesa la seguridad ni el sentir de la ciudadan\u00eda. Est\u00e1n m\u00e1s preocupados de levantar una campa\u00f1a pol\u00edtica que de atender las verdaderas demandas que tiene el pa\u00eds. Por lo tanto, llamamos al gobierno a que ponga el foco en los problemas y necesidades que hoy enfrentan las personas en materia de seguridad\u201d.<\/p>\n","protected":false},"excerpt":{"rendered":"<div class=\"pvc_clear\"><\/div>\n<p id=\"pvc_stats_53454\" class=\"pvc_stats total_only  \" data-element-id=\"53454\" style=\"\"><i class=\"pvc-stats-icon large\" aria-hidden=\"true\"><svg aria-hidden=\"true\" focusable=\"false\" data-prefix=\"far\" data-icon=\"chart-bar\" role=\"img\" xmlns=\"http:\/\/www.w3.org\/2000\/svg\" viewBox=\"0 0 512 512\" class=\"svg-inline--fa fa-chart-bar fa-w-16 fa-2x\"><path fill=\"currentColor\" d=\"M396.8 352h22.4c6.4 0 12.8-6.4 12.8-12.8V108.8c0-6.4-6.4-12.8-12.8-12.8h-22.4c-6.4 0-12.8 6.4-12.8 12.8v230.4c0 6.4 6.4 12.8 12.8 12.8zm-192 0h22.4c6.4 0 12.8-6.4 12.8-12.8V140.8c0-6.4-6.4-12.8-12.8-12.8h-22.4c-6.4 0-12.8 6.4-12.8 12.8v198.4c0 6.4 6.4 12.8 12.8 12.8zm96 0h22.4c6.4 0 12.8-6.4 12.8-12.8V204.8c0-6.4-6.4-12.8-12.8-12.8h-22.4c-6.4 0-12.8 6.4-12.8 12.8v134.4c0 6.4 6.4 12.8 12.8 12.8zM496 400H48V80c0-8.84-7.16-16-16-16H16C7.16 64 0 71.16 0 80v336c0 17.67 14.33 32 32 32h464c8.84 0 16-7.16 16-16v-16c0-8.84-7.16-16-16-16zm-387.2-48h22.4c6.4 0 12.8-6.4 12.8-12.8v-70.4c0-6.4-6.4-12.8-12.8-12.8h-22.4c-6.4 0-12.8 6.4-12.8 12.8v70.4c0 6.4 6.4 12.8 12.8 12.8z\" class=\"\"><\/path><\/svg><\/i> <img loading=\"lazy\" decoding=\"async\" width=\"16\" height=\"16\" alt=\"Loading\" src=\"https:\/\/temucotelevision.cl\/web\/wp-content\/plugins\/page-views-count\/ajax-loader-2x.gif\" border=0 \/><\/p>\n<div class=\"pvc_clear\"><\/div>\n<p>Los parlamentarios cuestionaron la renuncia del subsecretario de Prevenci\u00f3n del Delito, se\u00f1alando que esto refleja la falta de inter\u00e9s del<\/p>\n","protected":false},"author":1,"featured_media":53455,"comment_status":"open","ping_status":"open","sticky":false,"template":"","format":"standard","meta":{"colormag_page_container_layout":"default_layout","colormag_page_sidebar_layout":"default_layout","footnotes":""},"categories":[84],"tags":[7142],"class_list":["post-53454","post","type-post","status-publish","format-standard","has-post-thumbnail","hentry","category-politica","tag-democratas"],"a3_pvc":{"activated":true,"total_views":39,"today_views":0},"_links":{"self":[{"href":"https:\/\/temucotelevision.cl\/web\/wp-json\/wp\/v2\/posts\/53454","targetHints":{"allow":["GET"]}}],"collection":[{"href":"https:\/\/temucotelevision.cl\/web\/wp-json\/wp\/v2\/posts"}],"about":[{"href":"https:\/\/temucotelevision.cl\/web\/wp-json\/wp\/v2\/types\/post"}],"author":[{"embeddable":true,"href":"https:\/\/temucotelevision.cl\/web\/wp-json\/wp\/v2\/users\/1"}],"replies":[{"embeddable":true,"href":"https:\/\/temucotelevision.cl\/web\/wp-json\/wp\/v2\/comments?post=53454"}],"version-history":[{"count":1,"href":"https:\/\/temucotelevision.cl\/web\/wp-json\/wp\/v2\/posts\/53454\/revisions"}],"predecessor-version":[{"id":53456,"href":"https:\/\/temucotelevision.cl\/web\/wp-json\/wp\/v2\/posts\/53454\/revisions\/53456"}],"wp:featuredmedia":[{"embeddable":true,"href":"https:\/\/temucotelevision.cl\/web\/wp-json\/wp\/v2\/media\/53455"}],"wp:attachment":[{"href":"https:\/\/temucotelevision.cl\/web\/wp-json\/wp\/v2\/media?parent=53454"}],"wp:term":[{"taxonomy":"category","embeddable":true,"href":"https:\/\/temucotelevision.cl\/web\/wp-json\/wp\/v2\/categories?post=53454"},{"taxonomy":"post_tag","embeddable":true,"href":"https:\/\/temucotelevision.cl\/web\/wp-json\/wp\/v2\/tags?post=53454"}],"curies":[{"name":"wp","href":"https:\/\/api.w.org\/{rel}","templated":true}]}}