{"id":53448,"date":"2024-11-07T22:01:53","date_gmt":"2024-11-08T01:01:53","guid":{"rendered":"https:\/\/temucotelevision.cl\/web\/?p=53448"},"modified":"2024-11-07T22:05:04","modified_gmt":"2024-11-08T01:05:04","slug":"en-el-centro-cultural-de-padre-las-casas-se-estrenara-documental-de-amsterdam-a-puerto-saavedra","status":"publish","type":"post","link":"https:\/\/temucotelevision.cl\/web\/2024\/11\/07\/en-el-centro-cultural-de-padre-las-casas-se-estrenara-documental-de-amsterdam-a-puerto-saavedra\/","title":{"rendered":"En el centro cultural de Padre las Casas se estrenar\u00e1 documental \u201cDe Amsterdam a Puerto Saavedra\u201d"},"content":{"rendered":"<div class=\"pvc_clear\"><\/div><p id=\"pvc_stats_53448\" class=\"pvc_stats total_only  \" data-element-id=\"53448\" style=\"\"><i class=\"pvc-stats-icon large\" aria-hidden=\"true\"><svg aria-hidden=\"true\" focusable=\"false\" data-prefix=\"far\" data-icon=\"chart-bar\" role=\"img\" xmlns=\"http:\/\/www.w3.org\/2000\/svg\" viewBox=\"0 0 512 512\" class=\"svg-inline--fa fa-chart-bar fa-w-16 fa-2x\"><path fill=\"currentColor\" d=\"M396.8 352h22.4c6.4 0 12.8-6.4 12.8-12.8V108.8c0-6.4-6.4-12.8-12.8-12.8h-22.4c-6.4 0-12.8 6.4-12.8 12.8v230.4c0 6.4 6.4 12.8 12.8 12.8zm-192 0h22.4c6.4 0 12.8-6.4 12.8-12.8V140.8c0-6.4-6.4-12.8-12.8-12.8h-22.4c-6.4 0-12.8 6.4-12.8 12.8v198.4c0 6.4 6.4 12.8 12.8 12.8zm96 0h22.4c6.4 0 12.8-6.4 12.8-12.8V204.8c0-6.4-6.4-12.8-12.8-12.8h-22.4c-6.4 0-12.8 6.4-12.8 12.8v134.4c0 6.4 6.4 12.8 12.8 12.8zM496 400H48V80c0-8.84-7.16-16-16-16H16C7.16 64 0 71.16 0 80v336c0 17.67 14.33 32 32 32h464c8.84 0 16-7.16 16-16v-16c0-8.84-7.16-16-16-16zm-387.2-48h22.4c6.4 0 12.8-6.4 12.8-12.8v-70.4c0-6.4-6.4-12.8-12.8-12.8h-22.4c-6.4 0-12.8 6.4-12.8 12.8v70.4c0 6.4 6.4 12.8 12.8 12.8z\" class=\"\"><\/path><\/svg><\/i> <img loading=\"lazy\" decoding=\"async\" width=\"16\" height=\"16\" alt=\"Loading\" src=\"https:\/\/temucotelevision.cl\/web\/wp-content\/plugins\/page-views-count\/ajax-loader-2x.gif\" border=0 \/><\/p><div class=\"pvc_clear\"><\/div>\n<p>En el Centro Cultural de Padre Las Casas se estrenar\u00e1 el documental \u201cDe Amsterdam a Puerto Saavedra\u201d. Este documental financiado por el Ministerio de las Culturas las Artes y el Patrimonio, Fondo de Fomento Audiovisual, Producci\u00f3n Audiovisual Regional, ha sido producido y realizado \u00edntegramente por un equipo de la Regi\u00f3n de La Araucan\u00eda, bajo la Direcci\u00f3n del documentalista Guido Brevis.<\/p>\n\n\n\n<iframe loading=\"lazy\" width=\"560\" height=\"315\" src=\"https:\/\/www.youtube.com\/embed\/pT98XEQth4U?si=bFXSGdZjfIDspM5B\" title=\"YouTube video player\" frameborder=\"0\" allow=\"accelerometer; autoplay; clipboard-write; encrypted-media; gyroscope; picture-in-picture; web-share\" referrerpolicy=\"strict-origin-when-cross-origin\" allowfullscreen><\/iframe>\n\n\n\n<p>Seg\u00fan su Director, \u201cel documental, se basa en hechos ocurridos en Puerto Saavedra, Regi\u00f3n de La Araucan\u00eda en el a\u00f1o 1973, cuando campesinos mapuche, son asesinados por militares destinados a esa zona, una vez perpetrado el golpe militar. Francisco Curamil Castillo y Mauricio Huenucoy Antil, fueron 2 de estos j\u00f3venes mapuche que pertenec\u00edan al asentamiento \u201cElmo Catal\u00e1n\u201d.<\/p>\n\n\n\n<p>Haciendo un recorrido por la \u00e9poca, a trav\u00e9s de fotograf\u00edas in\u00e9ditas del asentamiento \u201cElmo Catal\u00e1n\u201d, familiares y conocidos de estos j\u00f3venes, hacen memoria desde los hechos recordados y desde la propia cultura. Las fotograf\u00edas son un testimonio que ha llegado desde Amsterdam, Pa\u00edses Bajos, ya que un joven neerland\u00e9s estuvo en el asentamiento y hoy comparte las im\u00e1genes y sus reflexiones.<\/p>\n\n\n\n<p>Seg\u00fan sus realizadores, \u201ceste trabajo pretende aportar a la memoria social relevando la perspectiva cultural mapuche, as\u00ed como la importancia de fotograf\u00edas in\u00e9ditas, como material de sentido patrimonial para la historia reciente del pa\u00eds\u201d.<\/p>\n\n\n\n<p>Este estreno es la Gala Avant Premiere documental que cerrar\u00e1 la programaci\u00f3n del Festival de Cortometrajes Patrimoniales Araucan\u00eda Audiovisual, que se realiza en el centro cultural de Padre Las Casas entre e 6 y el 8 de noviembre.<\/p>\n\n\n\n<p><strong>Fecha de Estreno:&nbsp;<\/strong>08 de noviembre de 2024<strong>;&nbsp;<\/strong>19:45 horas en el &nbsp;CENTRO CULTURAL DE PADRE LAS CASAS<\/p>\n\n\n\n<p>Entrada liberada.<\/p>\n\n\n\n<p><strong>Ficha te\u00eccnica<\/strong><\/p>\n\n\n\n<p>-Direccio\u00ecn, Produccio\u00ecn General y Guio\u00ecn: Guido Brevis<\/p>\n\n\n\n<p>-Investigacio\u00ecn y Preproduccio\u00ecn: Paulo Castro<\/p>\n\n\n\n<p>-Direccio\u00ecn de Fotografi\u00eca y Asesori\u00eca Audiovisual: Aldo Oviedo<\/p>\n\n\n\n<p>-Traducci\u00f3n y Voz Off Mapuzugun: Sergio Curihuentru<\/p>\n\n\n\n<p>-Sonido y Texturas: Patricio Chico<\/p>\n\n\n\n<p>-Medios: Gabriel Jara<\/p>\n\n\n\n<p>-Subt\u00edtulos y Traducci\u00f3n Ingl\u00e9s: Javiera Brevis<\/p>\n\n\n\n<p>-Tratamiento Fotograf\u00edas: Laura Brevis<\/p>\n\n\n\n<p>-Duracio\u00ecn: 35 minutos<\/p>\n\n\n\n<figure class=\"wp-block-image size-large\"><img loading=\"lazy\" decoding=\"async\" width=\"714\" height=\"1000\" src=\"https:\/\/temucotelevision.cl\/web\/wp-content\/uploads\/2024\/11\/WhatsApp-Image-2024-11-05-at-14.38.29-714x1000.jpeg\" alt=\"\" class=\"wp-image-53450\" srcset=\"https:\/\/temucotelevision.cl\/web\/wp-content\/uploads\/2024\/11\/WhatsApp-Image-2024-11-05-at-14.38.29-714x1000.jpeg 714w, https:\/\/temucotelevision.cl\/web\/wp-content\/uploads\/2024\/11\/WhatsApp-Image-2024-11-05-at-14.38.29-768x1076.jpeg 768w, https:\/\/temucotelevision.cl\/web\/wp-content\/uploads\/2024\/11\/WhatsApp-Image-2024-11-05-at-14.38.29-1096x1536.jpeg 1096w, https:\/\/temucotelevision.cl\/web\/wp-content\/uploads\/2024\/11\/WhatsApp-Image-2024-11-05-at-14.38.29.jpeg 1142w\" sizes=\"auto, (max-width: 714px) 100vw, 714px\" \/><\/figure>\n","protected":false},"excerpt":{"rendered":"<div class=\"pvc_clear\"><\/div>\n<p id=\"pvc_stats_53448\" class=\"pvc_stats total_only  \" data-element-id=\"53448\" style=\"\"><i class=\"pvc-stats-icon large\" aria-hidden=\"true\"><svg aria-hidden=\"true\" focusable=\"false\" data-prefix=\"far\" data-icon=\"chart-bar\" role=\"img\" xmlns=\"http:\/\/www.w3.org\/2000\/svg\" viewBox=\"0 0 512 512\" class=\"svg-inline--fa fa-chart-bar fa-w-16 fa-2x\"><path fill=\"currentColor\" d=\"M396.8 352h22.4c6.4 0 12.8-6.4 12.8-12.8V108.8c0-6.4-6.4-12.8-12.8-12.8h-22.4c-6.4 0-12.8 6.4-12.8 12.8v230.4c0 6.4 6.4 12.8 12.8 12.8zm-192 0h22.4c6.4 0 12.8-6.4 12.8-12.8V140.8c0-6.4-6.4-12.8-12.8-12.8h-22.4c-6.4 0-12.8 6.4-12.8 12.8v198.4c0 6.4 6.4 12.8 12.8 12.8zm96 0h22.4c6.4 0 12.8-6.4 12.8-12.8V204.8c0-6.4-6.4-12.8-12.8-12.8h-22.4c-6.4 0-12.8 6.4-12.8 12.8v134.4c0 6.4 6.4 12.8 12.8 12.8zM496 400H48V80c0-8.84-7.16-16-16-16H16C7.16 64 0 71.16 0 80v336c0 17.67 14.33 32 32 32h464c8.84 0 16-7.16 16-16v-16c0-8.84-7.16-16-16-16zm-387.2-48h22.4c6.4 0 12.8-6.4 12.8-12.8v-70.4c0-6.4-6.4-12.8-12.8-12.8h-22.4c-6.4 0-12.8 6.4-12.8 12.8v70.4c0 6.4 6.4 12.8 12.8 12.8z\" class=\"\"><\/path><\/svg><\/i> <img loading=\"lazy\" decoding=\"async\" width=\"16\" height=\"16\" alt=\"Loading\" src=\"https:\/\/temucotelevision.cl\/web\/wp-content\/plugins\/page-views-count\/ajax-loader-2x.gif\" border=0 \/><\/p>\n<div class=\"pvc_clear\"><\/div>\n<p>En el Centro Cultural de Padre Las Casas se estrenar\u00e1 el documental \u201cDe Amsterdam a Puerto Saavedra\u201d. Este documental financiado<\/p>\n","protected":false},"author":1,"featured_media":53449,"comment_status":"open","ping_status":"open","sticky":false,"template":"","format":"standard","meta":{"colormag_page_container_layout":"default_layout","colormag_page_sidebar_layout":"default_layout","footnotes":""},"categories":[86],"tags":[2160],"class_list":["post-53448","post","type-post","status-publish","format-standard","has-post-thumbnail","hentry","category-panoramas","tag-documental"],"a3_pvc":{"activated":true,"total_views":960,"today_views":0},"_links":{"self":[{"href":"https:\/\/temucotelevision.cl\/web\/wp-json\/wp\/v2\/posts\/53448","targetHints":{"allow":["GET"]}}],"collection":[{"href":"https:\/\/temucotelevision.cl\/web\/wp-json\/wp\/v2\/posts"}],"about":[{"href":"https:\/\/temucotelevision.cl\/web\/wp-json\/wp\/v2\/types\/post"}],"author":[{"embeddable":true,"href":"https:\/\/temucotelevision.cl\/web\/wp-json\/wp\/v2\/users\/1"}],"replies":[{"embeddable":true,"href":"https:\/\/temucotelevision.cl\/web\/wp-json\/wp\/v2\/comments?post=53448"}],"version-history":[{"count":2,"href":"https:\/\/temucotelevision.cl\/web\/wp-json\/wp\/v2\/posts\/53448\/revisions"}],"predecessor-version":[{"id":53453,"href":"https:\/\/temucotelevision.cl\/web\/wp-json\/wp\/v2\/posts\/53448\/revisions\/53453"}],"wp:featuredmedia":[{"embeddable":true,"href":"https:\/\/temucotelevision.cl\/web\/wp-json\/wp\/v2\/media\/53449"}],"wp:attachment":[{"href":"https:\/\/temucotelevision.cl\/web\/wp-json\/wp\/v2\/media?parent=53448"}],"wp:term":[{"taxonomy":"category","embeddable":true,"href":"https:\/\/temucotelevision.cl\/web\/wp-json\/wp\/v2\/categories?post=53448"},{"taxonomy":"post_tag","embeddable":true,"href":"https:\/\/temucotelevision.cl\/web\/wp-json\/wp\/v2\/tags?post=53448"}],"curies":[{"name":"wp","href":"https:\/\/api.w.org\/{rel}","templated":true}]}}