{"id":53410,"date":"2024-11-06T11:17:35","date_gmt":"2024-11-06T14:17:35","guid":{"rendered":"https:\/\/temucotelevision.cl\/web\/?p=53410"},"modified":"2024-11-06T11:17:36","modified_gmt":"2024-11-06T14:17:36","slug":"animalistas-constituyen-la-primera-agrupacion-en-defensa-de-los-animales-en-padre-las-casas","status":"publish","type":"post","link":"https:\/\/temucotelevision.cl\/web\/2024\/11\/06\/animalistas-constituyen-la-primera-agrupacion-en-defensa-de-los-animales-en-padre-las-casas\/","title":{"rendered":"Animalistas constituyen la primera agrupaci\u00f3n en defensa de los animales en Padre Las Casas"},"content":{"rendered":"<div class=\"pvc_clear\"><\/div><p id=\"pvc_stats_53410\" class=\"pvc_stats total_only  \" data-element-id=\"53410\" style=\"\"><i class=\"pvc-stats-icon large\" aria-hidden=\"true\"><svg aria-hidden=\"true\" focusable=\"false\" data-prefix=\"far\" data-icon=\"chart-bar\" role=\"img\" xmlns=\"http:\/\/www.w3.org\/2000\/svg\" viewBox=\"0 0 512 512\" class=\"svg-inline--fa fa-chart-bar fa-w-16 fa-2x\"><path fill=\"currentColor\" d=\"M396.8 352h22.4c6.4 0 12.8-6.4 12.8-12.8V108.8c0-6.4-6.4-12.8-12.8-12.8h-22.4c-6.4 0-12.8 6.4-12.8 12.8v230.4c0 6.4 6.4 12.8 12.8 12.8zm-192 0h22.4c6.4 0 12.8-6.4 12.8-12.8V140.8c0-6.4-6.4-12.8-12.8-12.8h-22.4c-6.4 0-12.8 6.4-12.8 12.8v198.4c0 6.4 6.4 12.8 12.8 12.8zm96 0h22.4c6.4 0 12.8-6.4 12.8-12.8V204.8c0-6.4-6.4-12.8-12.8-12.8h-22.4c-6.4 0-12.8 6.4-12.8 12.8v134.4c0 6.4 6.4 12.8 12.8 12.8zM496 400H48V80c0-8.84-7.16-16-16-16H16C7.16 64 0 71.16 0 80v336c0 17.67 14.33 32 32 32h464c8.84 0 16-7.16 16-16v-16c0-8.84-7.16-16-16-16zm-387.2-48h22.4c6.4 0 12.8-6.4 12.8-12.8v-70.4c0-6.4-6.4-12.8-12.8-12.8h-22.4c-6.4 0-12.8 6.4-12.8 12.8v70.4c0 6.4 6.4 12.8 12.8 12.8z\" class=\"\"><\/path><\/svg><\/i> <img loading=\"lazy\" decoding=\"async\" width=\"16\" height=\"16\" alt=\"Loading\" src=\"https:\/\/temucotelevision.cl\/web\/wp-content\/plugins\/page-views-count\/ajax-loader-2x.gif\" border=0 \/><\/p><div class=\"pvc_clear\"><\/div>\n<p>La constituci\u00f3n de la nueva agrupaci\u00f3n se llev\u00f3 a cabo este martes 5 de Noviembre, en el sal\u00f3n del concejo municipal de la Ilustre Municipalidad de Padre Las Casas donde se cont\u00f3 con la presencia de alrededor de 20 personas para darle vida a la Agrupaci\u00f3n Animalista \u201cHuellas\u201d de Padre Las Casas.<\/p>\n\n\n\n<p>Los principales objetivos de esta naciente agrupaci\u00f3n animalista es ayudar a los animales abandonados y&nbsp;crear conciencia en la ciudadan\u00eda local&nbsp;para que \u00e9stos asuman la responsabilidad que significa tener una mascota, trabajando fuertemente en la Ley 21.020 sobre Tenencia Responsable de Mascotas y Animales de compa\u00f1\u00eda, m\u00e1s conocida como Ley Cholito, tambi\u00e9n exigir a la entidad municipal a realizar Operativos de Esterilizaci\u00f3n, Vacunaci\u00f3n y Fumigaci\u00f3n contra Garrapatas de forma permanente en la comuna de Padre Las Casas.<\/p>\n\n\n\n<p>As\u00ed tambi\u00e9n se abordaran los temas legales, como las denuncias de maltrato y abandono de deberes de las entidades encargadas de hacer valer esta Ley. Por otra parte la agrupaci\u00f3n trabajara en conjunto con la ciudadan\u00eda, concientizando a trav\u00e9s de Talleres, Charlas y material escrito que se pueden desarrollar en juntas de vecinos, e instituciones educativas, etc.<\/p>\n\n\n\n<p>La Agrupaci\u00f3n Animalista \u201cHuellas\u201d de Padre Las Casas quedo conformada en su directiva de la siguiente forma; Presidente: Javier Chuequemilla Merino, Vicepresidente: Luis Levi Aninao, Secretaria: Almendra Torres Almonacid, Tesorera: Nancy Merino Vivallo, y Director: Daniel Hidalgo Veloso.&nbsp;<\/p>\n\n\n\n<p>Seg\u00fan indic\u00f3&nbsp;Javier Chuequemilla, Presidente de la Agrupaci\u00f3n Animalista \u201cconstituimos esta agrupaci\u00f3n porque vimos una alta tasa de maltrato de animales en la comuna, una gran cantidad de perros abandonados, muy poca apoyo del municipio y un abandono de deberes gigante\u201d.<\/p>\n\n\n\n<p><a><\/a>En esta instancia en presencia de Sergio Sandoval Garc\u00eda en representaci\u00f3n del alcalde de la comuna, se comenta que se presentar\u00e1 una carta al alcalde y al concejo municipal de Padre Las Casas, plante\u00e1ndoles las inquietudes de los animalistas de la comuna, solicitando como primer punto que se retome la mesa de trabajo que se realizaba en conjunto con veterinarios, PDI, carabineros, municipio y animalistas para abordar tem\u00e1tica acorde a la mesa de trabajo animalista.&nbsp;<\/p>\n","protected":false},"excerpt":{"rendered":"<div class=\"pvc_clear\"><\/div>\n<p id=\"pvc_stats_53410\" class=\"pvc_stats total_only  \" data-element-id=\"53410\" style=\"\"><i class=\"pvc-stats-icon large\" aria-hidden=\"true\"><svg aria-hidden=\"true\" focusable=\"false\" data-prefix=\"far\" data-icon=\"chart-bar\" role=\"img\" xmlns=\"http:\/\/www.w3.org\/2000\/svg\" viewBox=\"0 0 512 512\" class=\"svg-inline--fa fa-chart-bar fa-w-16 fa-2x\"><path fill=\"currentColor\" d=\"M396.8 352h22.4c6.4 0 12.8-6.4 12.8-12.8V108.8c0-6.4-6.4-12.8-12.8-12.8h-22.4c-6.4 0-12.8 6.4-12.8 12.8v230.4c0 6.4 6.4 12.8 12.8 12.8zm-192 0h22.4c6.4 0 12.8-6.4 12.8-12.8V140.8c0-6.4-6.4-12.8-12.8-12.8h-22.4c-6.4 0-12.8 6.4-12.8 12.8v198.4c0 6.4 6.4 12.8 12.8 12.8zm96 0h22.4c6.4 0 12.8-6.4 12.8-12.8V204.8c0-6.4-6.4-12.8-12.8-12.8h-22.4c-6.4 0-12.8 6.4-12.8 12.8v134.4c0 6.4 6.4 12.8 12.8 12.8zM496 400H48V80c0-8.84-7.16-16-16-16H16C7.16 64 0 71.16 0 80v336c0 17.67 14.33 32 32 32h464c8.84 0 16-7.16 16-16v-16c0-8.84-7.16-16-16-16zm-387.2-48h22.4c6.4 0 12.8-6.4 12.8-12.8v-70.4c0-6.4-6.4-12.8-12.8-12.8h-22.4c-6.4 0-12.8 6.4-12.8 12.8v70.4c0 6.4 6.4 12.8 12.8 12.8z\" class=\"\"><\/path><\/svg><\/i> <img loading=\"lazy\" decoding=\"async\" width=\"16\" height=\"16\" alt=\"Loading\" src=\"https:\/\/temucotelevision.cl\/web\/wp-content\/plugins\/page-views-count\/ajax-loader-2x.gif\" border=0 \/><\/p>\n<div class=\"pvc_clear\"><\/div>\n<p>La constituci\u00f3n de la nueva agrupaci\u00f3n se llev\u00f3 a cabo este martes 5 de Noviembre, en el sal\u00f3n del concejo<\/p>\n","protected":false},"author":1,"featured_media":53411,"comment_status":"open","ping_status":"open","sticky":false,"template":"","format":"standard","meta":{"colormag_page_container_layout":"default_layout","colormag_page_sidebar_layout":"default_layout","footnotes":""},"categories":[15],"tags":[5223],"class_list":["post-53410","post","type-post","status-publish","format-standard","has-post-thumbnail","hentry","category-la-araucania","tag-animalistas"],"a3_pvc":{"activated":true,"total_views":2271,"today_views":0},"_links":{"self":[{"href":"https:\/\/temucotelevision.cl\/web\/wp-json\/wp\/v2\/posts\/53410","targetHints":{"allow":["GET"]}}],"collection":[{"href":"https:\/\/temucotelevision.cl\/web\/wp-json\/wp\/v2\/posts"}],"about":[{"href":"https:\/\/temucotelevision.cl\/web\/wp-json\/wp\/v2\/types\/post"}],"author":[{"embeddable":true,"href":"https:\/\/temucotelevision.cl\/web\/wp-json\/wp\/v2\/users\/1"}],"replies":[{"embeddable":true,"href":"https:\/\/temucotelevision.cl\/web\/wp-json\/wp\/v2\/comments?post=53410"}],"version-history":[{"count":1,"href":"https:\/\/temucotelevision.cl\/web\/wp-json\/wp\/v2\/posts\/53410\/revisions"}],"predecessor-version":[{"id":53412,"href":"https:\/\/temucotelevision.cl\/web\/wp-json\/wp\/v2\/posts\/53410\/revisions\/53412"}],"wp:featuredmedia":[{"embeddable":true,"href":"https:\/\/temucotelevision.cl\/web\/wp-json\/wp\/v2\/media\/53411"}],"wp:attachment":[{"href":"https:\/\/temucotelevision.cl\/web\/wp-json\/wp\/v2\/media?parent=53410"}],"wp:term":[{"taxonomy":"category","embeddable":true,"href":"https:\/\/temucotelevision.cl\/web\/wp-json\/wp\/v2\/categories?post=53410"},{"taxonomy":"post_tag","embeddable":true,"href":"https:\/\/temucotelevision.cl\/web\/wp-json\/wp\/v2\/tags?post=53410"}],"curies":[{"name":"wp","href":"https:\/\/api.w.org\/{rel}","templated":true}]}}