{"id":53402,"date":"2024-11-06T10:14:59","date_gmt":"2024-11-06T13:14:59","guid":{"rendered":"https:\/\/temucotelevision.cl\/web\/?p=53402"},"modified":"2024-11-06T10:18:00","modified_gmt":"2024-11-06T13:18:00","slug":"la-octava-version-del-cmpc-frontera-trail-corona-campeones-y-lleva-el-trail-running-a-otro-nivel-en-la-araucania","status":"publish","type":"post","link":"https:\/\/temucotelevision.cl\/web\/2024\/11\/06\/la-octava-version-del-cmpc-frontera-trail-corona-campeones-y-lleva-el-trail-running-a-otro-nivel-en-la-araucania\/","title":{"rendered":"La octava versi\u00f3n del CMPC Frontera Trail corona campeones y lleva el trail running a otro nivel en La Araucan\u00eda"},"content":{"rendered":"<div class=\"pvc_clear\"><\/div><p id=\"pvc_stats_53402\" class=\"pvc_stats total_only  \" data-element-id=\"53402\" style=\"\"><i class=\"pvc-stats-icon large\" aria-hidden=\"true\"><svg aria-hidden=\"true\" focusable=\"false\" data-prefix=\"far\" data-icon=\"chart-bar\" role=\"img\" xmlns=\"http:\/\/www.w3.org\/2000\/svg\" viewBox=\"0 0 512 512\" class=\"svg-inline--fa fa-chart-bar fa-w-16 fa-2x\"><path fill=\"currentColor\" d=\"M396.8 352h22.4c6.4 0 12.8-6.4 12.8-12.8V108.8c0-6.4-6.4-12.8-12.8-12.8h-22.4c-6.4 0-12.8 6.4-12.8 12.8v230.4c0 6.4 6.4 12.8 12.8 12.8zm-192 0h22.4c6.4 0 12.8-6.4 12.8-12.8V140.8c0-6.4-6.4-12.8-12.8-12.8h-22.4c-6.4 0-12.8 6.4-12.8 12.8v198.4c0 6.4 6.4 12.8 12.8 12.8zm96 0h22.4c6.4 0 12.8-6.4 12.8-12.8V204.8c0-6.4-6.4-12.8-12.8-12.8h-22.4c-6.4 0-12.8 6.4-12.8 12.8v134.4c0 6.4 6.4 12.8 12.8 12.8zM496 400H48V80c0-8.84-7.16-16-16-16H16C7.16 64 0 71.16 0 80v336c0 17.67 14.33 32 32 32h464c8.84 0 16-7.16 16-16v-16c0-8.84-7.16-16-16-16zm-387.2-48h22.4c6.4 0 12.8-6.4 12.8-12.8v-70.4c0-6.4-6.4-12.8-12.8-12.8h-22.4c-6.4 0-12.8 6.4-12.8 12.8v70.4c0 6.4 6.4 12.8 12.8 12.8z\" class=\"\"><\/path><\/svg><\/i> <img loading=\"lazy\" decoding=\"async\" width=\"16\" height=\"16\" alt=\"Loading\" src=\"https:\/\/temucotelevision.cl\/web\/wp-content\/plugins\/page-views-count\/ajax-loader-2x.gif\" border=0 \/><\/p><div class=\"pvc_clear\"><\/div>\n<ul class=\"wp-block-list\">\n<li><em>La edici\u00f3n 2024 reuni\u00f3 a cerca de 600 corredores de Chile y de otros pa\u00edses, quienes participaron en los circuitos de 30, 15 y 7,5 kil\u00f3metros, adem\u00e1s de categor\u00edas infantiles.<\/em><\/li>\n\n\n\n<li><em>De forma in\u00e9dita para esta competencia, se premi\u00f3 a los ganadores de las principales categor\u00edas con 7,5 millones de pesos en efectivo a repartir.\u00a0<\/em><\/li>\n<\/ul>\n\n\n\n<p>La fuerte lluvia del d\u00eda anterior sum\u00f3 un nuevo desaf\u00edo para los corredores que se dieron cita este 2 de noviembre en la octava versi\u00f3n del CMPC Frontera Trail, realizada en el Parque CMPC Pumalal, ubicado a 20 minutos del centro de Temuco. Cerca de 600 atletas llegaron muy temprano para participar de una de las carreras m\u00e1s esperadas del a\u00f1o en la capital regional.&nbsp;<\/p>\n\n\n\n<p>Este a\u00f1o, el CMPC Frontera Trail cont\u00f3 tambi\u00e9n con la participaci\u00f3n de destacados corredores del pa\u00eds, seleccionados nacionales, mundialistas y ganadores de ediciones anteriores del CMPC Frontera Trail. Es as\u00ed como a partir de la 9 de la ma\u00f1ana y consecutivamente se largaron las corridas por los circuitos de 30, 15 y 7,5 kil\u00f3metros, adem\u00e1s de categor\u00edas infantiles, con recorridos de 3 y 1,5 kil\u00f3metros, fomentando la participaci\u00f3n de toda la familia.<\/p>\n\n\n\n<p>Para acompa\u00f1ar al p\u00fablico que acompa\u00f1\u00f3 a los deportistas en la largada y arribo a la meta, el CMPC Frontera Trail congreg\u00f3 tambi\u00e9n a los auspiciadores de la carrera con stand, sum\u00e1ndose para amenizar la competencia la DJ local Nicky, y un pinta caritas para ni\u00f1os y corredores, adem\u00e1s de carros foodtruck de emprendedores locales.&nbsp;<\/p>\n\n\n\n<p><strong>Nueva historia para el CMPC Frontera Trail&nbsp;<\/strong><\/p>\n\n\n\n<p>En menos de dos horas, el reconocido atleta Juan Pablo Llanos logr\u00f3 una marca de 01:38:18 en los 30 k. En tanto, el segundo lugar fue para Luis Valle, con un tiempo de 01:39:21; mientras que, en tercer lugar, Patricio Cavieres pis\u00f3 el podio con una marca de 01:46:24.<\/p>\n\n\n\n<p>En la misma categor\u00eda, pero de damas, venci\u00f3 la corredora de Lonquimay, Jeanette Cayuqueo quien logr\u00f3 un tiempo de 02:03:53. En segundo lugar y con una marca de 02:05:14 lleg\u00f3 Leonor Calvo y en tercero arrib\u00f3 Antonia S\u00e1nchez con una marca de 02:09:35.<\/p>\n\n\n\n<p>\u201cHab\u00eda hecho gran parte del circuito, pero no lo conoc\u00eda todo, fue una carrera r\u00e1pida y estuvo bueno, hab\u00eda harto barrito, pero todo bien. Todos los pasos est\u00e1n bien delimitados para las diferentes \u00e1reas. Es importante que la gente conozca el parque, que queda muy cerca de Temuco, para venir en familia y as\u00ed lo disfrutemos y cuidemos\u201d se\u00f1al\u00f3&nbsp;<strong>Jeanette Cayuqueo<\/strong>, ganadora de los 30 K.<\/p>\n\n\n\n<p>El atleta de la quinta regi\u00f3n,&nbsp;<strong>Juan Pablo Llanos<\/strong>&nbsp;tambi\u00e9n se mostr\u00f3 feliz con su esfuerzo en los 30K: \u201cEstoy muy contento, logr\u00e9 lo que ven\u00eda a buscar, llegar dentro de los tres primeros lugares para lograr un premio y todo estuvo perfecto en la carrera, as\u00ed que me pude quedar con el primer lugar. La estrategia desde un comienzo fue salir fuerte, a un ritmo que podr\u00eda mantener durante toda la ruta, calcul\u00e9 m\u00e1s menos entre 2 horas 20 a 2 horas 30 lo que me pod\u00eda demorar, as\u00ed que en base a eso calcul\u00e9 el ritmo que mantuve durante todo el trayecto\u201d.<\/p>\n\n\n\n<p>En los 15 K masculinos Diego D\u00edaz venci\u00f3 con un tiempo de 00:24:30, en segundo lleg\u00f3 Gabriel Mu\u00f1oz con 00:24:54, mientras que Dar\u00edo Campos con una marca de 00:25:02 logr\u00f3 el tercer lugar. En damas 15K, venci\u00f3 Rosal\u00eda Zegarra, peruana avecindada en Chile, con un tiempo de 00:31:45. En segundo lugar arrib\u00f3 Margarita Mas\u00edas, con una marca de 00:33:43, mientras que en tercero lleg\u00f3 Paula Reveco, con un tiempo de 00:33:45.&nbsp;<\/p>\n\n\n\n<p>\u201cEl balance que hacemos de este CMPC Frontera Trail 2024 es casi perfecto. Tener a casi 600 corredores en el Parque CMPC Pumalal, que es un regalo para nuestra comunidad, es tremendo. Estamos muy felices porque esto es un gran paso para el deporte en nuestra ciudad, pues tenemos los mejores corredores de nuestro pa\u00eds, gracias a un tremendo esfuerzo que hace CMPC de facilitarnos su casa para poder hacer un evento tan importante como este\u201d, indic\u00f3&nbsp;<strong>C\u00e9sar Montoya<\/strong>, director de carrera del CMPC Frontera Trail y l\u00edder de Puelche Producciones.<\/p>\n\n\n\n<p><strong>Premios in\u00e9ditos en el CMPC Frontera Trail<\/strong><\/p>\n\n\n\n<p>CMPC, como patrocinador principal del evento, reconoci\u00f3 el esfuerzo y dedicaci\u00f3n de los deportistas entregando premios en efectivo por un total de 7,5 millones de pesos, distribuidos entre los tres primeros lugares de hombres y mujeres en las distancias de 15 y 30 kil\u00f3metros. Esta es la primera vez en la historia del trail running en Chile que se otorgan premios monetarios de esta magnitud, destacando el compromiso de la organizaci\u00f3n con el desarrollo del deporte en el pa\u00eds.<\/p>\n\n\n\n<p>Durante la ceremonia final, autoridades municipales, de la organizaci\u00f3n y de CMPC entregaron los reconocimientos a todos los participantes.<\/p>\n\n\n\n<p>\u201cQuiero felicitar a todos los vencedores de Frontera Trail, en su octava versi\u00f3n, un tremendo evento deportivo que, sin duda, ya marca un hito en nuestra ciudad con la colaboraci\u00f3n del mundo privado como la empresa CMPC y el apoyo de la municipalidad de Temuco. Destaco adem\u00e1s que 120 alumnos de nuestras escuelas municipales fueron part\u00edcipes de esta actividad por lo que quiero agradecer eso tambi\u00e9n, que incorporen a nuestros estudiantes. Sin duda, eventos deportivos como estos ponen en alto a la ciudad de Temuco y la siguen posicionando como la capital del deporte del sur de Chile\u201d, puntualiz\u00f3&nbsp;<strong>Roberto Neira<\/strong>, el reci\u00e9n relecto alcalde de Temuco.<\/p>\n\n\n\n<p>\u201cEl proyecto Bosque Vivo y su red de parques junto con fomentar las actividades en medio de la naturaleza, permite que la comunidad conozca m\u00e1s sobre los servicios ecosist\u00e9micos de los bosques y de la importancia que tienen en la vida diaria los recursos renovables. Su origen est\u00e1 en los bosques productivos, plantaciones de pino y eucaliptus, que conviven con bosques nativos, los cuales cuidamos y protegemos, para las futuras generaciones. De esta manera, productos como el papel y softys llegan a los hogares de una forma amigable con el medio ambiente\u201d, expres\u00f3&nbsp;<strong>Juan Pablo Fuentes<\/strong>, subgerente de Relacionamiento Sur de CMPC, quien adem\u00e1s corri\u00f3 los 7,5 K de la carrera CMPC Frontera Trail.<\/p>\n\n\n\n<p><strong>Sobre la Red de Parques Bosque Vivo de CMPC<\/strong><\/p>\n\n\n\n<p>Este evento fue respaldado por la iniciativa Red Bosque Vivo de CMPC, un proyecto que posee cuatro parques que cuentan con senderos, pistas e infraestructura para realizar deportes y actividades al aire libre; proyecto que adem\u00e1s tiene como finalidad poner en valor los servicios ecosist\u00e9micos de los bosques, como la captura de carbono, la regeneraci\u00f3n de suelos y la producci\u00f3n de recursos sustentables. Adem\u00e1s, promueve la conservaci\u00f3n, el turismo y el disfrute comunitario en sus cuatro parques: CMPC Junquillar (Angol), CMPC Pumalal (Temuco), CMPC Lastarria (Loncoche) y CMPC El C\u00f3ndor (Coyhaique).<\/p>\n\n\n\n<figure class=\"wp-block-image size-large\"><img loading=\"lazy\" decoding=\"async\" width=\"1000\" height=\"667\" src=\"https:\/\/temucotelevision.cl\/web\/wp-content\/uploads\/2024\/11\/MRB_Dia2_0047-1000x667.jpg\" alt=\"\" class=\"wp-image-53404\" srcset=\"https:\/\/temucotelevision.cl\/web\/wp-content\/uploads\/2024\/11\/MRB_Dia2_0047-1000x667.jpg 1000w, https:\/\/temucotelevision.cl\/web\/wp-content\/uploads\/2024\/11\/MRB_Dia2_0047-768x512.jpg 768w, https:\/\/temucotelevision.cl\/web\/wp-content\/uploads\/2024\/11\/MRB_Dia2_0047-1536x1024.jpg 1536w, https:\/\/temucotelevision.cl\/web\/wp-content\/uploads\/2024\/11\/MRB_Dia2_0047.jpg 2000w\" sizes=\"auto, (max-width: 1000px) 100vw, 1000px\" \/><\/figure>\n","protected":false},"excerpt":{"rendered":"<div class=\"pvc_clear\"><\/div>\n<p id=\"pvc_stats_53402\" class=\"pvc_stats total_only  \" data-element-id=\"53402\" style=\"\"><i class=\"pvc-stats-icon large\" aria-hidden=\"true\"><svg aria-hidden=\"true\" focusable=\"false\" data-prefix=\"far\" data-icon=\"chart-bar\" role=\"img\" xmlns=\"http:\/\/www.w3.org\/2000\/svg\" viewBox=\"0 0 512 512\" class=\"svg-inline--fa fa-chart-bar fa-w-16 fa-2x\"><path fill=\"currentColor\" d=\"M396.8 352h22.4c6.4 0 12.8-6.4 12.8-12.8V108.8c0-6.4-6.4-12.8-12.8-12.8h-22.4c-6.4 0-12.8 6.4-12.8 12.8v230.4c0 6.4 6.4 12.8 12.8 12.8zm-192 0h22.4c6.4 0 12.8-6.4 12.8-12.8V140.8c0-6.4-6.4-12.8-12.8-12.8h-22.4c-6.4 0-12.8 6.4-12.8 12.8v198.4c0 6.4 6.4 12.8 12.8 12.8zm96 0h22.4c6.4 0 12.8-6.4 12.8-12.8V204.8c0-6.4-6.4-12.8-12.8-12.8h-22.4c-6.4 0-12.8 6.4-12.8 12.8v134.4c0 6.4 6.4 12.8 12.8 12.8zM496 400H48V80c0-8.84-7.16-16-16-16H16C7.16 64 0 71.16 0 80v336c0 17.67 14.33 32 32 32h464c8.84 0 16-7.16 16-16v-16c0-8.84-7.16-16-16-16zm-387.2-48h22.4c6.4 0 12.8-6.4 12.8-12.8v-70.4c0-6.4-6.4-12.8-12.8-12.8h-22.4c-6.4 0-12.8 6.4-12.8 12.8v70.4c0 6.4 6.4 12.8 12.8 12.8z\" class=\"\"><\/path><\/svg><\/i> <img loading=\"lazy\" decoding=\"async\" width=\"16\" height=\"16\" alt=\"Loading\" src=\"https:\/\/temucotelevision.cl\/web\/wp-content\/plugins\/page-views-count\/ajax-loader-2x.gif\" border=0 \/><\/p>\n<div class=\"pvc_clear\"><\/div>\n<p>La fuerte lluvia del d\u00eda anterior sum\u00f3 un nuevo desaf\u00edo para los corredores que se dieron cita este 2 de<\/p>\n","protected":false},"author":1,"featured_media":53403,"comment_status":"open","ping_status":"open","sticky":false,"template":"","format":"standard","meta":{"colormag_page_container_layout":"default_layout","colormag_page_sidebar_layout":"default_layout","footnotes":""},"categories":[86],"tags":[247],"class_list":["post-53402","post","type-post","status-publish","format-standard","has-post-thumbnail","hentry","category-panoramas","tag-trail"],"a3_pvc":{"activated":true,"total_views":1488,"today_views":0},"_links":{"self":[{"href":"https:\/\/temucotelevision.cl\/web\/wp-json\/wp\/v2\/posts\/53402","targetHints":{"allow":["GET"]}}],"collection":[{"href":"https:\/\/temucotelevision.cl\/web\/wp-json\/wp\/v2\/posts"}],"about":[{"href":"https:\/\/temucotelevision.cl\/web\/wp-json\/wp\/v2\/types\/post"}],"author":[{"embeddable":true,"href":"https:\/\/temucotelevision.cl\/web\/wp-json\/wp\/v2\/users\/1"}],"replies":[{"embeddable":true,"href":"https:\/\/temucotelevision.cl\/web\/wp-json\/wp\/v2\/comments?post=53402"}],"version-history":[{"count":1,"href":"https:\/\/temucotelevision.cl\/web\/wp-json\/wp\/v2\/posts\/53402\/revisions"}],"predecessor-version":[{"id":53405,"href":"https:\/\/temucotelevision.cl\/web\/wp-json\/wp\/v2\/posts\/53402\/revisions\/53405"}],"wp:featuredmedia":[{"embeddable":true,"href":"https:\/\/temucotelevision.cl\/web\/wp-json\/wp\/v2\/media\/53403"}],"wp:attachment":[{"href":"https:\/\/temucotelevision.cl\/web\/wp-json\/wp\/v2\/media?parent=53402"}],"wp:term":[{"taxonomy":"category","embeddable":true,"href":"https:\/\/temucotelevision.cl\/web\/wp-json\/wp\/v2\/categories?post=53402"},{"taxonomy":"post_tag","embeddable":true,"href":"https:\/\/temucotelevision.cl\/web\/wp-json\/wp\/v2\/tags?post=53402"}],"curies":[{"name":"wp","href":"https:\/\/api.w.org\/{rel}","templated":true}]}}