{"id":53397,"date":"2024-11-05T22:31:11","date_gmt":"2024-11-06T01:31:11","guid":{"rendered":"https:\/\/temucotelevision.cl\/web\/?p=53397"},"modified":"2024-11-05T22:32:36","modified_gmt":"2024-11-06T01:32:36","slug":"el-viejito-pascuero-las-cartas-de-ninos-y-villancicos-juntos-en-musical-navideno","status":"publish","type":"post","link":"https:\/\/temucotelevision.cl\/web\/2024\/11\/05\/el-viejito-pascuero-las-cartas-de-ninos-y-villancicos-juntos-en-musical-navideno\/","title":{"rendered":"El Viejito Pascuero, las cartas de ni\u00f1os y villancicos juntos en musical Navide\u00f1o"},"content":{"rendered":"<div class=\"pvc_clear\"><\/div><p id=\"pvc_stats_53397\" class=\"pvc_stats total_only  \" data-element-id=\"53397\" style=\"\"><i class=\"pvc-stats-icon large\" aria-hidden=\"true\"><svg aria-hidden=\"true\" focusable=\"false\" data-prefix=\"far\" data-icon=\"chart-bar\" role=\"img\" xmlns=\"http:\/\/www.w3.org\/2000\/svg\" viewBox=\"0 0 512 512\" class=\"svg-inline--fa fa-chart-bar fa-w-16 fa-2x\"><path fill=\"currentColor\" d=\"M396.8 352h22.4c6.4 0 12.8-6.4 12.8-12.8V108.8c0-6.4-6.4-12.8-12.8-12.8h-22.4c-6.4 0-12.8 6.4-12.8 12.8v230.4c0 6.4 6.4 12.8 12.8 12.8zm-192 0h22.4c6.4 0 12.8-6.4 12.8-12.8V140.8c0-6.4-6.4-12.8-12.8-12.8h-22.4c-6.4 0-12.8 6.4-12.8 12.8v198.4c0 6.4 6.4 12.8 12.8 12.8zm96 0h22.4c6.4 0 12.8-6.4 12.8-12.8V204.8c0-6.4-6.4-12.8-12.8-12.8h-22.4c-6.4 0-12.8 6.4-12.8 12.8v134.4c0 6.4 6.4 12.8 12.8 12.8zM496 400H48V80c0-8.84-7.16-16-16-16H16C7.16 64 0 71.16 0 80v336c0 17.67 14.33 32 32 32h464c8.84 0 16-7.16 16-16v-16c0-8.84-7.16-16-16-16zm-387.2-48h22.4c6.4 0 12.8-6.4 12.8-12.8v-70.4c0-6.4-6.4-12.8-12.8-12.8h-22.4c-6.4 0-12.8 6.4-12.8 12.8v70.4c0 6.4 6.4 12.8 12.8 12.8z\" class=\"\"><\/path><\/svg><\/i> <img loading=\"lazy\" decoding=\"async\" width=\"16\" height=\"16\" alt=\"Loading\" src=\"https:\/\/temucotelevision.cl\/web\/wp-content\/plugins\/page-views-count\/ajax-loader-2x.gif\" border=0 \/><\/p><div class=\"pvc_clear\"><\/div>\n<p>\u2022&nbsp;<em>El Deseo de Navidad, es el nombre del musical que Go, go Gallo Pipe ha preparado, para su gira nacional de Navidad 2024. Un espect\u00e1culo familiar que invita a volver a ser ni\u00f1os y so\u00f1ar con ansias un deseo de navidad.<\/em><\/p>\n\n\n\n<iframe loading=\"lazy\" width=\"560\" height=\"315\" src=\"https:\/\/www.youtube.com\/embed\/VFU3iHVOLf4?si=WFaT6yiyXk893JXe\" title=\"YouTube video player\" frameborder=\"0\" allow=\"accelerometer; autoplay; clipboard-write; encrypted-media; gyroscope; picture-in-picture; web-share\" referrerpolicy=\"strict-origin-when-cross-origin\" allowfullscreen><\/iframe>\n\n\n\n<p>\u00a0\u201cGo, go Gallo Pipe\u201d, es una serie de televisi\u00f3n, creada y\u00a0desarrollada en Concepci\u00f3n, y que fomenta en ni\u00f1os y ni\u00f1as valores como la perseverancia, la amistad y el respeto a las diferencias, que invita a decir: \u00a1Querer es Poder! Este programa ha sido transmitido en canales regionales desde Antofagasta a Punta Arenas.<\/p>\n\n\n\n<p>Desde sus or\u00edgenes, esta serie de televisi\u00f3n ha buscado herramientas para promover valores y principalmente la perseverancia, los que se ven reflejados en sus espect\u00e1culos en vivo que recorren el territorio nacional, reuniendo a m\u00e1s de 18 artistas en escena, siendo parte del Line Up del festival&nbsp;\u201cLollapalooza Chile 2023\u201d en su stage Kidzapalooza, donde la m\u00fasica y las palabras \u00a1Querer es Poder!&nbsp;Fueron las protagonistas.<\/p>\n\n\n\n<p>La m\u00fasica, el baile y las aventuras entre noviembre y diciembre adquieren un nuevo giro, el escenario se llena de cartas de ni\u00f1os y ni\u00f1as; donde aparece el&nbsp;\u201cViejito Pascuero\u201d, grande, imponente, con su barba y cascabeles. EL Deseo de Navidad es la nueva instancia para reunirse con la familia, con m\u00e1s plumas y magia que nunca.<\/p>\n\n\n\n<p>\u201cCreer con el coraz\u00f3n, desde lo m\u00e1s inocente, con el alma de un ni\u00f1o y encantarse cuando aparezca el Viejito Pascuero, para crear un recuerdo m\u00e1gico que sea para toda la vida y se vuelva imborrable\u201d&nbsp;destac\u00f3 Felipe Jim\u00e9nez, creador del Gallo Pipe.<\/p>\n\n\n\n<p>Go, go Gallo Pipe se har\u00e1 presente en El Deseo de Navidad, el pr\u00f3ximo s\u00e1bado 30 de Noviembre a las 18:30 hrs, en el Teatro Municipal de Temuco, con entradas que van desde los $7.000 a $17.000 disponibles en <a href=\"https:\/\/www.passline.com\/eventos-plano\/tu-deseo-de-navidad-con-gallo-pipe\" data-type=\"link\" data-id=\"https:\/\/www.passline.com\/eventos-plano\/tu-deseo-de-navidad-con-gallo-pipe\">passline.com<\/a> <\/p>\n\n\n\n<p>M\u00e1s de 75 minutos de diversi\u00f3n, accesibilidad en Lengua de Se\u00f1as, concursos y la posibilidad de tener una fotograf\u00eda con Gallo Pipe ser\u00e1n parte de esta gran jornada familiar.<\/p>\n\n\n\n<p>Facebook, Instagram &amp; Youtube: Gallo Pipe Oficial.<\/p>\n\n\n\n<p><img decoding=\"async\" src=\"blob:https:\/\/temucotelevision.cl\/8c5fee1c-84b5-4e3c-8ac0-0c1b8526fdc0\" alt=\"page1image4598464\" width=\"351.770000\" height=\"0.720030\">&nbsp;<img decoding=\"async\" src=\"blob:https:\/\/temucotelevision.cl\/f7e7d5dc-0078-4b52-ac6d-6ba66377773f\" alt=\"page1image4600384\" width=\"136.340000\" height=\"0.720030\"><\/p>\n","protected":false},"excerpt":{"rendered":"<div class=\"pvc_clear\"><\/div>\n<p id=\"pvc_stats_53397\" class=\"pvc_stats total_only  \" data-element-id=\"53397\" style=\"\"><i class=\"pvc-stats-icon large\" aria-hidden=\"true\"><svg aria-hidden=\"true\" focusable=\"false\" data-prefix=\"far\" data-icon=\"chart-bar\" role=\"img\" xmlns=\"http:\/\/www.w3.org\/2000\/svg\" viewBox=\"0 0 512 512\" class=\"svg-inline--fa fa-chart-bar fa-w-16 fa-2x\"><path fill=\"currentColor\" d=\"M396.8 352h22.4c6.4 0 12.8-6.4 12.8-12.8V108.8c0-6.4-6.4-12.8-12.8-12.8h-22.4c-6.4 0-12.8 6.4-12.8 12.8v230.4c0 6.4 6.4 12.8 12.8 12.8zm-192 0h22.4c6.4 0 12.8-6.4 12.8-12.8V140.8c0-6.4-6.4-12.8-12.8-12.8h-22.4c-6.4 0-12.8 6.4-12.8 12.8v198.4c0 6.4 6.4 12.8 12.8 12.8zm96 0h22.4c6.4 0 12.8-6.4 12.8-12.8V204.8c0-6.4-6.4-12.8-12.8-12.8h-22.4c-6.4 0-12.8 6.4-12.8 12.8v134.4c0 6.4 6.4 12.8 12.8 12.8zM496 400H48V80c0-8.84-7.16-16-16-16H16C7.16 64 0 71.16 0 80v336c0 17.67 14.33 32 32 32h464c8.84 0 16-7.16 16-16v-16c0-8.84-7.16-16-16-16zm-387.2-48h22.4c6.4 0 12.8-6.4 12.8-12.8v-70.4c0-6.4-6.4-12.8-12.8-12.8h-22.4c-6.4 0-12.8 6.4-12.8 12.8v70.4c0 6.4 6.4 12.8 12.8 12.8z\" class=\"\"><\/path><\/svg><\/i> <img loading=\"lazy\" decoding=\"async\" width=\"16\" height=\"16\" alt=\"Loading\" src=\"https:\/\/temucotelevision.cl\/web\/wp-content\/plugins\/page-views-count\/ajax-loader-2x.gif\" border=0 \/><\/p>\n<div class=\"pvc_clear\"><\/div>\n<p>\u2022&nbsp;El Deseo de Navidad, es el nombre del musical que Go, go Gallo Pipe ha preparado, para su gira nacional<\/p>\n","protected":false},"author":1,"featured_media":53398,"comment_status":"open","ping_status":"open","sticky":false,"template":"","format":"standard","meta":{"colormag_page_container_layout":"default_layout","colormag_page_sidebar_layout":"default_layout","footnotes":""},"categories":[86],"tags":[6791],"class_list":["post-53397","post","type-post","status-publish","format-standard","has-post-thumbnail","hentry","category-panoramas","tag-musical"],"a3_pvc":{"activated":true,"total_views":1109,"today_views":0},"_links":{"self":[{"href":"https:\/\/temucotelevision.cl\/web\/wp-json\/wp\/v2\/posts\/53397","targetHints":{"allow":["GET"]}}],"collection":[{"href":"https:\/\/temucotelevision.cl\/web\/wp-json\/wp\/v2\/posts"}],"about":[{"href":"https:\/\/temucotelevision.cl\/web\/wp-json\/wp\/v2\/types\/post"}],"author":[{"embeddable":true,"href":"https:\/\/temucotelevision.cl\/web\/wp-json\/wp\/v2\/users\/1"}],"replies":[{"embeddable":true,"href":"https:\/\/temucotelevision.cl\/web\/wp-json\/wp\/v2\/comments?post=53397"}],"version-history":[{"count":2,"href":"https:\/\/temucotelevision.cl\/web\/wp-json\/wp\/v2\/posts\/53397\/revisions"}],"predecessor-version":[{"id":53401,"href":"https:\/\/temucotelevision.cl\/web\/wp-json\/wp\/v2\/posts\/53397\/revisions\/53401"}],"wp:featuredmedia":[{"embeddable":true,"href":"https:\/\/temucotelevision.cl\/web\/wp-json\/wp\/v2\/media\/53398"}],"wp:attachment":[{"href":"https:\/\/temucotelevision.cl\/web\/wp-json\/wp\/v2\/media?parent=53397"}],"wp:term":[{"taxonomy":"category","embeddable":true,"href":"https:\/\/temucotelevision.cl\/web\/wp-json\/wp\/v2\/categories?post=53397"},{"taxonomy":"post_tag","embeddable":true,"href":"https:\/\/temucotelevision.cl\/web\/wp-json\/wp\/v2\/tags?post=53397"}],"curies":[{"name":"wp","href":"https:\/\/api.w.org\/{rel}","templated":true}]}}