{"id":53351,"date":"2024-11-03T13:13:30","date_gmt":"2024-11-03T16:13:30","guid":{"rendered":"https:\/\/temucotelevision.cl\/web\/?p=53351"},"modified":"2024-11-03T13:13:31","modified_gmt":"2024-11-03T16:13:31","slug":"gastronomia-y-turismo-se-unen-en-la-expo-sabores-pucon-2024-con-actores-chefs-y-emprendedores-del-sur","status":"publish","type":"post","link":"https:\/\/temucotelevision.cl\/web\/2024\/11\/03\/gastronomia-y-turismo-se-unen-en-la-expo-sabores-pucon-2024-con-actores-chefs-y-emprendedores-del-sur\/","title":{"rendered":"Gastronom\u00eda y turismo se unen en la Expo Sabores Puc\u00f3n 2024, con actores, chefs y emprendedores del Sur"},"content":{"rendered":"<div class=\"pvc_clear\"><\/div><p id=\"pvc_stats_53351\" class=\"pvc_stats total_only  \" data-element-id=\"53351\" style=\"\"><i class=\"pvc-stats-icon large\" aria-hidden=\"true\"><svg aria-hidden=\"true\" focusable=\"false\" data-prefix=\"far\" data-icon=\"chart-bar\" role=\"img\" xmlns=\"http:\/\/www.w3.org\/2000\/svg\" viewBox=\"0 0 512 512\" class=\"svg-inline--fa fa-chart-bar fa-w-16 fa-2x\"><path fill=\"currentColor\" d=\"M396.8 352h22.4c6.4 0 12.8-6.4 12.8-12.8V108.8c0-6.4-6.4-12.8-12.8-12.8h-22.4c-6.4 0-12.8 6.4-12.8 12.8v230.4c0 6.4 6.4 12.8 12.8 12.8zm-192 0h22.4c6.4 0 12.8-6.4 12.8-12.8V140.8c0-6.4-6.4-12.8-12.8-12.8h-22.4c-6.4 0-12.8 6.4-12.8 12.8v198.4c0 6.4 6.4 12.8 12.8 12.8zm96 0h22.4c6.4 0 12.8-6.4 12.8-12.8V204.8c0-6.4-6.4-12.8-12.8-12.8h-22.4c-6.4 0-12.8 6.4-12.8 12.8v134.4c0 6.4 6.4 12.8 12.8 12.8zM496 400H48V80c0-8.84-7.16-16-16-16H16C7.16 64 0 71.16 0 80v336c0 17.67 14.33 32 32 32h464c8.84 0 16-7.16 16-16v-16c0-8.84-7.16-16-16-16zm-387.2-48h22.4c6.4 0 12.8-6.4 12.8-12.8v-70.4c0-6.4-6.4-12.8-12.8-12.8h-22.4c-6.4 0-12.8 6.4-12.8 12.8v70.4c0 6.4 6.4 12.8 12.8 12.8z\" class=\"\"><\/path><\/svg><\/i> <img loading=\"lazy\" decoding=\"async\" width=\"16\" height=\"16\" alt=\"Loading\" src=\"https:\/\/temucotelevision.cl\/web\/wp-content\/plugins\/page-views-count\/ajax-loader-2x.gif\" border=0 \/><\/p><div class=\"pvc_clear\"><\/div>\n<p><strong>CON MASTERCLASS CULINARIA DEL RECONOCIDO ACTOR \u00c1LVARO MORALES SE DIO INICIO A LA EXPOSABORES PUC\u00d3N 2024<\/strong><\/p>\n\n\n\n<p><em>En su und\u00e9cima edici\u00f3n, el Hotel Enjoy recibi\u00f3 a 80 expositores, adem\u00e1s de talles de productos gourmet, catas de vino y cerveza y clases de cocina y reposter\u00eda en vivo, para ni\u00f1os y adultos.<\/em><\/p>\n\n\n\n<p>Desde este viernes y durante todo el fin de semana se desarrollar\u00e1 la \u201cExpo Sabores Puc\u00f3n 2024\u201d. En su XI versi\u00f3n, el evento gastron\u00f3mico m\u00e1s importante de la gastronom\u00eda del sur de Chile re\u00fane a destacados chefs de todo el pa\u00eds, adem\u00e1s de 80 expositores, clases de cocina en vivo frente al lago Villarrica, talleres de productos Gourmet, catas de vino, cerveza y gin artesanales, clases al aire libre para ni\u00f1os, entre otras novedades para toda la familia.<\/p>\n\n\n\n<p>El evento culinario que es organizado por la Agrupaci\u00f3n Puc\u00f3n Chef en colaboraci\u00f3n con la C\u00e1mara de Turismo de Neuqu\u00e9n cuenta con el apoyo del Gobierno Regional, a trav\u00e9s de la Corporaci\u00f3n Desarrolla Araucan\u00eda. Por ello, fue el propio gobernador regional y presidente de la Corporaci\u00f3n, Luciano Rivas, qui\u00e9n lider\u00f3 la ceremonia de lanzamiento, ocasi\u00f3n en la que reconoci\u00f3 el trabajo realizado por los organizadores y por los emprendedores que llegaron al Hotel Enjoy Puc\u00f3n para mostrar lo m\u00e1s destacado de sus productos,&nbsp;<em>\u201ceste es uno de los focos m\u00e1s importantes en los que nuestro Gobierno Regional ha trabajado, y son m\u00e1s de 25 mil los emprendedores que hemos apoyado, y hoy estamos posicionando a Puc\u00f3n como la capital de la gastronom\u00eda del sur de Chile, en este ya tradicional evento que permite romper con la estacionalidad\u201d.<\/em><\/p>\n\n\n\n<p>\u201c<em>Entendemos que estos son los espacios en que el turismo se desarrolla, espacios que adem\u00e1s, permiten otorgar una importante ventana de visibilizaci\u00f3n a nuestros emprendedores, generando un c\u00edrculo virtuoso que permite impulsar nuestra Araucan\u00eda y, por sobre todo, nos permite generar un turismo que es de intereses especiales\u201d,<\/em>&nbsp;plante\u00f3 el Gobernador Rivas, quien comparti\u00f3 con el alcalde electo, Sebasti\u00e1n \u00c1lvarez de una masterclass de prepsaraci\u00f3n de pizza, dictada por el reconocido actor de televisi\u00f3n \u00c1lvaro Morales &#8211; quien lleg\u00f3 junto a su emprendimiento de pizzas \u201cRica rica\u201d hasta el patio de comidas del evento &#8211; y el afamado chef Yann Yvin.<\/p>\n\n\n\n<p>Para el presidente de Puc\u00f3n Chef, \u00c1lvaro Sep\u00falveda,&nbsp;<em>\u201clo que nos mueve es poder potenciar y poner en valor la gastronom\u00eda local, chilena, y poder dar un nicho, un espacio en donde los emprendedores puedan vender sus productos. Eso va de la mano con todas las clases de cocina y gastronom\u00eda<\/em>\u201d, para atraer a\u00fan m\u00e1s a los turistas que durante el fin de semana largo llegaron de manera masiva a la zona lacustre.<\/p>\n\n\n\n<p>El dirigente destac\u00f3 el apoyo del Gobierno regional para realizar el evento y gestionar los espacios y servicios. Adem\u00e1s, a\u00f1adi\u00f3 que hace tres a\u00f1os se encuentran estrechando v\u00ednculos con sus pares de San Mart\u00edn de Los Andes, para dar vida a un corredor bioce\u00e1nico de la gastronom\u00eda, uniendo a Puc\u00f3n con Neuqu\u00e9n, Villa Pehuenia y otras localidades trasandinas vecinas a La Araucan\u00eda, que tambi\u00e9n llegaron a exponer sus productos.<\/p>\n\n\n\n<p>El reci\u00e9n electo alcalde de Puc\u00f3n, Sebasti\u00e1n \u00c1lvarez, reconoci\u00f3 que&nbsp;<em>\u201cestamos muy contentos, porque un destino tur\u00edstico debe tener identidad gastron\u00f3mica. Eso le da car\u00e1cter, fuerza y genera atracci\u00f3n. Y eventos como este, fuera de temporada alta, son el motivo por el que los turistas nos visitan y pueden venir a disfrutar de todo lo que ofrece Puc\u00f3n, y le dan una identidad a toda La Araucan\u00eda\u201d.<\/em><\/p>\n\n\n\n<p>El futuro jefe comunal anunci\u00f3 que, como municipalidad&nbsp;<em>\u201cvamos a vincular el mundo tur\u00edstico, los hoteles y restaurantes con los productores locales, y vamos a entregar un reconocimiento a los hoteles y restaurants que compren productos que sean producidos por emprendedores locales\u201d.<\/em><\/p>\n\n\n\n<p>La Exposabores Puc\u00f3n 2024, de libre acceso al p\u00fablico, se extender\u00e1 hasta este domingo, para mostrar lo mejor de las preparaciones gastron\u00f3micas de la zona sur del Chile y Argentina.<\/p>\n","protected":false},"excerpt":{"rendered":"<div class=\"pvc_clear\"><\/div>\n<p id=\"pvc_stats_53351\" class=\"pvc_stats total_only  \" data-element-id=\"53351\" style=\"\"><i class=\"pvc-stats-icon large\" aria-hidden=\"true\"><svg aria-hidden=\"true\" focusable=\"false\" data-prefix=\"far\" data-icon=\"chart-bar\" role=\"img\" xmlns=\"http:\/\/www.w3.org\/2000\/svg\" viewBox=\"0 0 512 512\" class=\"svg-inline--fa fa-chart-bar fa-w-16 fa-2x\"><path fill=\"currentColor\" d=\"M396.8 352h22.4c6.4 0 12.8-6.4 12.8-12.8V108.8c0-6.4-6.4-12.8-12.8-12.8h-22.4c-6.4 0-12.8 6.4-12.8 12.8v230.4c0 6.4 6.4 12.8 12.8 12.8zm-192 0h22.4c6.4 0 12.8-6.4 12.8-12.8V140.8c0-6.4-6.4-12.8-12.8-12.8h-22.4c-6.4 0-12.8 6.4-12.8 12.8v198.4c0 6.4 6.4 12.8 12.8 12.8zm96 0h22.4c6.4 0 12.8-6.4 12.8-12.8V204.8c0-6.4-6.4-12.8-12.8-12.8h-22.4c-6.4 0-12.8 6.4-12.8 12.8v134.4c0 6.4 6.4 12.8 12.8 12.8zM496 400H48V80c0-8.84-7.16-16-16-16H16C7.16 64 0 71.16 0 80v336c0 17.67 14.33 32 32 32h464c8.84 0 16-7.16 16-16v-16c0-8.84-7.16-16-16-16zm-387.2-48h22.4c6.4 0 12.8-6.4 12.8-12.8v-70.4c0-6.4-6.4-12.8-12.8-12.8h-22.4c-6.4 0-12.8 6.4-12.8 12.8v70.4c0 6.4 6.4 12.8 12.8 12.8z\" class=\"\"><\/path><\/svg><\/i> <img loading=\"lazy\" decoding=\"async\" width=\"16\" height=\"16\" alt=\"Loading\" src=\"https:\/\/temucotelevision.cl\/web\/wp-content\/plugins\/page-views-count\/ajax-loader-2x.gif\" border=0 \/><\/p>\n<div class=\"pvc_clear\"><\/div>\n<p>CON MASTERCLASS CULINARIA DEL RECONOCIDO ACTOR \u00c1LVARO MORALES SE DIO INICIO A LA EXPOSABORES PUC\u00d3N 2024 En su und\u00e9cima edici\u00f3n,<\/p>\n","protected":false},"author":1,"featured_media":53352,"comment_status":"open","ping_status":"open","sticky":false,"template":"","format":"standard","meta":{"colormag_page_container_layout":"default_layout","colormag_page_sidebar_layout":"default_layout","footnotes":""},"categories":[15,86],"tags":[7158],"class_list":["post-53351","post","type-post","status-publish","format-standard","has-post-thumbnail","hentry","category-la-araucania","category-panoramas","tag-exposabores"],"a3_pvc":{"activated":true,"total_views":1766,"today_views":0},"_links":{"self":[{"href":"https:\/\/temucotelevision.cl\/web\/wp-json\/wp\/v2\/posts\/53351","targetHints":{"allow":["GET"]}}],"collection":[{"href":"https:\/\/temucotelevision.cl\/web\/wp-json\/wp\/v2\/posts"}],"about":[{"href":"https:\/\/temucotelevision.cl\/web\/wp-json\/wp\/v2\/types\/post"}],"author":[{"embeddable":true,"href":"https:\/\/temucotelevision.cl\/web\/wp-json\/wp\/v2\/users\/1"}],"replies":[{"embeddable":true,"href":"https:\/\/temucotelevision.cl\/web\/wp-json\/wp\/v2\/comments?post=53351"}],"version-history":[{"count":1,"href":"https:\/\/temucotelevision.cl\/web\/wp-json\/wp\/v2\/posts\/53351\/revisions"}],"predecessor-version":[{"id":53353,"href":"https:\/\/temucotelevision.cl\/web\/wp-json\/wp\/v2\/posts\/53351\/revisions\/53353"}],"wp:featuredmedia":[{"embeddable":true,"href":"https:\/\/temucotelevision.cl\/web\/wp-json\/wp\/v2\/media\/53352"}],"wp:attachment":[{"href":"https:\/\/temucotelevision.cl\/web\/wp-json\/wp\/v2\/media?parent=53351"}],"wp:term":[{"taxonomy":"category","embeddable":true,"href":"https:\/\/temucotelevision.cl\/web\/wp-json\/wp\/v2\/categories?post=53351"},{"taxonomy":"post_tag","embeddable":true,"href":"https:\/\/temucotelevision.cl\/web\/wp-json\/wp\/v2\/tags?post=53351"}],"curies":[{"name":"wp","href":"https:\/\/api.w.org\/{rel}","templated":true}]}}