{"id":53344,"date":"2024-11-02T22:24:24","date_gmt":"2024-11-03T01:24:24","guid":{"rendered":"https:\/\/temucotelevision.cl\/web\/?p=53344"},"modified":"2024-11-02T22:24:24","modified_gmt":"2024-11-03T01:24:24","slug":"primera-estatua-en-honor-a-la-biblia-en-la-araucania-es-inaugurada-en-pitrufquen","status":"publish","type":"post","link":"https:\/\/temucotelevision.cl\/web\/2024\/11\/02\/primera-estatua-en-honor-a-la-biblia-en-la-araucania-es-inaugurada-en-pitrufquen\/","title":{"rendered":"Primera estatua en honor a la Biblia en La Araucan\u00eda es inaugurada en Pitrufqu\u00e9n"},"content":{"rendered":"<div class=\"pvc_clear\"><\/div><p id=\"pvc_stats_53344\" class=\"pvc_stats total_only  \" data-element-id=\"53344\" style=\"\"><i class=\"pvc-stats-icon large\" aria-hidden=\"true\"><svg aria-hidden=\"true\" focusable=\"false\" data-prefix=\"far\" data-icon=\"chart-bar\" role=\"img\" xmlns=\"http:\/\/www.w3.org\/2000\/svg\" viewBox=\"0 0 512 512\" class=\"svg-inline--fa fa-chart-bar fa-w-16 fa-2x\"><path fill=\"currentColor\" d=\"M396.8 352h22.4c6.4 0 12.8-6.4 12.8-12.8V108.8c0-6.4-6.4-12.8-12.8-12.8h-22.4c-6.4 0-12.8 6.4-12.8 12.8v230.4c0 6.4 6.4 12.8 12.8 12.8zm-192 0h22.4c6.4 0 12.8-6.4 12.8-12.8V140.8c0-6.4-6.4-12.8-12.8-12.8h-22.4c-6.4 0-12.8 6.4-12.8 12.8v198.4c0 6.4 6.4 12.8 12.8 12.8zm96 0h22.4c6.4 0 12.8-6.4 12.8-12.8V204.8c0-6.4-6.4-12.8-12.8-12.8h-22.4c-6.4 0-12.8 6.4-12.8 12.8v134.4c0 6.4 6.4 12.8 12.8 12.8zM496 400H48V80c0-8.84-7.16-16-16-16H16C7.16 64 0 71.16 0 80v336c0 17.67 14.33 32 32 32h464c8.84 0 16-7.16 16-16v-16c0-8.84-7.16-16-16-16zm-387.2-48h22.4c6.4 0 12.8-6.4 12.8-12.8v-70.4c0-6.4-6.4-12.8-12.8-12.8h-22.4c-6.4 0-12.8 6.4-12.8 12.8v70.4c0 6.4 6.4 12.8 12.8 12.8z\" class=\"\"><\/path><\/svg><\/i> <img loading=\"lazy\" decoding=\"async\" width=\"16\" height=\"16\" alt=\"Loading\" src=\"https:\/\/temucotelevision.cl\/web\/wp-content\/plugins\/page-views-count\/ajax-loader-2x.gif\" border=0 \/><\/p><div class=\"pvc_clear\"><\/div>\n<p>En el marco del D\u00eda Nacional de las Iglesias Evang\u00e9licas y Protestantes, se inaugur\u00f3 en la comuna de Pitrufqu\u00e9n el primer monumento a la Biblia de la regi\u00f3n.&nbsp;<\/p>\n\n\n\n<p>Este memorial ubicado frente al municipio local, en el centro en el bandej\u00f3n central de la Avenida Francisco Bilbao, surge de una iniciativa del Consejo Comunal de Pastores en el marco del 19\u00b0 aniversario del D\u00eda Nacional de las Iglesias Evang\u00e9licas y Protestantes , representado por su Pastor Presidente, Jaime Esparza, ofrendada por la empresa constructora Elisur y su gerente Guido Gonz\u00e1lez, contando con el apoyo de la Municipalidad, a trav\u00e9s de su Alcaldesa Jacqueline Romero.&nbsp;<\/p>\n\n\n\n<p>La actividad de inauguraci\u00f3n cont\u00f3 con la presencia de los concejales Pedro Lizama y Valeria Brun; la Asesora Regional de Asuntos Religiosos, Mahara Sleiman; la Encargada de la Oficina Municipal de Asuntos Religiosos, Ana Mar\u00eda Tapia, equipos municipales, Bomberos; Cruz Roja; Gendarmer\u00eda; autoridades electas.<\/p>\n\n\n\n<p>Adem\u00e1s, el evento fue acompa\u00f1ado por el Coro de la Iglesia del Se\u00f1or y el Coro Polif\u00f3nico de la Segunda Iglesia Alianza Cristiana y Misionera de Temuco, que presentaron distintos himnos y alabanzas en este significativo momento.<\/p>\n\n\n\n<p>Con la inscripci\u00f3n \u201cPorque hay un solo Dios, y un solo mediador entre Dios y los hombres, Jesucristo hombre, el cual se dio asimismo en rescate por todos, de lo cual se dio testimonio a su debido tiempo. (Primero de Timoteo vers\u00edculos 2, 5 y 6)\u201d, las iglesias evang\u00e9licas de la comuna dan un regalo a la ciudad en referencia al legado que la Biblia ha dejado a la poblaci\u00f3n y su desarrollo.<\/p>\n\n\n\n<p>Para la alcaldesa Jacqueline Romero la entrega de este patrimonio le da un nuevo sello a la comuna. \u201cMe siento muy bendecida por colaborar con este grano de arena para instalar este memorial, pero adem\u00e1s apoyar al Pueblo Cristiano de nuestra comuna quienes destacan por su fe, fuerza y esperanza\u201d, se\u00f1al\u00f3.<\/p>\n\n\n\n<p>En tanto, desde el Concejo Comunal de Pastores, se afirm\u00f3 que este memorial \u201cresulta un punto importante para la historia de la comuna por cuanto se marca, por primera vez, la presencia de la Biblia; un testimonio de nuevos tiempos para toda la sociedad que todos debemos atender y escuchar\u201d, se\u00f1alaron.<\/p>\n","protected":false},"excerpt":{"rendered":"<div class=\"pvc_clear\"><\/div>\n<p id=\"pvc_stats_53344\" class=\"pvc_stats total_only  \" data-element-id=\"53344\" style=\"\"><i class=\"pvc-stats-icon large\" aria-hidden=\"true\"><svg aria-hidden=\"true\" focusable=\"false\" data-prefix=\"far\" data-icon=\"chart-bar\" role=\"img\" xmlns=\"http:\/\/www.w3.org\/2000\/svg\" viewBox=\"0 0 512 512\" class=\"svg-inline--fa fa-chart-bar fa-w-16 fa-2x\"><path fill=\"currentColor\" d=\"M396.8 352h22.4c6.4 0 12.8-6.4 12.8-12.8V108.8c0-6.4-6.4-12.8-12.8-12.8h-22.4c-6.4 0-12.8 6.4-12.8 12.8v230.4c0 6.4 6.4 12.8 12.8 12.8zm-192 0h22.4c6.4 0 12.8-6.4 12.8-12.8V140.8c0-6.4-6.4-12.8-12.8-12.8h-22.4c-6.4 0-12.8 6.4-12.8 12.8v198.4c0 6.4 6.4 12.8 12.8 12.8zm96 0h22.4c6.4 0 12.8-6.4 12.8-12.8V204.8c0-6.4-6.4-12.8-12.8-12.8h-22.4c-6.4 0-12.8 6.4-12.8 12.8v134.4c0 6.4 6.4 12.8 12.8 12.8zM496 400H48V80c0-8.84-7.16-16-16-16H16C7.16 64 0 71.16 0 80v336c0 17.67 14.33 32 32 32h464c8.84 0 16-7.16 16-16v-16c0-8.84-7.16-16-16-16zm-387.2-48h22.4c6.4 0 12.8-6.4 12.8-12.8v-70.4c0-6.4-6.4-12.8-12.8-12.8h-22.4c-6.4 0-12.8 6.4-12.8 12.8v70.4c0 6.4 6.4 12.8 12.8 12.8z\" class=\"\"><\/path><\/svg><\/i> <img loading=\"lazy\" decoding=\"async\" width=\"16\" height=\"16\" alt=\"Loading\" src=\"https:\/\/temucotelevision.cl\/web\/wp-content\/plugins\/page-views-count\/ajax-loader-2x.gif\" border=0 \/><\/p>\n<div class=\"pvc_clear\"><\/div>\n<p>En el marco del D\u00eda Nacional de las Iglesias Evang\u00e9licas y Protestantes, se inaugur\u00f3 en la comuna de Pitrufqu\u00e9n el<\/p>\n","protected":false},"author":1,"featured_media":53345,"comment_status":"open","ping_status":"open","sticky":false,"template":"","format":"standard","meta":{"colormag_page_container_layout":"default_layout","colormag_page_sidebar_layout":"default_layout","footnotes":""},"categories":[101],"tags":[7156],"class_list":["post-53344","post","type-post","status-publish","format-standard","has-post-thumbnail","hentry","category-actualidad","tag-biblia"],"a3_pvc":{"activated":true,"total_views":8718,"today_views":0},"_links":{"self":[{"href":"https:\/\/temucotelevision.cl\/web\/wp-json\/wp\/v2\/posts\/53344","targetHints":{"allow":["GET"]}}],"collection":[{"href":"https:\/\/temucotelevision.cl\/web\/wp-json\/wp\/v2\/posts"}],"about":[{"href":"https:\/\/temucotelevision.cl\/web\/wp-json\/wp\/v2\/types\/post"}],"author":[{"embeddable":true,"href":"https:\/\/temucotelevision.cl\/web\/wp-json\/wp\/v2\/users\/1"}],"replies":[{"embeddable":true,"href":"https:\/\/temucotelevision.cl\/web\/wp-json\/wp\/v2\/comments?post=53344"}],"version-history":[{"count":1,"href":"https:\/\/temucotelevision.cl\/web\/wp-json\/wp\/v2\/posts\/53344\/revisions"}],"predecessor-version":[{"id":53346,"href":"https:\/\/temucotelevision.cl\/web\/wp-json\/wp\/v2\/posts\/53344\/revisions\/53346"}],"wp:featuredmedia":[{"embeddable":true,"href":"https:\/\/temucotelevision.cl\/web\/wp-json\/wp\/v2\/media\/53345"}],"wp:attachment":[{"href":"https:\/\/temucotelevision.cl\/web\/wp-json\/wp\/v2\/media?parent=53344"}],"wp:term":[{"taxonomy":"category","embeddable":true,"href":"https:\/\/temucotelevision.cl\/web\/wp-json\/wp\/v2\/categories?post=53344"},{"taxonomy":"post_tag","embeddable":true,"href":"https:\/\/temucotelevision.cl\/web\/wp-json\/wp\/v2\/tags?post=53344"}],"curies":[{"name":"wp","href":"https:\/\/api.w.org\/{rel}","templated":true}]}}